{"id":50,"date":"2007-02-08T07:38:54","date_gmt":"2007-02-08T06:38:54","guid":{"rendered":"http:\/\/alexismonville.wordpress.com\/2007\/02\/08\/idabc-oss-event-2007\/"},"modified":"2007-02-08T07:38:54","modified_gmt":"2007-02-08T06:38:54","slug":"idabc-oss-event-2007","status":"publish","type":"post","link":"https:\/\/blog-alexis.monville.com\/en\/2007\/02\/08\/idabc-oss-event-2007\/","title":{"rendered":"IDABC OSS Event 2007"},"content":{"rendered":"<p class=\"bgClairIn\">J&#8217;ai particip\u00e9 \u00e0 la r\u00e9union du groupe d\u2019experts europ\u00e9ens IDABC sur les logiciels libres qui \u00e9tait consacr\u00e9e \u00e0 <acronym title=\"Open Source Observatory and Repository\">OSOR<\/acronym>.<\/p>\n<p style=\"text-align:justify\" class=\"spip\">La r\u00e9union \u00e9tait pr\u00e9sid\u00e9e par le Directeur G\u00e9n\u00e9ral de la DIGIT, Francisco Garcia Moran, auquel le programme IDABC est nouvellement attach\u00e9.<\/p>\n<p style=\"text-align:justify\" class=\"spip\">L\u2019occasion de faire le point sur l\u2019avancement de l\u2019\u00e9tude de faisabilit\u00e9 du projet <acronym title=\"Open Source Observatory and Repository\">OSOR<\/acronym> et de recueillir les besoins des \u00e9tats membres.<\/p>\n<p style=\"text-align:justify\" class=\"spip\">J&#8217;ai <a href=\"http:\/\/www.slideshare.net\/alexis\/admisource-french-egovernment-forge\" target=\"_blank\" title=\"La pr\u00e9sentation sur slideshare.net\">pr\u00e9sent\u00e9 <\/a>la d\u00e9marche de mutualisation de la France autour du Sch\u00e9ma Directeur <acronym title=\"Administration Electronique\">ADELE<\/acronym> et des outils d\u2019ADELE (Synergies, Ateliers et AdmiSource) en insistant sur les difficult\u00e9s rencontr\u00e9es (et donc les besoins et attentes par rapport au projet OSOR).<\/p>\n<p><a href=\"http:\/\/ec.europa.eu\/idabc\/en\/document\/6425\">Plus d&#8217;info \u00e0 venir ici<\/a><\/p>\n<p><span class=\"dateformat\"><\/span><\/p>\n","protected":false},"excerpt":{"rendered":"<p>J&#8217;ai particip\u00e9 \u00e0 la r\u00e9union du groupe d\u2019experts europ\u00e9ens IDABC sur les logiciels libres qui \u00e9tait consacr\u00e9e \u00e0 OSOR. La r\u00e9union \u00e9tait pr\u00e9sid\u00e9e par le Directeur G\u00e9n\u00e9ral de la DIGIT, Francisco Garcia Moran, auquel le programme IDABC est nouvellement attach\u00e9. L\u2019occasion de faire le point sur l\u2019avancement de l\u2019\u00e9tude de faisabilit\u00e9 du projet OSOR et [&hellip;]<\/p>\n","protected":false},"author":1,"featured_media":0,"comment_status":"open","ping_status":"open","sticky":false,"template":"","format":"standard","meta":{"advanced_seo_description":"","jetpack_seo_html_title":"","jetpack_seo_noindex":false,"jetpack_post_was_ever_published":false,"_jetpack_newsletter_access":"","_jetpack_dont_email_post_to_subs":false,"_jetpack_newsletter_tier_id":0,"_jetpack_memberships_contains_paywalled_content":false,"_jetpack_memberships_contains_paid_content":false,"footnotes":""},"categories":[12,7,8],"tags":[276],"class_list":["post-50","post","type-post","status-publish","format-standard","hentry","category-europe","category-international","category-interventions","tag-logiciel-libre"],"jetpack_featured_media_url":"","jetpack_shortlink":"https:\/\/wp.me\/paNjQG-O","jetpack-related-posts":[{"id":60,"url":"https:\/\/blog-alexis.monville.com\/en\/2007\/04\/26\/idabc-oss-expert-group-meeting\/","url_meta":{"origin":50,"position":0},"title":"IDABC &#8211; OSS Expert Group meeting","author":"Alexis","date":"April 26, 2007","format":false,"excerpt":"R\u00e9union du groupe experts logiciels libres - Commission europ\u00e9enne -IDABC 26 avril 2007 - Bruxelles J'ai repr\u00e9sent\u00e9 la France lors de cette r\u00e9union organis\u00e9e par la commission europ\u00e9enne. Deux points essentiels : les travaux sur la mise en place de l'Open Source Observatory and Repository (OSOR) et les traductions de\u2026","rel":"","context":"In &quot;Europe&quot;","block_context":{"text":"Europe","link":"https:\/\/blog-alexis.monville.com\/en\/category\/international\/europe\/"},"img":{"alt_text":"","src":"","width":0,"height":0},"classes":[]},{"id":71,"url":"https:\/\/blog-alexis.monville.com\/en\/2007\/07\/05\/idabc-oss-expert-group-meeting-2\/","url_meta":{"origin":50,"position":1},"title":"IDABC &#8211; OSS Expert Group meeting","author":"Alexis","date":"July 5, 2007","format":false,"excerpt":"R\u00e9union du groupe experts de la commission europ\u00e9enne IDABC logiciels libres \u00e0 Bruxelles le 27 juin 2007. Cette r\u00e9union avait pour th\u00e8me principal, la pr\u00e9sentation de l'\u00e9tude de faisabilit\u00e9 du projet OSOR (Open Source Observatory and Repository). L'\u00e9tude de faisabilit\u00e9 montre les enjeux, les besoins des diff\u00e9rents \u00e9tats membres, pour\u2026","rel":"","context":"In &quot;Europe&quot;","block_context":{"text":"Europe","link":"https:\/\/blog-alexis.monville.com\/en\/category\/international\/europe\/"},"img":{"alt_text":"","src":"","width":0,"height":0},"classes":[]},{"id":30,"url":"https:\/\/blog-alexis.monville.com\/en\/2006\/09\/28\/idabc-%e2%80%93-reunion-du-groupe-dexperts-europeen-open-source\/","url_meta":{"origin":50,"position":2},"title":"IDABC \u2013 R\u00e9union du Groupe Europ\u00e9en des Experts Open Source","author":"Alexis","date":"September 28, 2006","format":false,"excerpt":"R\u00e9union du groupe europ\u00e9en des experts Open Source organis\u00e9e par la commission europ\u00e9enne \u00e0 Bruxelles. Lancement de l'\u00e9tude de faisabilit\u00e9 de l'Open Source Observatory and Repository (OSOR) avec la pr\u00e9sentation du Consortium : UNISYS, UNU-MERIT (United Nations University, GOPA-Catermill, URJC Universidad Roy Juan Carlos. En attendant, consultez l'Open Source Observatory.\u2026","rel":"","context":"In &quot;Europe&quot;","block_context":{"text":"Europe","link":"https:\/\/blog-alexis.monville.com\/en\/category\/international\/europe\/"},"img":{"alt_text":"","src":"","width":0,"height":0},"classes":[]},{"id":8,"url":"https:\/\/blog-alexis.monville.com\/en\/2006\/04\/11\/europe-reunion-des-experts-open-source-prague\/","url_meta":{"origin":50,"position":3},"title":"Europe &#8211; R\u00e9union des Experts Open Source &#8211; Prague","author":"Alexis","date":"April 11, 2006","format":false,"excerpt":"Le th\u00e8me de la r\u00e9union \u00e9tait : Implementing Open Source Software in Public Administrations: Problems and Solutions The one-day-workshop's programme focussed on two areas: The legal context: how to handle licence problems when producing customized software for administrations. How to procure OSS: presentation and discussions on the basis of the\u2026","rel":"","context":"In &quot;Europe&quot;","block_context":{"text":"Europe","link":"https:\/\/blog-alexis.monville.com\/en\/category\/international\/europe\/"},"img":{"alt_text":"","src":"","width":0,"height":0},"classes":[]},{"id":43,"url":"https:\/\/blog-alexis.monville.com\/en\/2006\/11\/27\/idabc-%e2%80%93-reunion-du-groupe-europeen-des-experts-open-source\/","url_meta":{"origin":50,"position":4},"title":"IDABC \u2013 R\u00e9union du Groupe Europ\u00e9en des Experts Open Source","author":"Alexis","date":"November 27, 2006","format":false,"excerpt":"R\u00e9union du groupe europ\u00e9en des experts Open Source organis\u00e9e par la commission europ\u00e9enne \u00e0 Bruxelles. Consultation dans le cadre de l\u2019\u00e9tude de faisabilit\u00e9 de l\u2019Open Source Observatory and Repository (OSOR), pr\u00e9sentation de l'exp\u00e9rience de l'\u00e9tat (Synergies, AdmiSource...), mais aussi de l'Adullact et Objectweb. Pr\u00e9sentation de l'exp\u00e9rience espagnole avec les pr\u00e9sentations\u2026","rel":"","context":"In &quot;Europe&quot;","block_context":{"text":"Europe","link":"https:\/\/blog-alexis.monville.com\/en\/category\/international\/europe\/"},"img":{"alt_text":"","src":"","width":0,"height":0},"classes":[]},{"id":142,"url":"https:\/\/blog-alexis.monville.com\/en\/2008\/09\/08\/osor\/","url_meta":{"origin":50,"position":5},"title":"OSOR","author":"Alexis","date":"September 8, 2008","format":false,"excerpt":"L'acronyme OSOR signifie Open Source Observatory and Repository. Il s'agit d'un site d'information et de partage de logiciel sous licence libre promu par la Commission Europ\u00e9enne. Il est accessible \u00e0 l'adresse : osor.eu Il reste quelques jours pour s'inscrire au lancement du site qui aura lieu \u00e0 Malaga lors de\u2026","rel":"","context":"In &quot;Europe&quot;","block_context":{"text":"Europe","link":"https:\/\/blog-alexis.monville.com\/en\/category\/international\/europe\/"},"img":{"alt_text":"","src":"","width":0,"height":0},"classes":[]}],"jetpack_sharing_enabled":true,"_links":{"self":[{"href":"https:\/\/blog-alexis.monville.com\/en\/wp-json\/wp\/v2\/posts\/50","targetHints":{"allow":["GET"]}}],"collection":[{"href":"https:\/\/blog-alexis.monville.com\/en\/wp-json\/wp\/v2\/posts"}],"about":[{"href":"https:\/\/blog-alexis.monville.com\/en\/wp-json\/wp\/v2\/types\/post"}],"author":[{"embeddable":true,"href":"https:\/\/blog-alexis.monville.com\/en\/wp-json\/wp\/v2\/users\/1"}],"replies":[{"embeddable":true,"href":"https:\/\/blog-alexis.monville.com\/en\/wp-json\/wp\/v2\/comments?post=50"}],"version-history":[{"count":0,"href":"https:\/\/blog-alexis.monville.com\/en\/wp-json\/wp\/v2\/posts\/50\/revisions"}],"wp:attachment":[{"href":"https:\/\/blog-alexis.monville.com\/en\/wp-json\/wp\/v2\/media?parent=50"}],"wp:term":[{"taxonomy":"category","embeddable":true,"href":"https:\/\/blog-alexis.monville.com\/en\/wp-json\/wp\/v2\/categories?post=50"},{"taxonomy":"post_tag","embeddable":true,"href":"https:\/\/blog-alexis.monville.com\/en\/wp-json\/wp\/v2\/tags?post=50"}],"curies":[{"name":"wp","href":"https:\/\/api.w.org\/{rel}","templated":true}]}}