{"id":499,"date":"2009-04-27T09:08:08","date_gmt":"2009-04-27T07:08:08","guid":{"rendered":"https:\/\/blog-alexis.monville.com\/?p=499"},"modified":"2009-04-27T09:08:08","modified_gmt":"2009-04-27T07:08:08","slug":"ivan-sigg-art-postal","status":"publish","type":"post","link":"https:\/\/blog-alexis.monville.com\/en\/2009\/04\/27\/ivan-sigg-art-postal\/","title":{"rendered":"Art Postal"},"content":{"rendered":"<p><img data-recalc-dims=\"1\" loading=\"lazy\" decoding=\"async\" data-attachment-id=\"500\" data-permalink=\"https:\/\/blog-alexis.monville.com\/en\/2009\/04\/27\/ivan-sigg-art-postal\/art-postal-ivan-sigg-p\/\" data-orig-file=\"https:\/\/i0.wp.com\/blog-alexis.monville.com\/en\/wp-content\/uploads\/sites\/2\/2009\/04\/art-postal-ivan-sigg-p.jpg?fit=500%2C689&amp;ssl=1\" data-orig-size=\"500,689\" data-comments-opened=\"1\" data-image-meta=\"{&quot;aperture&quot;:&quot;0&quot;,&quot;credit&quot;:&quot;&quot;,&quot;camera&quot;:&quot;&quot;,&quot;caption&quot;:&quot;&quot;,&quot;created_timestamp&quot;:&quot;0&quot;,&quot;copyright&quot;:&quot;&quot;,&quot;focal_length&quot;:&quot;0&quot;,&quot;iso&quot;:&quot;0&quot;,&quot;shutter_speed&quot;:&quot;0&quot;,&quot;title&quot;:&quot;&quot;}\" data-image-title=\"art-postal-ivan-sigg-p\" data-image-description=\"\" data-image-caption=\"\" data-large-file=\"https:\/\/i0.wp.com\/blog-alexis.monville.com\/en\/wp-content\/uploads\/sites\/2\/2009\/04\/art-postal-ivan-sigg-p.jpg?fit=500%2C689&amp;ssl=1\" class=\"size-full wp-image-500 alignnone\" src=\"https:\/\/i0.wp.com\/blog-alexis.monville.com\/wp-content\/uploads\/sites\/2\/2009\/04\/art-postal-ivan-sigg-p.jpg?resize=500%2C689&#038;ssl=1\" alt=\"art-postal-ivan-sigg-p\" width=\"500\" height=\"689\" srcset=\"https:\/\/i0.wp.com\/blog-alexis.monville.com\/en\/wp-content\/uploads\/sites\/2\/2009\/04\/art-postal-ivan-sigg-p.jpg?w=500&amp;ssl=1 500w, https:\/\/i0.wp.com\/blog-alexis.monville.com\/en\/wp-content\/uploads\/sites\/2\/2009\/04\/art-postal-ivan-sigg-p.jpg?resize=217%2C300&amp;ssl=1 217w\" sizes=\"auto, (max-width: 500px) 100vw, 500px\" \/><\/p>\n<p>J&#8217;ai eu la surprise et le grand plaisir de recevoir une lettre de mon ami Ivan Sigg. Voici la reproduction de l&#8217;enveloppe grand format que j&#8217;ai re\u00e7u !<\/p>\n","protected":false},"excerpt":{"rendered":"<p>J&#8217;ai eu la surprise et le grand plaisir de recevoir une lettre de mon ami Ivan Sigg. Voici la reproduction de l&#8217;enveloppe grand format que j&#8217;ai re\u00e7u !<\/p>\n","protected":false},"author":1,"featured_media":0,"comment_status":"open","ping_status":"open","sticky":false,"template":"","format":"standard","meta":{"advanced_seo_description":"","jetpack_seo_html_title":"","jetpack_seo_noindex":false,"jetpack_post_was_ever_published":false,"_jetpack_newsletter_access":"","_jetpack_dont_email_post_to_subs":false,"_jetpack_newsletter_tier_id":0,"_jetpack_memberships_contains_paywalled_content":false,"_jetpack_memberships_contains_paid_content":false,"footnotes":""},"categories":[1],"tags":[],"class_list":["post-499","post","type-post","status-publish","format-standard","hentry","category-all"],"jetpack_featured_media_url":"","jetpack_shortlink":"https:\/\/wp.me\/paNjQG-83","jetpack-related-posts":[{"id":1746,"url":"https:\/\/blog-alexis.monville.com\/en\/2014\/02\/09\/agile-games-france\/","url_meta":{"origin":499,"position":0},"title":"Agile Games France","author":"Alexis","date":"February 9, 2014","format":false,"excerpt":"La troisi\u00e8me \u00e9dition de l'Open Space consacr\u00e9 aux jeux d'entreprises agile s'est d\u00e9roul\u00e9e \u00e0 Lyon les 7 et 8 f\u00e9vrier. Le succ\u00e8s des 2 pr\u00e9c\u00e9dentes \u00e9ditions (\u00e0 Nantes en 2012 et \u00e0 Avignon en 2013) ainsi que la limite \u00e0 60 personnes ont fait que les places \u00e9taient vendues en\u2026","rel":"","context":"In &quot;General&quot;","block_context":{"text":"General","link":"https:\/\/blog-alexis.monville.com\/en\/category\/all\/"},"img":{"alt_text":"","src":"https:\/\/i0.wp.com\/blog-alexis.monville.com\/en\/wp-content\/uploads\/sites\/2\/2014\/02\/2014-02-07-11.34.08-scaled.jpg?fit=1200%2C900&ssl=1&resize=350%2C200","width":350,"height":200,"srcset":"https:\/\/i0.wp.com\/blog-alexis.monville.com\/en\/wp-content\/uploads\/sites\/2\/2014\/02\/2014-02-07-11.34.08-scaled.jpg?fit=1200%2C900&ssl=1&resize=350%2C200 1x, https:\/\/i0.wp.com\/blog-alexis.monville.com\/en\/wp-content\/uploads\/sites\/2\/2014\/02\/2014-02-07-11.34.08-scaled.jpg?fit=1200%2C900&ssl=1&resize=525%2C300 1.5x, https:\/\/i0.wp.com\/blog-alexis.monville.com\/en\/wp-content\/uploads\/sites\/2\/2014\/02\/2014-02-07-11.34.08-scaled.jpg?fit=1200%2C900&ssl=1&resize=700%2C400 2x, https:\/\/i0.wp.com\/blog-alexis.monville.com\/en\/wp-content\/uploads\/sites\/2\/2014\/02\/2014-02-07-11.34.08-scaled.jpg?fit=1200%2C900&ssl=1&resize=1050%2C600 3x"},"classes":[]},{"id":1680,"url":"https:\/\/blog-alexis.monville.com\/en\/2013\/11\/11\/the-agilists-a-lagiletour-bordeaux\/","url_meta":{"origin":499,"position":1},"title":"The Agilists \u00e0 l&#8217;AgileTour Bordeaux","author":"Alexis","date":"November 11, 2013","format":false,"excerpt":"Nous avons eu la grande joie, Bruno Sbille et moi-m\u00eame, de donner une nouvelle session de \"The Agilists\" lors de l'\u00e9dition 2013 de l'AgileTour Bordeaux qui s'est d\u00e9roul\u00e9e le 8 novembre. J'ai particuli\u00e8rement appr\u00e9ci\u00e9 l'accueil qui nous a \u00e9t\u00e9 r\u00e9serv\u00e9 dans l'amphi comble de l'Epitech ! Un grand merci pour\u2026","rel":"","context":"In &quot;General&quot;","block_context":{"text":"General","link":"https:\/\/blog-alexis.monville.com\/en\/category\/all\/"},"img":{"alt_text":"","src":"https:\/\/i0.wp.com\/blog-alexis.monville.com\/en\/wp-content\/uploads\/sites\/2\/2013\/11\/the-agilists.png?fit=1024%2C768&ssl=1&resize=350%2C200","width":350,"height":200,"srcset":"https:\/\/i0.wp.com\/blog-alexis.monville.com\/en\/wp-content\/uploads\/sites\/2\/2013\/11\/the-agilists.png?fit=1024%2C768&ssl=1&resize=350%2C200 1x, https:\/\/i0.wp.com\/blog-alexis.monville.com\/en\/wp-content\/uploads\/sites\/2\/2013\/11\/the-agilists.png?fit=1024%2C768&ssl=1&resize=525%2C300 1.5x, https:\/\/i0.wp.com\/blog-alexis.monville.com\/en\/wp-content\/uploads\/sites\/2\/2013\/11\/the-agilists.png?fit=1024%2C768&ssl=1&resize=700%2C400 2x"},"classes":[]},{"id":1884,"url":"https:\/\/blog-alexis.monville.com\/en\/2014\/06\/06\/etre-lentreprise-agile-de-demain\/","url_meta":{"origin":499,"position":2},"title":"Etre l&#8217;entreprise agile de demain","author":"Alexis","date":"June 6, 2014","format":false,"excerpt":"Ce jeudi 5 juin 2014, j'ai donn\u00e9 une conf\u00e9rence sur le th\u00e8me du management et de l'organisation, lors du ScrumWine\u00a0h\u00e9berg\u00e9 par Lectra. Pour illustrer mes propos, j'ai utilis\u00e9 le cas de eNovance une entreprise qui grandi en restant agile. Les retours sur la conf\u00e9rence \u00e9taient excellents et je remercie tout\u2026","rel":"","context":"In &quot;Interventions&quot;","block_context":{"text":"Interventions","link":"https:\/\/blog-alexis.monville.com\/en\/category\/interventions\/"},"img":{"alt_text":"","src":"https:\/\/i0.wp.com\/blog-alexis.monville.com\/en\/wp-content\/uploads\/sites\/2\/2014\/06\/BpZIUdKIQAEzYlv.jpg?fit=960%2C720&ssl=1&resize=350%2C200","width":350,"height":200,"srcset":"https:\/\/i0.wp.com\/blog-alexis.monville.com\/en\/wp-content\/uploads\/sites\/2\/2014\/06\/BpZIUdKIQAEzYlv.jpg?fit=960%2C720&ssl=1&resize=350%2C200 1x, https:\/\/i0.wp.com\/blog-alexis.monville.com\/en\/wp-content\/uploads\/sites\/2\/2014\/06\/BpZIUdKIQAEzYlv.jpg?fit=960%2C720&ssl=1&resize=525%2C300 1.5x, https:\/\/i0.wp.com\/blog-alexis.monville.com\/en\/wp-content\/uploads\/sites\/2\/2014\/06\/BpZIUdKIQAEzYlv.jpg?fit=960%2C720&ssl=1&resize=700%2C400 2x"},"classes":[]},{"id":1624,"url":"https:\/\/blog-alexis.monville.com\/en\/2013\/07\/02\/jai-une-fille\/","url_meta":{"origin":499,"position":3},"title":"J&#8217;ai une fille&#8230;","author":"Alexis","date":"July 2, 2013","format":false,"excerpt":"J'ai une fille... J'ai une fille formidable... En fait, j'ai m\u00eame 2 filles formidables. Mais ce soir, je voudrais vous parler du plaisir que j'ai eu \u00e0 voir l'une d'elles d\u00e9clamer sur sc\u00e8ne le po\u00e8me de Sarah Kay : Si je devais avoir une fille. Ca doit \u00eatre cela la\u2026","rel":"","context":"In &quot;General&quot;","block_context":{"text":"General","link":"https:\/\/blog-alexis.monville.com\/en\/category\/all\/"},"img":{"alt_text":"","src":"https:\/\/i0.wp.com\/blog-alexis.monville.com\/en\/wp-content\/uploads\/sites\/2\/2013\/07\/SARAH-KAY.jpg?fit=1200%2C800&ssl=1&resize=350%2C200","width":350,"height":200,"srcset":"https:\/\/i0.wp.com\/blog-alexis.monville.com\/en\/wp-content\/uploads\/sites\/2\/2013\/07\/SARAH-KAY.jpg?fit=1200%2C800&ssl=1&resize=350%2C200 1x, https:\/\/i0.wp.com\/blog-alexis.monville.com\/en\/wp-content\/uploads\/sites\/2\/2013\/07\/SARAH-KAY.jpg?fit=1200%2C800&ssl=1&resize=525%2C300 1.5x, https:\/\/i0.wp.com\/blog-alexis.monville.com\/en\/wp-content\/uploads\/sites\/2\/2013\/07\/SARAH-KAY.jpg?fit=1200%2C800&ssl=1&resize=700%2C400 2x, https:\/\/i0.wp.com\/blog-alexis.monville.com\/en\/wp-content\/uploads\/sites\/2\/2013\/07\/SARAH-KAY.jpg?fit=1200%2C800&ssl=1&resize=1050%2C600 3x"},"classes":[]},{"id":1942,"url":"https:\/\/blog-alexis.monville.com\/en\/2014\/08\/25\/ale-2014-deuxieme-et-troisieme-jour\/","url_meta":{"origin":499,"position":4},"title":"ALE 2014 &#8211; deuxi\u00e8me et troisi\u00e8me jour","author":"Alexis","date":"August 25, 2014","format":false,"excerpt":"Cet article \u00e9voque les deuxi\u00e8me et troisi\u00e8me jour\u00a0de la\u00a0non-conf\u00e9rence 2014\u00a0du\u00a0r\u00e9seau ALE\u00a0(Agile Lean Europe). Le r\u00e9sum\u00e9 du premier jour est ici. Ce deuxi\u00e8me jour de la non-conf\u00e9rence ALE 2014, d\u00e9bute par une session par Josef Scherer, Self-designing Feature Teams @BMW. Pour influer sur la culture d\u2019une grande organisation, Josef explique qu\u2019il\u2026","rel":"","context":"In &quot;Europe&quot;","block_context":{"text":"Europe","link":"https:\/\/blog-alexis.monville.com\/en\/category\/international\/europe\/"},"img":{"alt_text":"","src":"https:\/\/i0.wp.com\/blog-alexis.monville.com\/en\/wp-content\/uploads\/sites\/2\/2014\/08\/2014-08-21-09.05.06-scaled.jpg?fit=1200%2C900&ssl=1&resize=350%2C200","width":350,"height":200,"srcset":"https:\/\/i0.wp.com\/blog-alexis.monville.com\/en\/wp-content\/uploads\/sites\/2\/2014\/08\/2014-08-21-09.05.06-scaled.jpg?fit=1200%2C900&ssl=1&resize=350%2C200 1x, https:\/\/i0.wp.com\/blog-alexis.monville.com\/en\/wp-content\/uploads\/sites\/2\/2014\/08\/2014-08-21-09.05.06-scaled.jpg?fit=1200%2C900&ssl=1&resize=525%2C300 1.5x, https:\/\/i0.wp.com\/blog-alexis.monville.com\/en\/wp-content\/uploads\/sites\/2\/2014\/08\/2014-08-21-09.05.06-scaled.jpg?fit=1200%2C900&ssl=1&resize=700%2C400 2x, https:\/\/i0.wp.com\/blog-alexis.monville.com\/en\/wp-content\/uploads\/sites\/2\/2014\/08\/2014-08-21-09.05.06-scaled.jpg?fit=1200%2C900&ssl=1&resize=1050%2C600 3x"},"classes":[]},{"id":1658,"url":"https:\/\/blog-alexis.monville.com\/en\/2013\/10\/13\/apprenez-secretement-lalgebre\/","url_meta":{"origin":499,"position":5},"title":"Apprenez secr\u00e8tement l&#8217;alg\u00e8bre !","author":"Alexis","date":"October 13, 2013","format":false,"excerpt":"Apprenez secr\u00e8tement les bases de l'alg\u00e8bre \u00e0 vos enfants. C'est la promesse de Dragon Box. Aussi, j'ai essay\u00e9 et install\u00e9 Dragon Box sur une tablette pour faire essayer le jeu \u00e0 ma fille de 11 ans. Le r\u00e9sultat est assez bluffant ! Voir ma fille manipuler les concepts de l'alg\u00e8bre\u2026","rel":"","context":"In &quot;General&quot;","block_context":{"text":"General","link":"https:\/\/blog-alexis.monville.com\/en\/category\/all\/"},"img":{"alt_text":"","src":"https:\/\/i0.wp.com\/blog-alexis.monville.com\/en\/wp-content\/uploads\/sites\/2\/2013\/10\/DragonBoxAlgebra12%2B_small.jpg?fit=500%2C375&ssl=1&resize=350%2C200","width":350,"height":200},"classes":[]}],"jetpack_sharing_enabled":true,"_links":{"self":[{"href":"https:\/\/blog-alexis.monville.com\/en\/wp-json\/wp\/v2\/posts\/499","targetHints":{"allow":["GET"]}}],"collection":[{"href":"https:\/\/blog-alexis.monville.com\/en\/wp-json\/wp\/v2\/posts"}],"about":[{"href":"https:\/\/blog-alexis.monville.com\/en\/wp-json\/wp\/v2\/types\/post"}],"author":[{"embeddable":true,"href":"https:\/\/blog-alexis.monville.com\/en\/wp-json\/wp\/v2\/users\/1"}],"replies":[{"embeddable":true,"href":"https:\/\/blog-alexis.monville.com\/en\/wp-json\/wp\/v2\/comments?post=499"}],"version-history":[{"count":0,"href":"https:\/\/blog-alexis.monville.com\/en\/wp-json\/wp\/v2\/posts\/499\/revisions"}],"wp:attachment":[{"href":"https:\/\/blog-alexis.monville.com\/en\/wp-json\/wp\/v2\/media?parent=499"}],"wp:term":[{"taxonomy":"category","embeddable":true,"href":"https:\/\/blog-alexis.monville.com\/en\/wp-json\/wp\/v2\/categories?post=499"},{"taxonomy":"post_tag","embeddable":true,"href":"https:\/\/blog-alexis.monville.com\/en\/wp-json\/wp\/v2\/tags?post=499"}],"curies":[{"name":"wp","href":"https:\/\/api.w.org\/{rel}","templated":true}]}}