{"id":49,"date":"2007-01-31T00:38:15","date_gmt":"2007-01-30T23:38:15","guid":{"rendered":"http:\/\/alexismonville.wordpress.com\/2007\/01\/31\/conferences-adele\/"},"modified":"2007-01-31T00:38:15","modified_gmt":"2007-01-30T23:38:15","slug":"conferences-adele","status":"publish","type":"post","link":"https:\/\/blog-alexis.monville.com\/en\/2007\/01\/31\/conferences-adele\/","title":{"rendered":"Conf\u00e9rences ADELE"},"content":{"rendered":"<p style=\"margin-bottom:0\">J&#8217;ai eu le grand plaisir de pr\u00e9sider les conf\u00e9rences ADELE sur le salon solutions linux, je viens de mettre en ligne les pr\u00e9sentation sur <a target=\"_blank\" href=\"http:\/\/synergies.modernisation.gouv.fr\/article.php3?id_article=167\">Synergies<\/a>.<\/p>\n<p style=\"margin-bottom:0\">Le programme des interventions :<\/p>\n<p style=\"margin-bottom:0\">Conf\u00e9rences Ad\u00e8le au Salon Solution Linux 2007<\/p>\n<p style=\"margin-bottom:0\">31 janvier 2007 &#8211; 9h30 \u00e0 12h30 &#8211; CNIT \u2013 S5 \u2013 Doppler 1 &amp;2<\/p>\n<p style=\"margin-top:0.3cm;margin-bottom:0\"><font face=\"Times New Roman, serif\"><font size=\"2\"><em>L\u2019administration est \u00e0 pr\u00e9sent plus m\u00fbre dans son usage et son appropriation des logiciels libres, les conf\u00e9rences ADELE pr\u00e9senteront les m\u00e9thodes et outils permettant l\u2019usage des solutions sous licence libre comme vecteur de la mutualisation, les enjeux de la standardisation, les aspects juridiques de l\u2019utilisation des licences libres.<\/em><\/font><\/font><\/p>\n<p style=\"margin-bottom:0\">\n<p style=\"margin-bottom:0\">9h30 \u2013 9h45<\/p>\n<ul>\n<li>\n<p style=\"margin-bottom:0\">Quelques \tnouvelles d&#8217;ADELE<br \/>\n<font size=\"2\">Alexis MONVILLE,<br \/>\n<span>Direction \tg\u00e9n\u00e9rale de la modernisation de l&#8217;Etat,<br \/>\nMinist\u00e8re \tde l&#8217;Economie, des Finances et de l&#8217;Industrie.<\/span><\/font><\/li>\n<\/ul>\n<p style=\"margin-bottom:0\">\n<p style=\"margin-bottom:0\">9h45 \u2013 10h45 : Le libre comme vecteur de la mutualisation, comment s&#8217;op\u00e8re cette transformation (m\u00e9thodes et outils) ?<\/p>\n<ul>\n<li>\n<p style=\"margin-bottom:0\">Open Source \tObservatory and Repository<br \/>\n<font size=\"2\">Barbara \tHELD<br \/>\nIDABC,<br \/>\nCommission europ\u00e9enne.<\/font><\/li>\n<li>\n<p style=\"margin-bottom:0\">La forge \tadmisource.gouv.fr<br \/>\n<font size=\"2\">Thierry AIME,<br \/>\nDirection \tg\u00e9n\u00e9rale de la modernisation de l&#8217;Etat,<br \/>\n<span>Minist\u00e8re \tde l&#8217;Economie, des Finances et de l&#8217;Industrie.<\/span><\/font><\/li>\n<li>\n<p style=\"margin-bottom:0\"><span>La \tforge adullact.net et la dynamique Hephaestos<br \/>\n<\/span><font size=\"2\">Fran\u00e7ois \tELIE,<br \/>\nPr\u00e9sident de l&#8217;Adullact<\/font><\/li>\n<\/ul>\n<p style=\"margin-bottom:0\">\n<p style=\"margin-bottom:0\">10h45 \u2013 11h30 : Les enjeux de la standardisation<\/p>\n<ul>\n<li>\n<p style=\"margin-bottom:0\">La \tstandardisation des SIC au minist\u00e8re de la d\u00e9fense<br \/>\n<font size=\"2\">Thierry \tLEBLOND,<br \/>\nDirection g\u00e9n\u00e9rale des Syst\u00e8mes \td&#8217;Information et de Communication,<br \/>\nMinist\u00e8re de la \td\u00e9fense.<\/font><\/li>\n<\/ul>\n<ul>\n<li>\n<p style=\"margin-bottom:0\"><font size=\"2\">Guy \tDUPLAQUET,<br \/>\nDirection des Syst\u00e8mes d&#8217;Information,<br \/>\nMinist\u00e8re \tde la Justice.<\/font><\/li>\n<\/ul>\n<p style=\"margin-bottom:0\">\n<p style=\"margin-bottom:0\">11h30 \u2013 11h55 : Les aspects juridiques de l\u2019usage de logiciels<\/p>\n<ul>\n<li>\n<p style=\"margin-bottom:0\">Logiciels \tlibres et March\u00e9 Publics<br \/>\n<font size=\"2\">Marie-Jos\u00e9 \tPALASZ, Direction des Affaires Juridiques,<br \/>\nElise DEBIES<span>, \tDirection g\u00e9n\u00e9rale de la modernisation de \tl&#8217;Etat,<br \/>\nMinist\u00e8re de l&#8217;Economie, des Finances et de \tl&#8217;Industrie.<\/span><\/font><\/li>\n<\/ul>\n<p style=\"margin-bottom:0\">\n<p style=\"margin-bottom:0\">12h00-12h30 : Table ronde avec les intervenants auxquels s&#8217;ajoutera :<\/p>\n<ul>\n<li>\n<p style=\"margin-bottom:0\"><font size=\"2\">Denis ODDOUX,<br \/>\nDirection g\u00e9n\u00e9rale des \timp\u00f4ts,<br \/>\nMinist\u00e8re de l&#8217;Economie, des Finances et de \tl&#8217;Industrie.<\/font><\/li>\n<\/ul>\n","protected":false},"excerpt":{"rendered":"<p>J&#8217;ai eu le grand plaisir de pr\u00e9sider les conf\u00e9rences ADELE sur le salon solutions linux, je viens de mettre en ligne les pr\u00e9sentation sur Synergies. Le programme des interventions : Conf\u00e9rences Ad\u00e8le au Salon Solution Linux 2007 31 janvier 2007 &#8211; 9h30 \u00e0 12h30 &#8211; CNIT \u2013 S5 \u2013 Doppler 1 &amp;2 L\u2019administration est \u00e0 [&hellip;]<\/p>\n","protected":false},"author":1,"featured_media":0,"comment_status":"open","ping_status":"open","sticky":false,"template":"","format":"standard","meta":{"advanced_seo_description":"","jetpack_seo_html_title":"","jetpack_seo_noindex":false,"jetpack_post_was_ever_published":false,"_jetpack_newsletter_access":"","_jetpack_dont_email_post_to_subs":false,"_jetpack_newsletter_tier_id":0,"_jetpack_memberships_contains_paywalled_content":false,"_jetpack_memberships_contains_paid_content":false,"footnotes":""},"categories":[7,8],"tags":[],"class_list":["post-49","post","type-post","status-publish","format-standard","hentry","category-international","category-interventions"],"jetpack_featured_media_url":"","jetpack_shortlink":"https:\/\/wp.me\/paNjQG-N","jetpack-related-posts":[{"id":1192,"url":"https:\/\/blog-alexis.monville.com\/en\/2006\/02\/01\/conferences-adele-au-salon-solution-linux-2006\/","url_meta":{"origin":49,"position":0},"title":"Conf\u00e9rences Ad\u00e8le au Salon Solution Linux 2006","author":"Alexis","date":"February 1, 2006","format":false,"excerpt":"J'ai eu le plaisir de co-organiser avec Jean-Paul Degorce-Dumas les conf\u00e9rences Ad\u00e8le qui se sont d\u00e9roul\u00e9es, dans le cadre du Salon Solution Linux, le 1er f\u00e9vrier 2006. Ces conf\u00e9rences pr\u00e9sentaient les avanc\u00e9es de certaines administration dans l'am\u00e9lioration de leurs syst\u00e8mes d'informations par l'usage de solution sous licences libres. Avec les\u2026","rel":"","context":"In &quot;General&quot;","block_context":{"text":"General","link":"https:\/\/blog-alexis.monville.com\/en\/category\/all\/"},"img":{"alt_text":"","src":"","width":0,"height":0},"classes":[]},{"id":742,"url":"https:\/\/blog-alexis.monville.com\/en\/2010\/02\/02\/ladministration-et-le-libre\/","url_meta":{"origin":49,"position":1},"title":"L&#8217;administration et le libre","author":"Alexis","date":"February 2, 2010","format":false,"excerpt":"La conf\u00e9rence sur l'administration et le libre se tiendra le mercredi 17 mars de 9h00-12h30 (Salle Rubis) dans le cadre du salon solutions linux. La France est parmi les pays europ\u00e9ens celui qui utilise et d\u00e9veloppe le plus les logiciels libres pour les besoins de service public. En continuit\u00e9 des\u2026","rel":"","context":"In &quot;Interventions&quot;","block_context":{"text":"Interventions","link":"https:\/\/blog-alexis.monville.com\/en\/category\/interventions\/"},"img":{"alt_text":"","src":"https:\/\/i0.wp.com\/www.solutionslinux.fr\/linux\/images\/logo.gif?resize=350%2C200","width":350,"height":200},"classes":[]},{"id":75,"url":"https:\/\/blog-alexis.monville.com\/en\/2007\/10\/30\/solutions-opensource-linux\/","url_meta":{"origin":49,"position":2},"title":"Solutions OpenSource \/ Linux","author":"Alexis","date":"October 30, 2007","format":false,"excerpt":"Le salon Solutions OpenSource\/Linux se tiendra au CNIT les 29, 30 et 31 janvier 2008. Vous trouverez ci-apr\u00e8s le programme des conf\u00e9rences (programme_solution_linux_2008) qui vous donnera, j'en suis certain l'envie de r\u00e9server vos journ\u00e9es ! Je suis tr\u00e8s heureux d'avoir particip\u00e9 au comit\u00e9 de programme, m\u00eame si cette ann\u00e9e je\u2026","rel":"","context":"In &quot;Europe&quot;","block_context":{"text":"Europe","link":"https:\/\/blog-alexis.monville.com\/en\/category\/international\/europe\/"},"img":{"alt_text":"","src":"","width":0,"height":0},"classes":[]},{"id":463,"url":"https:\/\/blog-alexis.monville.com\/en\/2009\/03\/30\/solutions-linux-2009-2\/","url_meta":{"origin":49,"position":3},"title":"Solutions Linux 2009","author":"Alexis","date":"March 30, 2009","format":false,"excerpt":"Le Salon Solutions Linux ouvrira ses portes les 31 mars, 1er et 2 avril au Parc des Expositions de la Porte de Versailles. Le salon f\u00eate cette ann\u00e9e ses 10 ans et j'esp\u00e8re qu'il vous comptera parmi ses visiteurs. Je serai sur le salon le 1er avril pour animer la\u2026","rel":"","context":"In &quot;International&quot;","block_context":{"text":"International","link":"https:\/\/blog-alexis.monville.com\/en\/category\/international\/"},"img":{"alt_text":"","src":"https:\/\/i0.wp.com\/www.solutionslinux.fr\/images\/index_07.jpg?resize=350%2C200","width":350,"height":200},"classes":[]},{"id":666,"url":"https:\/\/blog-alexis.monville.com\/en\/2009\/10\/17\/appel-a-communication-pour-solutions-linux-2010\/","url_meta":{"origin":49,"position":4},"title":"Appel \u00e0 communication pour Solutions Linux 2010","author":"Alexis","date":"October 17, 2009","format":false,"excerpt":"Une conf\u00e9rence gratuite \"L'administration et le libre\" est propos\u00e9e lors de la prochaine \u00e9dition du salon Solutions Linux qui se d\u00e9roulera du 16 au 18 mars 2010. L'appel \u00e0 communication est publi\u00e9 et vous avez jusqu'au 6 novembre pour proposer vos interventions Pour en savoir plus vous pouvez consulter les\u2026","rel":"","context":"In &quot;International&quot;","block_context":{"text":"International","link":"https:\/\/blog-alexis.monville.com\/en\/category\/international\/"},"img":{"alt_text":"image001","src":"https:\/\/i0.wp.com\/blog-alexis.monville.com\/wp-content\/uploads\/sites\/2\/2009\/10\/image001.jpg?resize=350%2C200&ssl=1","width":350,"height":200},"classes":[]},{"id":47,"url":"https:\/\/blog-alexis.monville.com\/en\/2006\/12\/25\/adieu-2006-bonjour-2007\/","url_meta":{"origin":49,"position":5},"title":"Adieu 2006\u2026 Bonjour 2007 !","author":"Alexis","date":"December 25, 2006","format":false,"excerpt":"2006 va se terminer, c'est \u00e9videment l'heure r\u00eav\u00e9e pour un bilan qui servira \u00e0 pr\u00e9parer au mieux 2007 ! L'ann\u00e9e a commenc\u00e9 avec une nouvelle direction g\u00e9n\u00e9rale de la modernisation de l'\u00e9tat du minist\u00e8re de l'\u00e9conomie, des finances et de l'industrie pour prendre en charge le d\u00e9veloppement de l'administration \u00e9lectronique\u2026","rel":"","context":"In &quot;General&quot;","block_context":{"text":"General","link":"https:\/\/blog-alexis.monville.com\/en\/category\/all\/"},"img":{"alt_text":"","src":"","width":0,"height":0},"classes":[]}],"jetpack_sharing_enabled":true,"_links":{"self":[{"href":"https:\/\/blog-alexis.monville.com\/en\/wp-json\/wp\/v2\/posts\/49","targetHints":{"allow":["GET"]}}],"collection":[{"href":"https:\/\/blog-alexis.monville.com\/en\/wp-json\/wp\/v2\/posts"}],"about":[{"href":"https:\/\/blog-alexis.monville.com\/en\/wp-json\/wp\/v2\/types\/post"}],"author":[{"embeddable":true,"href":"https:\/\/blog-alexis.monville.com\/en\/wp-json\/wp\/v2\/users\/1"}],"replies":[{"embeddable":true,"href":"https:\/\/blog-alexis.monville.com\/en\/wp-json\/wp\/v2\/comments?post=49"}],"version-history":[{"count":0,"href":"https:\/\/blog-alexis.monville.com\/en\/wp-json\/wp\/v2\/posts\/49\/revisions"}],"wp:attachment":[{"href":"https:\/\/blog-alexis.monville.com\/en\/wp-json\/wp\/v2\/media?parent=49"}],"wp:term":[{"taxonomy":"category","embeddable":true,"href":"https:\/\/blog-alexis.monville.com\/en\/wp-json\/wp\/v2\/categories?post=49"},{"taxonomy":"post_tag","embeddable":true,"href":"https:\/\/blog-alexis.monville.com\/en\/wp-json\/wp\/v2\/tags?post=49"}],"curies":[{"name":"wp","href":"https:\/\/api.w.org\/{rel}","templated":true}]}}