{"id":483,"date":"2009-04-09T17:02:26","date_gmt":"2009-04-09T15:02:26","guid":{"rendered":"https:\/\/blog-alexis.monville.com\/?p=483"},"modified":"2009-04-09T17:02:26","modified_gmt":"2009-04-09T15:02:26","slug":"solutionslinux-administration-electronique-libre","status":"publish","type":"post","link":"https:\/\/blog-alexis.monville.com\/en\/2009\/04\/09\/solutionslinux-administration-electronique-libre\/","title":{"rendered":"Administration \u00e9lectronique libre"},"content":{"rendered":"<p><a href=\"http:\/\/www.solutionslinux.fr\"><img data-recalc-dims=\"1\" loading=\"lazy\" decoding=\"async\" class=\"alignleft\" style=\"border: 0pt none;margin: 10px\" src=\"https:\/\/i0.wp.com\/www.solutionslinux.fr\/images\/index_07.jpg?resize=246%2C157\" alt=\"\" width=\"246\" height=\"157\" \/><\/a><\/p>\n<p>Cet article pour remercier chaleureusement les orateurs et les auditeurs des conf\u00e9rences &#8220;administration \u00e9lectronique libre&#8221; qui se sont tenus le 1er avril sur le Salon Solutions Linux.<\/p>\n<p>Je viens de publier les pr\u00e9sentations sur SlideShare, vous trouverez les liens ci-dessous :<\/p>\n<p><!--  --><\/p>\n<ul class=\"unIndentedList\">\n<li><a href=\"http:\/\/www.slideshare.net\/alexis\/20090302-pratic-solutions-linux\" target=\"_blank\">Pr@tic, plate-forme de t\u00e9l\u00e9services libre du Centre de Gestion du Nord<\/a><br \/>\nMaurice Debosscher, Responsable Technique au Centre de Gestion du Nord (CDG59) et Pierre Cros (Entr&#8217;ouvert)<\/li>\n<\/ul>\n<ul class=\"unIndentedList\">\n<li><a href=\"http:\/\/www.slideshare.net\/alexis\/plume-solutions-linux-2009\" target=\"_blank\">Le projet PLUME<\/a><br \/>\nJean-Luc Archimbaud (CNRS)<\/li>\n<\/ul>\n<ul class=\"unIndentedList\">\n<li><a href=\"http:\/\/www.slideshare.net\/alexis\/3-collectivits-linux-chateauroux\" target=\"_blank\">BI Open Source &#8211; le portail \u00e9nergie de la ville de Chateauroux<\/a><br \/>\nS\u00e9bastien Bernard (Chef de projet de la ville de Ch\u00e2teauroux) et Marc Salli\u00e8res (ALTIC)<\/li>\n<\/ul>\n<ul class=\"unIndentedList\">\n<li><a href=\"http:\/\/www.slideshare.net\/alexis\/4-solutions-linux-spar-1269034\" target=\"_blank\">La pr\u00e9servation num\u00e9rique de la collection d&#8217;une biblioth\u00e8que \u00e0 l&#8217;aide de logiciels libres<\/a><br \/>\nThomas Ledoux (Chef de projet SPAR de la BnF) et Laurent Sollier (AtosOrigin)<\/li>\n<\/ul>\n<ul class=\"unIndentedList\">\n<li><a href=\"http:\/\/www.slideshare.net\/alexis\/5-obm-mars2009-inserm\" target=\"_blank\">D\u00e9ploiement et \u00e9volution d&#8217;une solution de travail collaboratif Open Source au sein de l&#8217;INSERM<br \/>\n<\/a>Patrick LEROUGE (DSI de l&#8217;INSERM) et Pierre Baudracco (leader du projet OBM, Aliasource)<\/li>\n<\/ul>\n","protected":false},"excerpt":{"rendered":"<p>Cet article pour remercier chaleureusement les orateurs et les auditeurs des conf\u00e9rences &#8220;administration \u00e9lectronique libre&#8221; qui se sont tenus le 1er avril sur le Salon Solutions Linux. Je viens de publier les pr\u00e9sentations sur SlideShare, vous trouverez les liens ci-dessous : Pr@tic, plate-forme de t\u00e9l\u00e9services libre du Centre de Gestion du Nord Maurice Debosscher, Responsable [&hellip;]<\/p>\n","protected":false},"author":1,"featured_media":0,"comment_status":"open","ping_status":"open","sticky":false,"template":"","format":"standard","meta":{"advanced_seo_description":"","jetpack_seo_html_title":"","jetpack_seo_noindex":false,"jetpack_post_was_ever_published":false,"_jetpack_newsletter_access":"","_jetpack_dont_email_post_to_subs":false,"_jetpack_newsletter_tier_id":0,"_jetpack_memberships_contains_paywalled_content":false,"_jetpack_memberships_contains_paid_content":false,"footnotes":""},"categories":[5,8],"tags":[276],"class_list":["post-483","post","type-post","status-publish","format-standard","hentry","category-explorateurs","category-interventions","tag-logiciel-libre"],"jetpack_featured_media_url":"","jetpack_shortlink":"https:\/\/wp.me\/paNjQG-7N","jetpack-related-posts":[{"id":463,"url":"https:\/\/blog-alexis.monville.com\/en\/2009\/03\/30\/solutions-linux-2009-2\/","url_meta":{"origin":483,"position":0},"title":"Solutions Linux 2009","author":"Alexis","date":"March 30, 2009","format":false,"excerpt":"Le Salon Solutions Linux ouvrira ses portes les 31 mars, 1er et 2 avril au Parc des Expositions de la Porte de Versailles. Le salon f\u00eate cette ann\u00e9e ses 10 ans et j'esp\u00e8re qu'il vous comptera parmi ses visiteurs. Je serai sur le salon le 1er avril pour animer la\u2026","rel":"","context":"In &quot;International&quot;","block_context":{"text":"International","link":"https:\/\/blog-alexis.monville.com\/en\/category\/international\/"},"img":{"alt_text":"","src":"https:\/\/i0.wp.com\/www.solutionslinux.fr\/images\/index_07.jpg?resize=350%2C200","width":350,"height":200},"classes":[]},{"id":14,"url":"https:\/\/blog-alexis.monville.com\/en\/2006\/05\/15\/les-rendez-vous-du-cete-logiciel-libre-enjeux-et-perspectives\/","url_meta":{"origin":483,"position":1},"title":"Les Rendez-Vous du CETE \u201cLogiciel libre : enjeux et perspectives\u201d","author":"Alexis","date":"May 15, 2006","format":false,"excerpt":"Invit\u00e9 \u00e0 repr\u00e9senter la Direction G\u00e9n\u00e9rale de la Modernisation de l'Etat lors des Conf\u00e9rences organis\u00e9es par le CETENord-Picardie : \"pour comprendre le pr\u00e9sent et construire l\u2019avenir\" A compl\u00e8ter avec le lien vers les pr\u00e9sentations de l'Adullact et du minist\u00e8re de l'\u00e9quipement et la mienne... Programme : 14h00 - Propos introductif\u2026","rel":"","context":"In &quot;Interventions&quot;","block_context":{"text":"Interventions","link":"https:\/\/blog-alexis.monville.com\/en\/category\/interventions\/"},"img":{"alt_text":"","src":"","width":0,"height":0},"classes":[]},{"id":371,"url":"https:\/\/blog-alexis.monville.com\/en\/2009\/01\/31\/francois-elie-economie-du-logiciel-libre\/","url_meta":{"origin":483,"position":2},"title":"Economie du logiciel libre","author":"Alexis","date":"January 31, 2009","format":false,"excerpt":"Fran\u00e7ois Elie publie ses r\u00e9flexions sur l'\u00e9conomie du logiciel libre dans cet ouvrage qui est arriv\u00e9 en format livre \u00e9lectronique en novembre 2008 et qui devrait \u00eatre publi\u00e9 en papier d\u00e9s le mois de f\u00e9vrier. Un blog a \u00e9t\u00e9 mis en place afin de poursuivre la discution autour des sujets\u2026","rel":"","context":"In &quot;General&quot;","block_context":{"text":"General","link":"https:\/\/blog-alexis.monville.com\/en\/category\/all\/"},"img":{"alt_text":"","src":"https:\/\/i0.wp.com\/izibook.eyrolles.com\/images\/thumbnails\/0000\/0837\/12463_Elie_medium.jpg?resize=350%2C200","width":350,"height":200},"classes":[]},{"id":742,"url":"https:\/\/blog-alexis.monville.com\/en\/2010\/02\/02\/ladministration-et-le-libre\/","url_meta":{"origin":483,"position":3},"title":"L&#8217;administration et le libre","author":"Alexis","date":"February 2, 2010","format":false,"excerpt":"La conf\u00e9rence sur l'administration et le libre se tiendra le mercredi 17 mars de 9h00-12h30 (Salle Rubis) dans le cadre du salon solutions linux. La France est parmi les pays europ\u00e9ens celui qui utilise et d\u00e9veloppe le plus les logiciels libres pour les besoins de service public. En continuit\u00e9 des\u2026","rel":"","context":"In &quot;Interventions&quot;","block_context":{"text":"Interventions","link":"https:\/\/blog-alexis.monville.com\/en\/category\/interventions\/"},"img":{"alt_text":"","src":"https:\/\/i0.wp.com\/www.solutionslinux.fr\/linux\/images\/logo.gif?resize=350%2C200","width":350,"height":200},"classes":[]},{"id":389,"url":"https:\/\/blog-alexis.monville.com\/en\/2009\/02\/14\/administration-electronique-la-fin-de-synergies\/","url_meta":{"origin":483,"position":4},"title":"La fin de Synergies","author":"Alexis","date":"February 14, 2009","format":false,"excerpt":"Cette fois, c'est vraiment la fin de Synergies, le site web 2.0 de l'administration \u00e9lectronique lanc\u00e9 en 2006. A la recherche d'un document sur MAREVA (M\u00e9thode d'Analyse de la valeur initi\u00e9e par l'ADAE), je suis tomb\u00e9 sur cette page indiquant la fermeture d\u00e9finitive de ce site et la redirection vers\u2026","rel":"","context":"In &quot;General&quot;","block_context":{"text":"General","link":"https:\/\/blog-alexis.monville.com\/en\/category\/all\/"},"img":{"alt_text":"synergies-la-fin","src":"https:\/\/i0.wp.com\/blog-alexis.monville.com\/wp-content\/uploads\/sites\/2\/2009\/02\/synergies-la-fin.jpg?resize=350%2C200&ssl=1","width":350,"height":200},"classes":[]},{"id":47,"url":"https:\/\/blog-alexis.monville.com\/en\/2006\/12\/25\/adieu-2006-bonjour-2007\/","url_meta":{"origin":483,"position":5},"title":"Adieu 2006\u2026 Bonjour 2007 !","author":"Alexis","date":"December 25, 2006","format":false,"excerpt":"2006 va se terminer, c'est \u00e9videment l'heure r\u00eav\u00e9e pour un bilan qui servira \u00e0 pr\u00e9parer au mieux 2007 ! L'ann\u00e9e a commenc\u00e9 avec une nouvelle direction g\u00e9n\u00e9rale de la modernisation de l'\u00e9tat du minist\u00e8re de l'\u00e9conomie, des finances et de l'industrie pour prendre en charge le d\u00e9veloppement de l'administration \u00e9lectronique\u2026","rel":"","context":"In &quot;General&quot;","block_context":{"text":"General","link":"https:\/\/blog-alexis.monville.com\/en\/category\/all\/"},"img":{"alt_text":"","src":"","width":0,"height":0},"classes":[]}],"jetpack_sharing_enabled":true,"_links":{"self":[{"href":"https:\/\/blog-alexis.monville.com\/en\/wp-json\/wp\/v2\/posts\/483","targetHints":{"allow":["GET"]}}],"collection":[{"href":"https:\/\/blog-alexis.monville.com\/en\/wp-json\/wp\/v2\/posts"}],"about":[{"href":"https:\/\/blog-alexis.monville.com\/en\/wp-json\/wp\/v2\/types\/post"}],"author":[{"embeddable":true,"href":"https:\/\/blog-alexis.monville.com\/en\/wp-json\/wp\/v2\/users\/1"}],"replies":[{"embeddable":true,"href":"https:\/\/blog-alexis.monville.com\/en\/wp-json\/wp\/v2\/comments?post=483"}],"version-history":[{"count":0,"href":"https:\/\/blog-alexis.monville.com\/en\/wp-json\/wp\/v2\/posts\/483\/revisions"}],"wp:attachment":[{"href":"https:\/\/blog-alexis.monville.com\/en\/wp-json\/wp\/v2\/media?parent=483"}],"wp:term":[{"taxonomy":"category","embeddable":true,"href":"https:\/\/blog-alexis.monville.com\/en\/wp-json\/wp\/v2\/categories?post=483"},{"taxonomy":"post_tag","embeddable":true,"href":"https:\/\/blog-alexis.monville.com\/en\/wp-json\/wp\/v2\/tags?post=483"}],"curies":[{"name":"wp","href":"https:\/\/api.w.org\/{rel}","templated":true}]}}