{"id":463,"date":"2009-03-30T22:31:42","date_gmt":"2009-03-30T21:31:42","guid":{"rendered":"https:\/\/blog-alexis.monville.com\/?p=463"},"modified":"2009-03-30T22:31:42","modified_gmt":"2009-03-30T21:31:42","slug":"solutions-linux-2009-2","status":"publish","type":"post","link":"https:\/\/blog-alexis.monville.com\/en\/2009\/03\/30\/solutions-linux-2009-2\/","title":{"rendered":"Solutions Linux 2009"},"content":{"rendered":"<p><a href=\"http:\/\/www.solutionslinux.fr\"><img data-recalc-dims=\"1\" loading=\"lazy\" decoding=\"async\" class=\"alignleft\" style=\"border: 0pt none;margin: 10px\" src=\"https:\/\/i0.wp.com\/www.solutionslinux.fr\/images\/index_07.jpg?resize=246%2C157\" alt=\"\" width=\"246\" height=\"157\" \/><\/a>Le Salon Solutions Linux ouvrira ses portes les 31 mars, 1er et 2 avril au Parc des Expositions de la Porte de Versailles.<\/p>\n<p>Le salon f\u00eate cette ann\u00e9e ses 10 ans et j&#8217;esp\u00e8re qu&#8217;il vous comptera parmi ses visiteurs.<\/p>\n<p>Je serai sur le salon le 1er avril pour animer la session de conf\u00e9rences consacr\u00e9es \u00e0 l&#8217;Administration Electronique Libre (9h30 \u00e0 13h), dont voici le programme :<\/p>\n<p><!--  --><\/p>\n<ul class=\"unIndentedList\">\n<li>9h30 &#8211; 9h40 &#8211; Introduction<br \/>\nAlexis Monville<\/li>\n<\/ul>\n<ul class=\"unIndentedList\">\n<li>9h40 &#8211; 10h00 &#8211; Pr@tic, plate-forme de t\u00e9l\u00e9services libre du Centre de Gestion du Nord<br \/>\nMaurice Debosscher, Responsable Technique au Centre de Gestion du Nord (CDG59) et Pierre Cros (Entr&#8217;ouvert)<\/li>\n<\/ul>\n<ul class=\"unIndentedList\">\n<li>10h00 &#8211; 10h20 &#8211; Le projet PLUME<br \/>\nJean-Luc Archimbaud (CNRS)<\/li>\n<\/ul>\n<ul class=\"unIndentedList\">\n<li>10h20 &#8211; 10h40 &#8211; BI Open Source &#8211; le portail \u00e9nergie de la ville de Chateauroux<br \/>\nS\u00e9bastien Bernard (Chef de projet de la ville de Ch\u00e2teauroux) et Marc Salli\u00e8res (ALTIC)<\/li>\n<\/ul>\n<ul class=\"unIndentedList\">\n<li>10h40 &#8211; 11h00 &#8211; La pr\u00e9servation num\u00e9rique de la collection d&#8217;une biblioth\u00e8que \u00e0 l&#8217;aide de logiciels libres<br \/>\nThomas Ledoux (Chef de projet SPAR de la BnF) et Laurent Sollier (AtosOrigin)<\/li>\n<\/ul>\n<ul class=\"unIndentedList\">\n<li>11h00 &#8211; 11h20 &#8211; D\u00e9ploiement et \u00e9volution d&#8217;une solution de travail collaboratif Open Source au sein de l&#8217;INSERM<br \/>\nPatrick LEROUGE (DSI de l&#8217;INSERM) et Pierre Baudracco (leader du projet OBM, Aliasource)<\/li>\n<\/ul>\n<ul class=\"unIndentedList\">\n<li>11h30 \u00e0 13h00 &#8211; Table-ronde<br \/>\nAnim\u00e9e par Fran\u00e7ois Elie, Pr\u00e9sident de l&#8217;Adullact<br \/>\nVincent Mazelaigue, Ville de Paris<br \/>\nNicolas Tissot, R\u00e9gion Ile de France<\/li>\n<\/ul>\n","protected":false},"excerpt":{"rendered":"<p>Le Salon Solutions Linux ouvrira ses portes les 31 mars, 1er et 2 avril au Parc des Expositions de la Porte de Versailles. Le salon f\u00eate cette ann\u00e9e ses 10 ans et j&#8217;esp\u00e8re qu&#8217;il vous comptera parmi ses visiteurs. Je serai sur le salon le 1er avril pour animer la session de conf\u00e9rences consacr\u00e9es \u00e0 [&hellip;]<\/p>\n","protected":false},"author":1,"featured_media":0,"comment_status":"open","ping_status":"open","sticky":false,"template":"","format":"standard","meta":{"advanced_seo_description":"","jetpack_seo_html_title":"","jetpack_seo_noindex":false,"jetpack_post_was_ever_published":false,"_jetpack_newsletter_access":"","_jetpack_dont_email_post_to_subs":false,"_jetpack_newsletter_tier_id":0,"_jetpack_memberships_contains_paywalled_content":false,"_jetpack_memberships_contains_paid_content":false,"footnotes":""},"categories":[7,8],"tags":[276],"class_list":["post-463","post","type-post","status-publish","format-standard","hentry","category-international","category-interventions","tag-logiciel-libre"],"jetpack_featured_media_url":"","jetpack_shortlink":"https:\/\/wp.me\/paNjQG-7t","jetpack-related-posts":[{"id":483,"url":"https:\/\/blog-alexis.monville.com\/en\/2009\/04\/09\/solutionslinux-administration-electronique-libre\/","url_meta":{"origin":463,"position":0},"title":"Administration \u00e9lectronique libre","author":"Alexis","date":"April 9, 2009","format":false,"excerpt":"Cet article pour remercier chaleureusement les orateurs et les auditeurs des conf\u00e9rences \"administration \u00e9lectronique libre\" qui se sont tenus le 1er avril sur le Salon Solutions Linux. Je viens de publier les pr\u00e9sentations sur SlideShare, vous trouverez les liens ci-dessous : Pr@tic, plate-forme de t\u00e9l\u00e9services libre du Centre de Gestion\u2026","rel":"","context":"In &quot;Explorateurs&quot;","block_context":{"text":"Explorateurs","link":"https:\/\/blog-alexis.monville.com\/en\/category\/explorateurs\/"},"img":{"alt_text":"","src":"https:\/\/i0.wp.com\/www.solutionslinux.fr\/images\/index_07.jpg?resize=350%2C200","width":350,"height":200},"classes":[]},{"id":796,"url":"https:\/\/blog-alexis.monville.com\/en\/2010\/03\/11\/logiciel-libre\/","url_meta":{"origin":463,"position":1},"title":"Logiciel libre","author":"Alexis","date":"March 11, 2010","format":false,"excerpt":"En quelques mots aujourd'hui pour : vous inviter \u00e0 noter dans vos agendas que le Salon Solutions Linux se tiendra \u00e0 la porte de Versailles du 16 au 18 mars, je vous souhaite nombreux pour la conf\u00e9rence Administration et Libre le 17 mars \u00e0 9h00, vous encourager \u00e0 r\u00e9agir \u00e0\u2026","rel":"","context":"In &quot;Interventions&quot;","block_context":{"text":"Interventions","link":"https:\/\/blog-alexis.monville.com\/en\/category\/interventions\/"},"img":{"alt_text":"","src":"","width":0,"height":0},"classes":[]},{"id":742,"url":"https:\/\/blog-alexis.monville.com\/en\/2010\/02\/02\/ladministration-et-le-libre\/","url_meta":{"origin":463,"position":2},"title":"L&#8217;administration et le libre","author":"Alexis","date":"February 2, 2010","format":false,"excerpt":"La conf\u00e9rence sur l'administration et le libre se tiendra le mercredi 17 mars de 9h00-12h30 (Salle Rubis) dans le cadre du salon solutions linux. La France est parmi les pays europ\u00e9ens celui qui utilise et d\u00e9veloppe le plus les logiciels libres pour les besoins de service public. En continuit\u00e9 des\u2026","rel":"","context":"In &quot;Interventions&quot;","block_context":{"text":"Interventions","link":"https:\/\/blog-alexis.monville.com\/en\/category\/interventions\/"},"img":{"alt_text":"","src":"https:\/\/i0.wp.com\/www.solutionslinux.fr\/linux\/images\/logo.gif?resize=350%2C200","width":350,"height":200},"classes":[]},{"id":1192,"url":"https:\/\/blog-alexis.monville.com\/en\/2006\/02\/01\/conferences-adele-au-salon-solution-linux-2006\/","url_meta":{"origin":463,"position":3},"title":"Conf\u00e9rences Ad\u00e8le au Salon Solution Linux 2006","author":"Alexis","date":"February 1, 2006","format":false,"excerpt":"J'ai eu le plaisir de co-organiser avec Jean-Paul Degorce-Dumas les conf\u00e9rences Ad\u00e8le qui se sont d\u00e9roul\u00e9es, dans le cadre du Salon Solution Linux, le 1er f\u00e9vrier 2006. Ces conf\u00e9rences pr\u00e9sentaient les avanc\u00e9es de certaines administration dans l'am\u00e9lioration de leurs syst\u00e8mes d'informations par l'usage de solution sous licences libres. Avec les\u2026","rel":"","context":"In &quot;General&quot;","block_context":{"text":"General","link":"https:\/\/blog-alexis.monville.com\/en\/category\/all\/"},"img":{"alt_text":"","src":"","width":0,"height":0},"classes":[]},{"id":685,"url":"https:\/\/blog-alexis.monville.com\/en\/2009\/11\/19\/solutions-linux-2010\/","url_meta":{"origin":463,"position":4},"title":"Solutions Linux 2010","author":"Alexis","date":"November 19, 2009","format":false,"excerpt":"Aujourd'hui se r\u00e9unissait le comit\u00e9 de programme en vue de la pr\u00e9paration du salon Solutions Linux les 16, 17 et 18 mars 2010. 128 propositions d'interventions pour venir nourrir le programme de formations et de conf\u00e9rences se d\u00e9roulant sur le salon. D'excellentes propositions pour la conf\u00e9rence Administration et Libre que\u2026","rel":"","context":"In &quot;ayeba&quot;","block_context":{"text":"ayeba","link":"https:\/\/blog-alexis.monville.com\/en\/category\/ayeba\/"},"img":{"alt_text":"image001","src":"https:\/\/i0.wp.com\/blog-alexis.monville.com\/wp-content\/uploads\/sites\/2\/2009\/10\/image001.jpg?resize=350%2C200&ssl=1","width":350,"height":200},"classes":[]},{"id":49,"url":"https:\/\/blog-alexis.monville.com\/en\/2007\/01\/31\/conferences-adele\/","url_meta":{"origin":463,"position":5},"title":"Conf\u00e9rences ADELE","author":"Alexis","date":"January 31, 2007","format":false,"excerpt":"J'ai eu le grand plaisir de pr\u00e9sider les conf\u00e9rences ADELE sur le salon solutions linux, je viens de mettre en ligne les pr\u00e9sentation sur Synergies. Le programme des interventions : Conf\u00e9rences Ad\u00e8le au Salon Solution Linux 2007 31 janvier 2007 - 9h30 \u00e0 12h30 - CNIT \u2013 S5 \u2013 Doppler\u2026","rel":"","context":"In &quot;International&quot;","block_context":{"text":"International","link":"https:\/\/blog-alexis.monville.com\/en\/category\/international\/"},"img":{"alt_text":"","src":"","width":0,"height":0},"classes":[]}],"jetpack_sharing_enabled":true,"_links":{"self":[{"href":"https:\/\/blog-alexis.monville.com\/en\/wp-json\/wp\/v2\/posts\/463","targetHints":{"allow":["GET"]}}],"collection":[{"href":"https:\/\/blog-alexis.monville.com\/en\/wp-json\/wp\/v2\/posts"}],"about":[{"href":"https:\/\/blog-alexis.monville.com\/en\/wp-json\/wp\/v2\/types\/post"}],"author":[{"embeddable":true,"href":"https:\/\/blog-alexis.monville.com\/en\/wp-json\/wp\/v2\/users\/1"}],"replies":[{"embeddable":true,"href":"https:\/\/blog-alexis.monville.com\/en\/wp-json\/wp\/v2\/comments?post=463"}],"version-history":[{"count":0,"href":"https:\/\/blog-alexis.monville.com\/en\/wp-json\/wp\/v2\/posts\/463\/revisions"}],"wp:attachment":[{"href":"https:\/\/blog-alexis.monville.com\/en\/wp-json\/wp\/v2\/media?parent=463"}],"wp:term":[{"taxonomy":"category","embeddable":true,"href":"https:\/\/blog-alexis.monville.com\/en\/wp-json\/wp\/v2\/categories?post=463"},{"taxonomy":"post_tag","embeddable":true,"href":"https:\/\/blog-alexis.monville.com\/en\/wp-json\/wp\/v2\/tags?post=463"}],"curies":[{"name":"wp","href":"https:\/\/api.w.org\/{rel}","templated":true}]}}