{"id":459,"date":"2009-03-30T23:08:31","date_gmt":"2009-03-30T21:08:31","guid":{"rendered":"https:\/\/blog-alexis.monville.com\/?p=459"},"modified":"2009-03-30T23:08:31","modified_gmt":"2009-03-30T21:08:31","slug":"youontheweb","status":"publish","type":"post","link":"https:\/\/blog-alexis.monville.com\/en\/2009\/03\/30\/youontheweb\/","title":{"rendered":"YouOnTheWeb"},"content":{"rendered":"<p><a href=\"http:\/\/youontheweb.fr\" target=\"_blank\"><\/a><a href=\"http:\/\/www.flickr.com\/photos\/arkandis\/sets\/72157615988606551\/\"><img data-recalc-dims=\"1\" loading=\"lazy\" decoding=\"async\" class=\"alignleft\" style=\"border: 0pt none;margin: 10px\" src=\"https:\/\/i0.wp.com\/farm4.static.flickr.com\/3637\/3395478636_d3c996a8f7_m.jpg?resize=240%2C161\" alt=\"\" width=\"240\" height=\"161\" \/><\/a>You On The Web s&#8217;est d\u00e9roul\u00e9 le 28 mars 2009 dans les locaux de l&#8217;ESC Lille.<\/p>\n<p>Excellent accueil ! Excellente journ\u00e9e ! Un grand bravo aux <a href=\"http:\/\/www.geemik.net\/\">Geemiks<\/a>, et \u00e0 tous les \u00e9tudiants de l&#8217;<a href=\"http:\/\/www.esc-lille.fr\/\">ESC Lille<\/a> et de l&#8217;<a href=\"http:\/\/iteem.ec-lille.fr\/\">ITEEM<\/a> pour leur travail qui a permis de faire de cet \u00e9v\u00e9nement un vrai succ\u00e8s !<\/p>\n<p>Une excellente journ\u00e9e donc, qui a d\u00e9but\u00e9e par des ateliers autour du th\u00e8me de l&#8217;identit\u00e9 num\u00e9rique et de la r\u00e9putation en ligne.<\/p>\n<p>Les <a href=\"http:\/\/explorateursduweb.com\" target=\"_blank\">Explorateurs du Web<\/a> animaient 5 tables \u00e0 la fa\u00e7on d&#8217;un mini <a href=\"http:\/\/explorcamp.com\/\" target=\"_blank\">ExplorCamp<\/a>, ma table avait pour accroche : <a href=\"http:\/\/www.slideshare.net\/alexis\/etre-remarqu-ou-tre-remarquable\" target=\"_blank\">&#8220;\u00eatre remarqu\u00e9 ou \u00eatre remarquable ? La mesure de la r\u00e9putation en question&#8221;<\/a>. Ces animations ont suscit\u00e9es des \u00e9changes passionnants !<\/p>\n<p>La Journ\u00e9e se poursuivait par une table ronde sur le <a href=\"http:\/\/en.wikipedia.org\/wiki\/Personal_branding\" target=\"_blank\">Personal Branding<\/a> anim\u00e9e par <a href=\"http:\/\/www.emilieogez.com\/\" target=\"_blank\">Emilie Ogez<\/a>, r\u00e9unissant <a href=\"http:\/\/fadhilabrahimi.blogspirit.com\/\" target=\"_blank\">Fadhila Brahimi<\/a>, <a href=\"http:\/\/www.axiopole.info\/\" target=\"_blank\">Olivier Zara<\/a> et <a href=\"http:\/\/b-r-ent.com\/\" target=\"_blank\">Xavier Aucompte<\/a>.<\/p>\n<p>Nous avons eu la chance de partager un pique-nique pr\u00e9par\u00e9 par les \u00e9tudiants, une excellente id\u00e9e favorisant le rapprochement et l&#8217;\u00e9change puisque les paniers \u00e9taient pr\u00e9par\u00e9s pour 5 personnes.<\/p>\n<p>L&#8217;apr\u00e8s-midi \u00e9taient d\u00e9di\u00e9e au BarCamp, ponctu\u00e9e par quelques interventions de l&#8217;organisateur &#8211; r\u00e9sultats du concours, ap\u00e9ro&#8230; &#8211; qui emp\u00eacheront de tenir un programme aussi dense que pr\u00e9vu (nouvelles sessions toute les demi-heure)&#8230; A retenir pour les prochains \u00e9v\u00e8nements \ud83d\ude09<\/p>\n<p>Les \u00e9changes sur <a href=\"http:\/\/search.twitter.com\/search?q=youontheweb\" target=\"_blank\">twitter<\/a> avant, pendant et apr\u00e8s la journ\u00e9e : <a href=\"http:\/\/search.twitter.com\/search?q=youontheweb\" target=\"_blank\">http:\/\/search.twitter.com\/search?q=youontheweb<\/a><\/p>\n<p><strong>La <a href=\"http:\/\/www.flickr.com\/photos\/arkandis\/sets\/72157615988606551\/\" target=\"_blank\">photographie<\/a> est de <a href=\"http:\/\/www.arkandis.com\/sylvie-le-bars\/\" target=\"_blank\">Sylvie Le Bars<\/a> de <a href=\"http:\/\/www.arkandis.com\/\" target=\"_blank\">Arkandis<\/a>.<\/strong><\/p>\n","protected":false},"excerpt":{"rendered":"<p>You On The Web s&#8217;est d\u00e9roul\u00e9 le 28 mars 2009 dans les locaux de l&#8217;ESC Lille. Excellent accueil ! Excellente journ\u00e9e ! Un grand bravo aux Geemiks, et \u00e0 tous les \u00e9tudiants de l&#8217;ESC Lille et de l&#8217;ITEEM pour leur travail qui a permis de faire de cet \u00e9v\u00e9nement un vrai succ\u00e8s ! Une excellente [&hellip;]<\/p>\n","protected":false},"author":1,"featured_media":0,"comment_status":"open","ping_status":"open","sticky":false,"template":"","format":"standard","meta":{"advanced_seo_description":"","jetpack_seo_html_title":"","jetpack_seo_noindex":false,"jetpack_post_was_ever_published":false,"_jetpack_newsletter_access":"","_jetpack_dont_email_post_to_subs":false,"_jetpack_newsletter_tier_id":0,"_jetpack_memberships_contains_paywalled_content":false,"_jetpack_memberships_contains_paid_content":false,"footnotes":""},"categories":[5,8],"tags":[],"class_list":["post-459","post","type-post","status-publish","format-standard","hentry","category-explorateurs","category-interventions"],"jetpack_featured_media_url":"","jetpack_shortlink":"https:\/\/wp.me\/paNjQG-7p","jetpack-related-posts":[{"id":233,"url":"https:\/\/blog-alexis.monville.com\/en\/2008\/10\/19\/les-explorateurs-au-forum\/","url_meta":{"origin":459,"position":0},"title":"Les Explorateurs au Forum&#8230;","author":"Alexis","date":"October 19, 2008","format":false,"excerpt":"Les 17 et 18 octobre, les Explorateurs du web avaient rendez-vous au Forum des Associations de la ville de Paris. De nombreuses rencontres passionnantes, des questions, des id\u00e9es sur les usages du web (qui pour beaucoup est la premi\u00e8re version qu'ils voient et pour qui, donc, l'expression web 2.0 n'a\u2026","rel":"","context":"In &quot;Explorateurs&quot;","block_context":{"text":"Explorateurs","link":"https:\/\/blog-alexis.monville.com\/en\/category\/explorateurs\/"},"img":{"alt_text":"","src":"https:\/\/i0.wp.com\/lh6.ggpht.com\/monville.alexis\/SPsY6YwlyDI\/AAAAAAAACDA\/D-9xHDRk2eA\/s144\/explorateurs-forum-association.jpg?resize=350%2C200","width":350,"height":200},"classes":[]},{"id":424,"url":"https:\/\/blog-alexis.monville.com\/en\/2009\/02\/17\/internet-la-realite-qui-change-la-vie\/","url_meta":{"origin":459,"position":1},"title":"Internet, la r\u00e9alit\u00e9 qui change la vie","author":"Alexis","date":"February 17, 2009","format":false,"excerpt":"J'ai souvent cit\u00e9 Didier Ad\u00e8s comme animateur des rencontres \u00e9conomiques organis\u00e9es par l'IGPDE. Je n'avais pas encore parl\u00e9 de l'\u00e9mission qu'il anime sur France Inter avec Dominique Dambert : rue des entrepreneurs, l'\u00e9dition du 14 f\u00e9vrier 2009 consacr\u00e9 \u00e0 Internet est une excellente occasion d'en parler ! Cet \u00e9mission r\u00e9unissait\u2026","rel":"","context":"In &quot;Explorateurs&quot;","block_context":{"text":"Explorateurs","link":"https:\/\/blog-alexis.monville.com\/en\/category\/explorateurs\/"},"img":{"alt_text":"","src":"https:\/\/i0.wp.com\/image.radio-france.fr\/franceinter\/_media\/em\/25020121-bandeau.jpg?resize=350%2C200","width":350,"height":200},"classes":[]},{"id":502,"url":"https:\/\/blog-alexis.monville.com\/en\/2009\/04\/27\/travailleurs-du-web\/","url_meta":{"origin":459,"position":2},"title":"Travailleurs du Web","author":"Alexis","date":"April 27, 2009","format":false,"excerpt":"Le BarCamp des Travailleurs du Web s'est tenu ce samedi 25 avril au Comptoir G\u00e9n\u00e9ral (l'espace de conf\u00e9rence de La Ruche au 80 quai de Jemmapes \u00e0 Paris). Des rencontres passionnantes comme toujours dans ces rencontres qui s'auto-organisent (presque). De nombreux sujets abord\u00e9s : GTD, gestion de projet, statut des\u2026","rel":"","context":"In &quot;Explorateurs&quot;","block_context":{"text":"Explorateurs","link":"https:\/\/blog-alexis.monville.com\/en\/category\/explorateurs\/"},"img":{"alt_text":"tdw-camp09","src":"https:\/\/i0.wp.com\/blog-alexis.monville.com\/wp-content\/uploads\/sites\/2\/2009\/04\/tdw-camp09.jpg?resize=350%2C200&ssl=1","width":350,"height":200},"classes":[]},{"id":456,"url":"https:\/\/blog-alexis.monville.com\/en\/2009\/03\/24\/you-on-the-web\/","url_meta":{"origin":459,"position":3},"title":"You On The Web","author":"Alexis","date":"March 24, 2009","format":false,"excerpt":"You On The Web, ce sont les premi\u00e8res Rencontres sur l\u2019identit\u00e9 num\u00e9rique, l\u2019e-r\u00e9putation et le personal branding en r\u00e9gion Nord Pas de Calais. C'est un \u00e9v\u00e8nement est organis\u00e9 par Les Geemiks avec ESC Lille et ITEEM ce samedi 28 mars \u00e0 Lille. Plus d'information sur le site YouOnTheWeb.fr. Les Explorateurs\u2026","rel":"","context":"In &quot;Explorateurs&quot;","block_context":{"text":"Explorateurs","link":"https:\/\/blog-alexis.monville.com\/en\/category\/explorateurs\/"},"img":{"alt_text":"","src":"https:\/\/i0.wp.com\/youontheweb.fr\/wp-content\/uploads\/2009\/02\/cloudtag2-300x188.png?resize=350%2C200","width":350,"height":200},"classes":[]},{"id":384,"url":"https:\/\/blog-alexis.monville.com\/en\/2009\/02\/07\/les-explorateurs-du-web-sur-netexplorateurs\/","url_meta":{"origin":459,"position":4},"title":"Les Explorateurs du Web sur NetExplorateurs","author":"Alexis","date":"February 7, 2009","format":false,"excerpt":"Les Explorateurs du Web \u00e9taient pr\u00e9sents au forum NetExplorateurs organis\u00e9 au S\u00e9nat les 5 et 6 f\u00e9vrier 2009. NetExplorateurs a pour ambition de d\u00e9tecter les nouveaux usages du num\u00e9rique. Des rencontres passionnantes et un programme relev\u00e9 (dont je n'ai malheureusement que peu profit\u00e9 !). Une bonne fa\u00e7on de s'interroger sur\u2026","rel":"","context":"In &quot;Explorateurs&quot;","block_context":{"text":"Explorateurs","link":"https:\/\/blog-alexis.monville.com\/en\/category\/explorateurs\/"},"img":{"alt_text":"netexplorateur1","src":"https:\/\/i0.wp.com\/blog-alexis.monville.com\/wp-content\/uploads\/sites\/2\/2009\/02\/netexplorateur1.gif?resize=350%2C200&ssl=1","width":350,"height":200},"classes":[]},{"id":513,"url":"https:\/\/blog-alexis.monville.com\/en\/2009\/05\/07\/les-explorateurs-du-web-2\/","url_meta":{"origin":459,"position":5},"title":"Les Explorateurs du Web","author":"Alexis","date":"May 7, 2009","format":false,"excerpt":"La premi\u00e8re r\u00e9union du nouveau Conseil d'Administration de l'association Les Explorateurs du Web s'est tenue hier soir \u00e0 La Ruche. La transition avec l'ancienne \u00e9quipe est en cours et sera finalis\u00e9e lors du rendez-vous des \"Pr\u00e9sidents\" planifi\u00e9 mardi 12 mai. Nous publierons \u00e0 suivre notre proposition de plan d'action pour\u2026","rel":"","context":"In &quot;Explorateurs&quot;","block_context":{"text":"Explorateurs","link":"https:\/\/blog-alexis.monville.com\/en\/category\/explorateurs\/"},"img":{"alt_text":"","src":"https:\/\/i0.wp.com\/explorateursduweb.com\/blog\/wp-content\/files\/explorateurs-du-web-150.gif?resize=350%2C200","width":350,"height":200},"classes":[]}],"jetpack_sharing_enabled":true,"_links":{"self":[{"href":"https:\/\/blog-alexis.monville.com\/en\/wp-json\/wp\/v2\/posts\/459","targetHints":{"allow":["GET"]}}],"collection":[{"href":"https:\/\/blog-alexis.monville.com\/en\/wp-json\/wp\/v2\/posts"}],"about":[{"href":"https:\/\/blog-alexis.monville.com\/en\/wp-json\/wp\/v2\/types\/post"}],"author":[{"embeddable":true,"href":"https:\/\/blog-alexis.monville.com\/en\/wp-json\/wp\/v2\/users\/1"}],"replies":[{"embeddable":true,"href":"https:\/\/blog-alexis.monville.com\/en\/wp-json\/wp\/v2\/comments?post=459"}],"version-history":[{"count":0,"href":"https:\/\/blog-alexis.monville.com\/en\/wp-json\/wp\/v2\/posts\/459\/revisions"}],"wp:attachment":[{"href":"https:\/\/blog-alexis.monville.com\/en\/wp-json\/wp\/v2\/media?parent=459"}],"wp:term":[{"taxonomy":"category","embeddable":true,"href":"https:\/\/blog-alexis.monville.com\/en\/wp-json\/wp\/v2\/categories?post=459"},{"taxonomy":"post_tag","embeddable":true,"href":"https:\/\/blog-alexis.monville.com\/en\/wp-json\/wp\/v2\/tags?post=459"}],"curies":[{"name":"wp","href":"https:\/\/api.w.org\/{rel}","templated":true}]}}