{"id":456,"date":"2009-03-24T23:00:16","date_gmt":"2009-03-24T21:00:16","guid":{"rendered":"https:\/\/blog-alexis.monville.com\/?p=456"},"modified":"2009-03-24T23:00:16","modified_gmt":"2009-03-24T21:00:16","slug":"you-on-the-web","status":"publish","type":"post","link":"https:\/\/blog-alexis.monville.com\/en\/2009\/03\/24\/you-on-the-web\/","title":{"rendered":"You On The Web"},"content":{"rendered":"<p><a href=\"http:\/\/youontheweb.fr\/\"><img data-recalc-dims=\"1\" loading=\"lazy\" decoding=\"async\" class=\"alignleft\" style=\"border: 0pt none;margin: 10px\" src=\"https:\/\/i0.wp.com\/youontheweb.fr\/wp-content\/uploads\/2009\/02\/cloudtag2-300x188.png?resize=300%2C188\" alt=\"\" width=\"300\" height=\"188\" \/><\/a>You On The Web, ce sont les <strong>premi\u00e8res Rencontres  sur l\u2019identit\u00e9 num\u00e9rique, l\u2019e-r\u00e9putation et le personal branding en r\u00e9gion Nord Pas de Calais.<\/strong><br \/>\nC&#8217;est un \u00e9v\u00e8nement est organis\u00e9 par Les <a href=\"http:\/\/www.geemik.net\/\">Geemiks<\/a> avec <a href=\"http:\/\/www.esc-lille.fr\/\">ESC Lille<\/a> et <a href=\"http:\/\/iteem.ec-lille.fr\/\">ITEEM<\/a> ce samedi 28 mars \u00e0 Lille.<\/p>\n<p>Plus d&#8217;information sur le site <a href=\"http:\/\/youontheweb.fr\/\" target=\"_blank\">YouOnTheWeb.fr<\/a>.<\/p>\n<p><a href=\"http:\/\/explorateursduweb.com\" target=\"_blank\">Les Explorateurs du Web<\/a> contribueront \u00e0 cet \u00e9v\u00e8nement !<\/p>\n","protected":false},"excerpt":{"rendered":"<p>You On The Web, ce sont les premi\u00e8res Rencontres sur l\u2019identit\u00e9 num\u00e9rique, l\u2019e-r\u00e9putation et le personal branding en r\u00e9gion Nord Pas de Calais. C&#8217;est un \u00e9v\u00e8nement est organis\u00e9 par Les Geemiks avec ESC Lille et ITEEM ce samedi 28 mars \u00e0 Lille. Plus d&#8217;information sur le site YouOnTheWeb.fr. Les Explorateurs du Web contribueront \u00e0 cet [&hellip;]<\/p>\n","protected":false},"author":1,"featured_media":0,"comment_status":"open","ping_status":"open","sticky":false,"template":"","format":"standard","meta":{"advanced_seo_description":"","jetpack_seo_html_title":"","jetpack_seo_noindex":false,"jetpack_post_was_ever_published":false,"_jetpack_newsletter_access":"","_jetpack_dont_email_post_to_subs":false,"_jetpack_newsletter_tier_id":0,"_jetpack_memberships_contains_paywalled_content":false,"_jetpack_memberships_contains_paid_content":false,"footnotes":""},"categories":[5,8],"tags":[],"class_list":["post-456","post","type-post","status-publish","format-standard","hentry","category-explorateurs","category-interventions"],"jetpack_featured_media_url":"","jetpack_shortlink":"https:\/\/wp.me\/paNjQG-7m","jetpack-related-posts":[{"id":459,"url":"https:\/\/blog-alexis.monville.com\/en\/2009\/03\/30\/youontheweb\/","url_meta":{"origin":456,"position":0},"title":"YouOnTheWeb","author":"Alexis","date":"March 30, 2009","format":false,"excerpt":"You On The Web s'est d\u00e9roul\u00e9 le 28 mars 2009 dans les locaux de l'ESC Lille. Excellent accueil ! Excellente journ\u00e9e ! Un grand bravo aux Geemiks, et \u00e0 tous les \u00e9tudiants de l'ESC Lille et de l'ITEEM pour leur travail qui a permis de faire de cet \u00e9v\u00e9nement un\u2026","rel":"","context":"In &quot;Explorateurs&quot;","block_context":{"text":"Explorateurs","link":"https:\/\/blog-alexis.monville.com\/en\/category\/explorateurs\/"},"img":{"alt_text":"","src":"https:\/\/i0.wp.com\/farm4.static.flickr.com\/3637\/3395478636_d3c996a8f7_m.jpg?resize=350%2C200","width":350,"height":200},"classes":[]},{"id":384,"url":"https:\/\/blog-alexis.monville.com\/en\/2009\/02\/07\/les-explorateurs-du-web-sur-netexplorateurs\/","url_meta":{"origin":456,"position":1},"title":"Les Explorateurs du Web sur NetExplorateurs","author":"Alexis","date":"February 7, 2009","format":false,"excerpt":"Les Explorateurs du Web \u00e9taient pr\u00e9sents au forum NetExplorateurs organis\u00e9 au S\u00e9nat les 5 et 6 f\u00e9vrier 2009. NetExplorateurs a pour ambition de d\u00e9tecter les nouveaux usages du num\u00e9rique. Des rencontres passionnantes et un programme relev\u00e9 (dont je n'ai malheureusement que peu profit\u00e9 !). Une bonne fa\u00e7on de s'interroger sur\u2026","rel":"","context":"In &quot;Explorateurs&quot;","block_context":{"text":"Explorateurs","link":"https:\/\/blog-alexis.monville.com\/en\/category\/explorateurs\/"},"img":{"alt_text":"netexplorateur1","src":"https:\/\/i0.wp.com\/blog-alexis.monville.com\/wp-content\/uploads\/sites\/2\/2009\/02\/netexplorateur1.gif?resize=350%2C200&ssl=1","width":350,"height":200},"classes":[]},{"id":233,"url":"https:\/\/blog-alexis.monville.com\/en\/2008\/10\/19\/les-explorateurs-au-forum\/","url_meta":{"origin":456,"position":2},"title":"Les Explorateurs au Forum&#8230;","author":"Alexis","date":"October 19, 2008","format":false,"excerpt":"Les 17 et 18 octobre, les Explorateurs du web avaient rendez-vous au Forum des Associations de la ville de Paris. De nombreuses rencontres passionnantes, des questions, des id\u00e9es sur les usages du web (qui pour beaucoup est la premi\u00e8re version qu'ils voient et pour qui, donc, l'expression web 2.0 n'a\u2026","rel":"","context":"In &quot;Explorateurs&quot;","block_context":{"text":"Explorateurs","link":"https:\/\/blog-alexis.monville.com\/en\/category\/explorateurs\/"},"img":{"alt_text":"","src":"https:\/\/i0.wp.com\/lh6.ggpht.com\/monville.alexis\/SPsY6YwlyDI\/AAAAAAAACDA\/D-9xHDRk2eA\/s144\/explorateurs-forum-association.jpg?resize=350%2C200","width":350,"height":200},"classes":[]},{"id":216,"url":"https:\/\/blog-alexis.monville.com\/en\/2008\/10\/15\/les-explorateurs-du-web-au-forum\/","url_meta":{"origin":456,"position":3},"title":"Les Explorateurs du Web au Forum&#8230;","author":"Alexis","date":"October 15, 2008","format":false,"excerpt":"Le Forum des associations de la ville de Paris se tiendra les 17 et 18 octobre sur le parvis de l'H\u00f4tel de Ville. Les Explorateurs du Web y seront ! [regardez le programme]","rel":"","context":"In &quot;General&quot;","block_context":{"text":"General","link":"https:\/\/blog-alexis.monville.com\/en\/category\/all\/"},"img":{"alt_text":"","src":"https:\/\/i0.wp.com\/farm4.static.flickr.com\/3229\/2926875180_f806f2ecde.jpg?resize=350%2C200","width":350,"height":200},"classes":[]},{"id":513,"url":"https:\/\/blog-alexis.monville.com\/en\/2009\/05\/07\/les-explorateurs-du-web-2\/","url_meta":{"origin":456,"position":4},"title":"Les Explorateurs du Web","author":"Alexis","date":"May 7, 2009","format":false,"excerpt":"La premi\u00e8re r\u00e9union du nouveau Conseil d'Administration de l'association Les Explorateurs du Web s'est tenue hier soir \u00e0 La Ruche. La transition avec l'ancienne \u00e9quipe est en cours et sera finalis\u00e9e lors du rendez-vous des \"Pr\u00e9sidents\" planifi\u00e9 mardi 12 mai. Nous publierons \u00e0 suivre notre proposition de plan d'action pour\u2026","rel":"","context":"In &quot;Explorateurs&quot;","block_context":{"text":"Explorateurs","link":"https:\/\/blog-alexis.monville.com\/en\/category\/explorateurs\/"},"img":{"alt_text":"","src":"https:\/\/i0.wp.com\/explorateursduweb.com\/blog\/wp-content\/files\/explorateurs-du-web-150.gif?resize=350%2C200","width":350,"height":200},"classes":[]},{"id":302,"url":"https:\/\/blog-alexis.monville.com\/en\/2008\/12\/28\/ted-kevin-kelly-5000-prochains-jours-internet\/","url_meta":{"origin":456,"position":5},"title":"Les 5000 prochains jours de l&#8217;Internet","author":"Alexis","date":"December 28, 2008","format":false,"excerpt":"A la recherche d'une photographie pour Un Jour Une \u0152uvre, je suis tomb\u00e9 sur les photographies de Trey Ratcliff. Une illustre cet article, une autre est sur Un Jour Une \u0152uvre ce 28 d\u00e9cembre. Trey avait mis en sous-titre de sa photo sur flickr.com, une r\u00e9f\u00e9rence a une conf\u00e9rence qu'a\u2026","rel":"","context":"In &quot;Explorateurs&quot;","block_context":{"text":"Explorateurs","link":"https:\/\/blog-alexis.monville.com\/en\/category\/explorateurs\/"},"img":{"alt_text":"","src":"https:\/\/i0.wp.com\/farm4.static.flickr.com\/3294\/3078802485_b665eb38f4_m.jpg?resize=350%2C200","width":350,"height":200},"classes":[]}],"jetpack_sharing_enabled":true,"_links":{"self":[{"href":"https:\/\/blog-alexis.monville.com\/en\/wp-json\/wp\/v2\/posts\/456","targetHints":{"allow":["GET"]}}],"collection":[{"href":"https:\/\/blog-alexis.monville.com\/en\/wp-json\/wp\/v2\/posts"}],"about":[{"href":"https:\/\/blog-alexis.monville.com\/en\/wp-json\/wp\/v2\/types\/post"}],"author":[{"embeddable":true,"href":"https:\/\/blog-alexis.monville.com\/en\/wp-json\/wp\/v2\/users\/1"}],"replies":[{"embeddable":true,"href":"https:\/\/blog-alexis.monville.com\/en\/wp-json\/wp\/v2\/comments?post=456"}],"version-history":[{"count":0,"href":"https:\/\/blog-alexis.monville.com\/en\/wp-json\/wp\/v2\/posts\/456\/revisions"}],"wp:attachment":[{"href":"https:\/\/blog-alexis.monville.com\/en\/wp-json\/wp\/v2\/media?parent=456"}],"wp:term":[{"taxonomy":"category","embeddable":true,"href":"https:\/\/blog-alexis.monville.com\/en\/wp-json\/wp\/v2\/categories?post=456"},{"taxonomy":"post_tag","embeddable":true,"href":"https:\/\/blog-alexis.monville.com\/en\/wp-json\/wp\/v2\/tags?post=456"}],"curies":[{"name":"wp","href":"https:\/\/api.w.org\/{rel}","templated":true}]}}