{"id":45,"date":"2006-12-11T00:37:43","date_gmt":"2006-12-10T22:37:43","guid":{"rendered":"http:\/\/alexismonville.wordpress.com\/2006\/12\/11\/les-instruments-economiques-du-developpement-durable\/"},"modified":"2006-12-11T00:37:43","modified_gmt":"2006-12-10T22:37:43","slug":"les-instruments-economiques-du-developpement-durable","status":"publish","type":"post","link":"https:\/\/blog-alexis.monville.com\/en\/2006\/12\/11\/les-instruments-economiques-du-developpement-durable\/","title":{"rendered":"les instruments \u00e9conomiques du d\u00e9veloppement durable"},"content":{"rendered":"<p>Derni\u00e8re session des rencontres \u00e9conomiques pour 2006, toujours brillamment anim\u00e9es par Didier Ades, avec la participation de :<\/p>\n<ul>\n<li><strong>Olivier Godard<\/strong>, directeur de recherches au CNRS : \u00ab <strong>Cadrage th\u00e9orique sur les instruments \u00e9conomiques des politiques de d\u00e9veloppement durable<\/strong> \u00bb<\/li>\n<\/ul>\n<ul>\n<li><strong>Guillaume Sainteny<\/strong>, directeur des \u00e9tudes \u00e9conomiques et de l\u2019\u00e9valuation environnementale au minist\u00e8re de l\u2019\u00c9cologie et du d\u00e9veloppement durable : \u00ab <strong>L&#8217;usage de la fiscalit\u00e9 en mati\u00e8re d&#8217;environnement<\/strong> \u00bb<\/li>\n<\/ul>\n<ul>\n<li><strong>Christian Balmes<\/strong>, pr\u00e9sident de Shell : \u00ab <strong>La d\u00e9marche d\u2019une grande entreprise \u00e9nerg\u00e9tique en mati\u00e8re de d\u00e9veloppement durable : l\u2019exemple de Shell<\/strong> \u00bb<\/li>\n<\/ul>\n<ul>\n<li><strong>Alain Lipietz<\/strong>, \u00e9conomiste, d\u00e9put\u00e9 europ\u00e9en : \u00ab <strong>Propositions pour une politique r\u00e9ellement efficace en mati\u00e8re de d\u00e9veloppement durable<\/strong> \u00bb<\/li>\n<\/ul>\n<p>Le questionement (provocateur) de Didier Ades en introduction de cette session : &#8220;le d\u00e9veloppement durable n&#8217;est il pas en train de rater son objectif en cherchant a s&#8217;inscrire dans la loi ?&#8221;<\/p>\n<p><!--more--><\/p>\n<p>De l&#8217;intervention de cadrage d&#8217;Olivier Godard, je retiens :<\/p>\n<ul>\n<li>inciter plut\u00f4t que contraindre,<\/li>\n<li>la puissance publique doit faire ce que le march\u00e9 ne fait pas. le march\u00e9 ne s&#8217;occupe pas de long terme ni de bien collectif.<\/li>\n<\/ul>\n<p>Une remarque : Le probl\u00e8me de l&#8217;incitation est qu&#8217;elle doit \u00eatre fonction des ressources de l&#8217;agent&#8230; Sinon on retrouve le probl\u00e8me de l&#8217;amende pour mauvais stationnement 75\u20ac pour quelqu&#8217;un qui en gagne 1000\u20ac (7.5%) pour quelqu&#8217;un qui en gagne 10000 ce n&#8217;est plus que 0.75%&#8230;<\/p>\n<p>Guillaume Sainteny donnera quelques indices sur notre capacit\u00e9 \u00e0 faire mieux !<\/p>\n<p>Comme par exemple au chapitre des d\u00e9penses fiscales : 500 millions d&#8217;euros par an favorable \u00e0 l&#8217;environnement, 5.5 milliards d&#8217;euros par an d\u00e9favorable \u00e0 l&#8217;environnement !!<\/p>\n<p>Ou comme le paradoxe des terrains fonciers non batis, moins rentable mais plus impos\u00e9&#8230;<\/p>\n<p>Et encore les subventions et d\u00e9penses fiscales del&#8217;UE, 30 milliards d&#8217;euros par an dont 85% vont ves les \u00e9nergies conventionnelles.<\/p>\n<p>Ou les exon\u00e9rations de TIPP (1 milliards d&#8217;euros par an) qui profite \u00e0 des acteurs qui ne sont donc pas incit\u00e9s \u00e0 faire mieux&#8230; (taxi, p\u00eache, transport routier et aviation)<\/p>\n<p>Le chiffrage du co\u00fbt mondial du r\u00e9chauffement climatique \u00e0 5500 milliards d&#8217;euros a fait parler de lui r\u00e9cemment moins que les 74000 milliards chiffr\u00e9s pour la m\u00eame chose par une \u00e9tude command\u00e9e par l&#8217;union europ\u00e9enne&#8230; Ce qui est int\u00e9ressant dans tout cela, au del\u00e0 de l&#8217;effet p\u00e9dagogique est que le co\u00fbt d&#8217;adaptation n&#8217;est que de 1% du PIB (et encore il est potentiellement nul vu l&#8217;augmentation d&#8217;activit\u00e9)<\/p>\n<p>Christian Balmes pr\u00e9sident de Shell a expliqu\u00e9 comment ils allaient devenir un fournisseur d&#8217;energie durable&#8230;<\/p>\n<p>Evidement, on a tr\u00e8s envie de vouloir lui demander de faire plus et plus vite au vu des profits engrang\u00e9s (promettre d&#8217;arr\u00eater de torcher le gaz \u00e0 partir de 2010 est peut-\u00eatr eun peu lointain non ?) ne pas souhaiter de notation <a target=\"_blank\" href=\"http:\/\/www.vigeo.fr\/\">vig\u00e9o<\/a>, car ils ne sont pas pr\u00eat est un indicateur de maturit\u00e9 int\u00e9ressant&#8230;<\/p>\n<ul>\n<li>La probl\u00e9matique n&#8217;est pas le p\u00e9trole qui reste mais l&#8217;\u00e9mission de CO2.<\/li>\n<li>Le prix de la tonne de GES est trop faible pour \u00eatre incitatif<\/li>\n<li>Un commentaire &#8211; la s\u00e9questration du carbone est d&#8217;actuellement 1\/10000 \u00e8me de la production, l&#8217;augmenter est une bonne id\u00e9e&#8230; mais d&#8217;un facteur combien pour \u00eatre significatif ?<\/li>\n<\/ul>\n<p>Petit commentaire personnel en passant : la seule solution pour faire prendre en compte aux agents les externalit\u00e9s de leurs activit\u00e9s est de ne plus vendre de produits, mais uniquement des services. Exemple, j&#8217;ach\u00e8te de l&#8217;\u00e9clairage et non des ampoules, de l&#8217;\u00e9lectricit\u00e9&#8230; Le fournisseur du service \u00e0 tout int\u00e9r\u00eat \u00e0 utiliser des ampoules le plus efficace possible et le plus durable.<br \/>\nAlain Lipietz a fait une excellente pr\u00e9sentation, le protocole de Kyoto n&#8217;a pas \u00e9t\u00e9 ratifi\u00e9 par de grands pays comme les USA, le Canada, l&#8217;Australie et mal appliqu\u00e9 par ceux qui l&#8217;ont ratifi\u00e9&#8230; 40% de pays ne sont pas vertueux, comme la France et l&#8217;Espagne par exemple&#8230; On ne va pas s&#8217;\u00e9gosiller sur les dangers&#8230; ou plut\u00f4t, il est temps d&#8217;utiliser des arguments qui fonctionnent&#8230; Les g\u00e9n\u00e9rations futures : bof !&#8230; Nos parents, ah oui \u00e7a parle plus&#8230; et en plus on va bient\u00f4t avoir leurs ages&#8230; alors, cela commence \u00e0 vouloir \u00eatre entendu par certain !<\/p>\n<p>Les objectifs de l&#8217;UE (Lisbonne et Goteborg) sont de plus en plus dissoci\u00e9s et des arguments du genre, nous ne sommes pas comp\u00e9titif sur la connaissance, aussi n&#8217;essayons pas d&#8217;etre vertueux sur le d\u00e9veloppement soutenable.<\/p>\n<p>Sur la n\u00e9gociation des gaz \u00e0 effet de serre, le d\u00e9s\u00e9quilibre est important. La division Nord\/Sud est compliqu\u00e9 d&#8217;une division entre ceux qui ont int\u00e9r\u00eat \u00e0 faire quelque chose et ceux qui pr\u00e9f\u00e8rent ne rien faire&#8230;<\/p>\n<p>Au nord les \u00e9tat unis, 5000 kg par habitant (l&#8217;objectif est de 500 \u00e0 600 kg par habitant) ne veulent rien faire (&#8220;notre mode de vie n&#8217;est pas n\u00e9gociable&#8221; Georges Bush S\u00e9nior), l&#8217;Europe 2000 kg souhaite atteindre l&#8217;objectif.<\/p>\n<p>Au sud, le Bangladesh avec 60 kg par habitant a int\u00e9r\u00eat \u00e0 ce que quelque chose soit fait (sinon il disparait sous les eaux), l&#8217;Inde et la Chine (qui vient de d\u00e9passer les 500 kg) argumentent que depuis 200 ans les \u00e9tats-unis et l&#8217;Europe polluent, et donc que eux aussi ont le droit de polluer pendant un certain temps avant d&#8217;appliquer de nouvelles r\u00e8gles&#8230; N\u00e9gociation bloqu\u00e9e&#8230;<\/p>\n<p>Si l&#8217;on ajoute \u00e0 cela les n\u00e9gociations sur la biodiversit\u00e9, comment les pays du nord vont financer les pays du sud pour qu&#8217;ils prot\u00e8gent leur biodiversit\u00e9 ? Comment \u00e9quilibrer entre protection intellectuelle et production de ressources ?<\/p>\n<p>En jumelant les diff\u00e9rentes n\u00e9gociations, on peut esp\u00e9rer faire entrer l&#8217;ensemble des pays dans les cadres internationaux ?<\/p>\n<p>L&#8217;Europe devrait peut-\u00eatre partir seule et maintenant ?<\/p>\n","protected":false},"excerpt":{"rendered":"<p>Derni\u00e8re session des rencontres \u00e9conomiques pour 2006, toujours brillamment anim\u00e9es par Didier Ades, avec la participation de : Olivier Godard, directeur de recherches au CNRS : \u00ab Cadrage th\u00e9orique sur les instruments \u00e9conomiques des politiques de d\u00e9veloppement durable \u00bb Guillaume Sainteny, directeur des \u00e9tudes \u00e9conomiques et de l\u2019\u00e9valuation environnementale au minist\u00e8re de l\u2019\u00c9cologie et du [&hellip;]<\/p>\n","protected":false},"author":1,"featured_media":0,"comment_status":"open","ping_status":"open","sticky":false,"template":"","format":"standard","meta":{"advanced_seo_description":"","jetpack_seo_html_title":"","jetpack_seo_noindex":false,"jetpack_post_was_ever_published":false,"_jetpack_newsletter_access":"","_jetpack_dont_email_post_to_subs":false,"_jetpack_newsletter_tier_id":0,"_jetpack_memberships_contains_paywalled_content":false,"_jetpack_memberships_contains_paid_content":false,"footnotes":""},"categories":[1],"tags":[],"class_list":["post-45","post","type-post","status-publish","format-standard","hentry","category-all"],"jetpack_featured_media_url":"","jetpack_shortlink":"https:\/\/wp.me\/paNjQG-J","jetpack-related-posts":[{"id":42,"url":"https:\/\/blog-alexis.monville.com\/en\/2006\/11\/21\/rencontres-economiques\/","url_meta":{"origin":45,"position":0},"title":"Rencontres \u00e9conomiques","author":"Alexis","date":"November 21, 2006","format":false,"excerpt":"L'EFFICACIT\u00c9 DES ACTIONS DE D\u00c9VELOPPEMENT DANS LES PAYS PAUVRES Toujours anim\u00e9 par Didier ADES, r\u00e9dacteur en chef \u00e0 RAdio-France et avec les interventions de : Intervention de Sophie Englebienne, Directrice des programmes d'OXFAM solidarit\u00e9 en Belgique - Th\u00e8me : \u00ab Une exp\u00e9rience de terrain : comment mieux valoriser l'aide au\u2026","rel":"","context":"In &quot;General&quot;","block_context":{"text":"General","link":"https:\/\/blog-alexis.monville.com\/en\/category\/all\/"},"img":{"alt_text":"R\u00e9duire l'extr\u00eame pauvret\u00e9 et la faim","src":"https:\/\/i0.wp.com\/www.un.org\/french\/millenniumgoals\/images\/goal1-over.gif?resize=350%2C200","width":350,"height":200},"classes":[]},{"id":18,"url":"https:\/\/blog-alexis.monville.com\/en\/2006\/06\/13\/dynamiser-la-recherche-%e2%80%93-developpement-et-l%e2%80%99innovation\/","url_meta":{"origin":45,"position":1},"title":"Dynamiser la recherche \u2013 d\u00e9veloppement et l\u2019innovation","author":"Alexis","date":"June 13, 2006","format":false,"excerpt":"Toujours les rencontres \u00e9conomiques de l'IGPDE, extr\u00e8mement int\u00e9ressant ! Malheureusement, pas de temps pour les questions \/ r\u00e9ponses !! Jean Paul Betb\u00e8ze, chef \u00e9conomiste de Cr\u00e9dit Agricole SA, membre du Conseil d\u2019analyse \u00e9conomique Ramani Shyama, chercheur \u00e0 l\u2019 INRA Nobuo Tanaka, directeur, direction de la science, de la technologie et\u2026","rel":"","context":"In &quot;General&quot;","block_context":{"text":"General","link":"https:\/\/blog-alexis.monville.com\/en\/category\/all\/"},"img":{"alt_text":"","src":"","width":0,"height":0},"classes":[]},{"id":34,"url":"https:\/\/blog-alexis.monville.com\/en\/2006\/10\/23\/agriculture-et-commerce-mondiale\/","url_meta":{"origin":45,"position":2},"title":"Agriculture et commerce mondial","author":"Alexis","date":"October 23, 2006","format":false,"excerpt":"Une nouvelle session des Rencontres de l'Institut de Gestion Publique et de D\u00e9veloppement Economique (IGPDE). Etat des lieux, perspectives et enjeux des n\u00e9gociations internationales par Jean-Christophe BUREAU, \u00e9conomiste du centre d'\u00e9tudes prospectives et d'informations internationales, PAC et OMC : actualit\u00e9s et perspectives, par Jean-Marie AURAND, directeur des politiques \u00e9conomique et\u2026","rel":"","context":"In &quot;General&quot;","block_context":{"text":"General","link":"https:\/\/blog-alexis.monville.com\/en\/category\/all\/"},"img":{"alt_text":"","src":"","width":0,"height":0},"classes":[]},{"id":163,"url":"https:\/\/blog-alexis.monville.com\/en\/2008\/09\/20\/patriotisme-economique\/","url_meta":{"origin":45,"position":3},"title":"Patriotisme \u00e9conomique","author":"Alexis","date":"September 20, 2008","format":false,"excerpt":"Le patriotisme \u00e9conomique : une nouvelle politique industrielle pour le XXIe si\u00e8cle ?\u00a0 Pour \u00e9clairer la question pos\u00e9e pour cette nouvelle session des Rencontres \u00e9conomiques de l\u2019IGPDE (18 septembre 2008), Martin Pi\u00e9tri, qui rempla\u00e7ait au pied lev\u00e9 l\u2019animateur habituel Didier Ad\u00e8s, citait une source anonyme (et \u00e9nerv\u00e9e) du SGDN\u00a0: \u00ab\u00a0avec\u2026","rel":"","context":"In &quot;General&quot;","block_context":{"text":"General","link":"https:\/\/blog-alexis.monville.com\/en\/category\/all\/"},"img":{"alt_text":"","src":"","width":0,"height":0},"classes":[]},{"id":61,"url":"https:\/\/blog-alexis.monville.com\/en\/2007\/05\/03\/rencontres-economiques-2\/","url_meta":{"origin":45,"position":4},"title":"Rencontres \u00e9conomiques","author":"Alexis","date":"May 3, 2007","format":false,"excerpt":"LA BCE ET LA POLITIQUE MON\u00c9TAIRE EUROP\u00c9ENNE : BILAN et PERSPECTIVES Stefan Collignon, professeur d\u2019\u00e9conomie politique \u00e0 European Institute, \u00e0 la L.E.S. de Londres Jacques Delpla, conseiller BNP-Paribas, membre du CAE Robert Oph\u00e8le, adjoint au directeur g\u00e9n\u00e9ral des \u00e9tudes et des relations internationales \u00e0 la Banque de France Apr\u00e8s les\u2026","rel":"","context":"In &quot;General&quot;","block_context":{"text":"General","link":"https:\/\/blog-alexis.monville.com\/en\/category\/all\/"},"img":{"alt_text":"","src":"","width":0,"height":0},"classes":[]},{"id":89,"url":"https:\/\/blog-alexis.monville.com\/en\/2008\/04\/09\/que-valent-les-previsions-economiques\/","url_meta":{"origin":45,"position":5},"title":"Que valent les pr\u00e9visions \u00e9conomiques ?","author":"Alexis","date":"April 9, 2008","format":false,"excerpt":"Le cycle des rencontres \u00e9conomiques organis\u00e9 par l\u2019IGPDE vient de reprendre ce jeudi 3 avril. Le th\u00e8me d\u2019ouverture est curieusement d\u2019actualit\u00e9 (pour un sujet s\u00e9lectionn\u00e9 une ann\u00e9e auparavant) comme le faisait remarquer l\u2019animateur Didier Ades en rappelant que si les pr\u00e9visions \u00e9conomiques ont un caract\u00e8re fondamental par les d\u00e9cisions qu\u2019elles\u2026","rel":"","context":"In &quot;General&quot;","block_context":{"text":"General","link":"https:\/\/blog-alexis.monville.com\/en\/category\/all\/"},"img":{"alt_text":"","src":"","width":0,"height":0},"classes":[]}],"jetpack_sharing_enabled":true,"_links":{"self":[{"href":"https:\/\/blog-alexis.monville.com\/en\/wp-json\/wp\/v2\/posts\/45","targetHints":{"allow":["GET"]}}],"collection":[{"href":"https:\/\/blog-alexis.monville.com\/en\/wp-json\/wp\/v2\/posts"}],"about":[{"href":"https:\/\/blog-alexis.monville.com\/en\/wp-json\/wp\/v2\/types\/post"}],"author":[{"embeddable":true,"href":"https:\/\/blog-alexis.monville.com\/en\/wp-json\/wp\/v2\/users\/1"}],"replies":[{"embeddable":true,"href":"https:\/\/blog-alexis.monville.com\/en\/wp-json\/wp\/v2\/comments?post=45"}],"version-history":[{"count":0,"href":"https:\/\/blog-alexis.monville.com\/en\/wp-json\/wp\/v2\/posts\/45\/revisions"}],"wp:attachment":[{"href":"https:\/\/blog-alexis.monville.com\/en\/wp-json\/wp\/v2\/media?parent=45"}],"wp:term":[{"taxonomy":"category","embeddable":true,"href":"https:\/\/blog-alexis.monville.com\/en\/wp-json\/wp\/v2\/categories?post=45"},{"taxonomy":"post_tag","embeddable":true,"href":"https:\/\/blog-alexis.monville.com\/en\/wp-json\/wp\/v2\/tags?post=45"}],"curies":[{"name":"wp","href":"https:\/\/api.w.org\/{rel}","templated":true}]}}