{"id":43,"date":"2006-11-27T13:03:36","date_gmt":"2006-11-27T11:03:36","guid":{"rendered":"http:\/\/alexismonville.wordpress.com\/2006\/11\/27\/idabc-%e2%80%93-reunion-du-groupe-europeen-des-experts-open-source\/"},"modified":"2006-11-27T13:03:36","modified_gmt":"2006-11-27T11:03:36","slug":"idabc-%e2%80%93-reunion-du-groupe-europeen-des-experts-open-source","status":"publish","type":"post","link":"https:\/\/blog-alexis.monville.com\/en\/2006\/11\/27\/idabc-%e2%80%93-reunion-du-groupe-europeen-des-experts-open-source\/","title":{"rendered":"IDABC \u2013 R\u00e9union du Groupe Europ\u00e9en des Experts Open Source"},"content":{"rendered":"<p>R\u00e9union du groupe europ\u00e9en des experts Open Source organis\u00e9e par la commission europ\u00e9enne \u00e0 Bruxelles.<\/p>\n<p><!-- \t\t@page { size: 21cm 29.7cm; margin: 2cm } \t\tP { margin-bottom: 0.21cm } \t--><\/p>\n<p>Consultation dans le cadre de l\u2019\u00e9tude de faisabilit\u00e9 de l\u2019Open Source Observatory and Repository (OSOR), pr\u00e9sentation de l&#8217;exp\u00e9rience de l&#8217;\u00e9tat (<a href=\"http:\/\/synergies.modernisation.gouv.fr\" target=\"_blank\">Synergies<\/a>, <a href=\"http:\/\/admisource.gouv.fr\" target=\"_blank\">AdmiSource<\/a>&#8230;), mais aussi de l&#8217;<a href=\"http:\/\/adullact.org\" target=\"_blank\">Adullact<\/a> et <a href=\"http:\/\/www.objectweb.org\" target=\"_blank\">Objectweb<\/a>.<\/p>\n<p>Pr\u00e9sentation de l&#8217;exp\u00e9rience espagnole avec les pr\u00e9sentations de <a href=\"http:\/\/forjamari.linex.org\/\" target=\"_blank\">extremadura<\/a> et <a href=\"http:\/\/www.juntadeandalucia.es\/repositorio\/\" target=\"_blank\">andalucia<\/a>, r\u00e9gions particuli\u00e8rement engag\u00e9es puisque les productions dans le cadre de march\u00e9s publics doivent \u00eatre sous licence libre pour l&#8217;andalousie depuis f\u00e9vrier 2005, et que l&#8217;extremadure a une r\u00e8glementation r\u00e9gionale rendant les formats ODF et PDF obligatoires, ainsi qu&#8217;obligeant \u00e0 la migration sous licence libre pour mi-2007.<\/p>\n<p>Pr\u00e9sentation de l&#8217;exp\u00e9rience des pays-bas avec le programme <a href=\"http:\/\/www.ossos.nl\/\" target=\"_blank\">OSOSS<\/a> et la forge <a href=\"https:\/\/www.uitwisselplatform.nl\/\" target=\"_blank\">uitwisselplatform<\/a>.<\/p>\n<p>Pr\u00e9sentation de l&#8217;exp\u00e9rience Su\u00e9doise <a href=\"http:\/\/www.skl.se\/\" target=\"_blank\">Sveriges Kommuner och Landsting<\/a>.<\/p>\n<p>Ainsi que des intentions de la r\u00e9publique tch\u00e8que avec <a href=\"http:\/\/www.oss.cz\" target=\"_blank\">OSS Alliance<\/a>.<\/p>\n<p>Il ressort de ces diff\u00e9rentes exp\u00e9riences que la probl\u00e9matique n&#8217;est pas dans l&#8217;outillage, mais bien dans l&#8217;organisation de la collaboration et dans la motivation des contributeurs potentiels. OSOR pourrait apporter une r\u00e9ponse pour permettre la mise en oeuvre de projets transfrontalier et ainsi am\u00e9liorer la diffusion des pratiques li\u00e9s \u00e0 l&#8217;usage des licences libres dans les syst\u00e8mes d&#8217;information.<\/p>\n<p>En attendant, consultez l\u2019<a href=\"http:\/\/ec.europa.eu\/idabc\/en\/chapter\/452\" target=\"_blank\">Open Source Observatory<\/a> ou envoyer votre contribution \u00e0 l&#8217;\u00e9quipe projet !<\/p>\n","protected":false},"excerpt":{"rendered":"<p>R\u00e9union du groupe europ\u00e9en des experts Open Source organis\u00e9e par la commission europ\u00e9enne \u00e0 Bruxelles. Consultation dans le cadre de l\u2019\u00e9tude de faisabilit\u00e9 de l\u2019Open Source Observatory and Repository (OSOR), pr\u00e9sentation de l&#8217;exp\u00e9rience de l&#8217;\u00e9tat (Synergies, AdmiSource&#8230;), mais aussi de l&#8217;Adullact et Objectweb. Pr\u00e9sentation de l&#8217;exp\u00e9rience espagnole avec les pr\u00e9sentations de extremadura et andalucia, r\u00e9gions [&hellip;]<\/p>\n","protected":false},"author":1,"featured_media":0,"comment_status":"open","ping_status":"open","sticky":false,"template":"","format":"standard","meta":{"advanced_seo_description":"","jetpack_seo_html_title":"","jetpack_seo_noindex":false,"jetpack_post_was_ever_published":false,"_jetpack_newsletter_access":"","_jetpack_dont_email_post_to_subs":false,"_jetpack_newsletter_tier_id":0,"_jetpack_memberships_contains_paywalled_content":false,"_jetpack_memberships_contains_paid_content":false,"footnotes":""},"categories":[12,7,8],"tags":[],"class_list":["post-43","post","type-post","status-publish","format-standard","hentry","category-europe","category-international","category-interventions"],"jetpack_featured_media_url":"","jetpack_shortlink":"https:\/\/wp.me\/paNjQG-H","jetpack-related-posts":[{"id":30,"url":"https:\/\/blog-alexis.monville.com\/en\/2006\/09\/28\/idabc-%e2%80%93-reunion-du-groupe-dexperts-europeen-open-source\/","url_meta":{"origin":43,"position":0},"title":"IDABC \u2013 R\u00e9union du Groupe Europ\u00e9en des Experts Open Source","author":"Alexis","date":"September 28, 2006","format":false,"excerpt":"R\u00e9union du groupe europ\u00e9en des experts Open Source organis\u00e9e par la commission europ\u00e9enne \u00e0 Bruxelles. Lancement de l'\u00e9tude de faisabilit\u00e9 de l'Open Source Observatory and Repository (OSOR) avec la pr\u00e9sentation du Consortium : UNISYS, UNU-MERIT (United Nations University, GOPA-Catermill, URJC Universidad Roy Juan Carlos. En attendant, consultez l'Open Source Observatory.\u2026","rel":"","context":"In &quot;Europe&quot;","block_context":{"text":"Europe","link":"https:\/\/blog-alexis.monville.com\/en\/category\/international\/europe\/"},"img":{"alt_text":"","src":"","width":0,"height":0},"classes":[]},{"id":680,"url":"https:\/\/blog-alexis.monville.com\/en\/2009\/11\/05\/european-interoperability-framework\/","url_meta":{"origin":43,"position":1},"title":"European Interoperability Framework","author":"Alexis","date":"November 5, 2009","format":false,"excerpt":"Un brouillon du cadre d'int\u00e9rop\u00e9rabilit\u00e9 europ\u00e9en fait parler de lui... De l\u00e9g\u00e8res \u00e9volutions font que le document de r\u00e9f\u00e9rence europ\u00e9en qui se permettait de d\u00e9finir les formats ouverts et de recommander l'usage des logiciels libres... ne recommanderait plus grand chose dans ce domaine... Surement une erreur de copi\u00e9-coll\u00e9 ?","rel":"","context":"In &quot;Europe&quot;","block_context":{"text":"Europe","link":"https:\/\/blog-alexis.monville.com\/en\/category\/international\/europe\/"},"img":{"alt_text":"","src":"http:\/\/ec.europa.eu\/idabc\/servlets\/ImageServer?fuseAction=fetchImage&id=26236&width=135&height=133","width":350,"height":200},"classes":[]},{"id":27,"url":"https:\/\/blog-alexis.monville.com\/en\/2006\/09\/27\/orange-%e2%80%93-journee-sur-les-applications-dorigine-locale\/","url_meta":{"origin":43,"position":2},"title":"Orange \u2013 Journ\u00e9e sur les Applications d\u2019origine locale","author":"Alexis","date":"September 27, 2006","format":false,"excerpt":"Invit\u00e9 \u00e0 pr\u00e9senter l'action de la Direction G\u00e9n\u00e9rale de la Modernisation de l'Etat en terme d'Administration Electronique. En m'appuyant sur les principes ADELE : simplifier la vie de l'usager dans sa relation \u00e0 l'administration ; am\u00e9liorer l'efficience du service public ; valoriser l'agent dans sa mission. J'ai pr\u00e9sent\u00e9 le sch\u00e9ma\u2026","rel":"","context":"In &quot;Interventions&quot;","block_context":{"text":"Interventions","link":"https:\/\/blog-alexis.monville.com\/en\/category\/interventions\/"},"img":{"alt_text":"","src":"","width":0,"height":0},"classes":[]},{"id":50,"url":"https:\/\/blog-alexis.monville.com\/en\/2007\/02\/08\/idabc-oss-event-2007\/","url_meta":{"origin":43,"position":3},"title":"IDABC OSS Event 2007","author":"Alexis","date":"February 8, 2007","format":false,"excerpt":"J'ai particip\u00e9 \u00e0 la r\u00e9union du groupe d\u2019experts europ\u00e9ens IDABC sur les logiciels libres qui \u00e9tait consacr\u00e9e \u00e0 OSOR. La r\u00e9union \u00e9tait pr\u00e9sid\u00e9e par le Directeur G\u00e9n\u00e9ral de la DIGIT, Francisco Garcia Moran, auquel le programme IDABC est nouvellement attach\u00e9. L\u2019occasion de faire le point sur l\u2019avancement de l\u2019\u00e9tude de\u2026","rel":"","context":"In &quot;Europe&quot;","block_context":{"text":"Europe","link":"https:\/\/blog-alexis.monville.com\/en\/category\/international\/europe\/"},"img":{"alt_text":"","src":"","width":0,"height":0},"classes":[]},{"id":71,"url":"https:\/\/blog-alexis.monville.com\/en\/2007\/07\/05\/idabc-oss-expert-group-meeting-2\/","url_meta":{"origin":43,"position":4},"title":"IDABC &#8211; OSS Expert Group meeting","author":"Alexis","date":"July 5, 2007","format":false,"excerpt":"R\u00e9union du groupe experts de la commission europ\u00e9enne IDABC logiciels libres \u00e0 Bruxelles le 27 juin 2007. Cette r\u00e9union avait pour th\u00e8me principal, la pr\u00e9sentation de l'\u00e9tude de faisabilit\u00e9 du projet OSOR (Open Source Observatory and Repository). L'\u00e9tude de faisabilit\u00e9 montre les enjeux, les besoins des diff\u00e9rents \u00e9tats membres, pour\u2026","rel":"","context":"In &quot;Europe&quot;","block_context":{"text":"Europe","link":"https:\/\/blog-alexis.monville.com\/en\/category\/international\/europe\/"},"img":{"alt_text":"","src":"","width":0,"height":0},"classes":[]},{"id":742,"url":"https:\/\/blog-alexis.monville.com\/en\/2010\/02\/02\/ladministration-et-le-libre\/","url_meta":{"origin":43,"position":5},"title":"L&#8217;administration et le libre","author":"Alexis","date":"February 2, 2010","format":false,"excerpt":"La conf\u00e9rence sur l'administration et le libre se tiendra le mercredi 17 mars de 9h00-12h30 (Salle Rubis) dans le cadre du salon solutions linux. La France est parmi les pays europ\u00e9ens celui qui utilise et d\u00e9veloppe le plus les logiciels libres pour les besoins de service public. En continuit\u00e9 des\u2026","rel":"","context":"In &quot;Interventions&quot;","block_context":{"text":"Interventions","link":"https:\/\/blog-alexis.monville.com\/en\/category\/interventions\/"},"img":{"alt_text":"","src":"https:\/\/i0.wp.com\/www.solutionslinux.fr\/linux\/images\/logo.gif?resize=350%2C200","width":350,"height":200},"classes":[]}],"jetpack_sharing_enabled":true,"_links":{"self":[{"href":"https:\/\/blog-alexis.monville.com\/en\/wp-json\/wp\/v2\/posts\/43","targetHints":{"allow":["GET"]}}],"collection":[{"href":"https:\/\/blog-alexis.monville.com\/en\/wp-json\/wp\/v2\/posts"}],"about":[{"href":"https:\/\/blog-alexis.monville.com\/en\/wp-json\/wp\/v2\/types\/post"}],"author":[{"embeddable":true,"href":"https:\/\/blog-alexis.monville.com\/en\/wp-json\/wp\/v2\/users\/1"}],"replies":[{"embeddable":true,"href":"https:\/\/blog-alexis.monville.com\/en\/wp-json\/wp\/v2\/comments?post=43"}],"version-history":[{"count":0,"href":"https:\/\/blog-alexis.monville.com\/en\/wp-json\/wp\/v2\/posts\/43\/revisions"}],"wp:attachment":[{"href":"https:\/\/blog-alexis.monville.com\/en\/wp-json\/wp\/v2\/media?parent=43"}],"wp:term":[{"taxonomy":"category","embeddable":true,"href":"https:\/\/blog-alexis.monville.com\/en\/wp-json\/wp\/v2\/categories?post=43"},{"taxonomy":"post_tag","embeddable":true,"href":"https:\/\/blog-alexis.monville.com\/en\/wp-json\/wp\/v2\/tags?post=43"}],"curies":[{"name":"wp","href":"https:\/\/api.w.org\/{rel}","templated":true}]}}