{"id":424,"date":"2009-02-17T06:00:16","date_gmt":"2009-02-17T05:00:16","guid":{"rendered":"https:\/\/blog-alexis.monville.com\/?p=424"},"modified":"2009-02-17T06:00:16","modified_gmt":"2009-02-17T05:00:16","slug":"internet-la-realite-qui-change-la-vie","status":"publish","type":"post","link":"https:\/\/blog-alexis.monville.com\/en\/2009\/02\/17\/internet-la-realite-qui-change-la-vie\/","title":{"rendered":"Internet, la r\u00e9alit\u00e9 qui change la vie"},"content":{"rendered":"<p><a href=\"http:\/\/www.radiofrance.fr\/franceinter\/em\/ruedesentrepreneurs\/\" target=\"_blank\"><img data-recalc-dims=\"1\" loading=\"lazy\" decoding=\"async\" class=\"alignnone\" style=\"border: 0pt none;margin-top: 10px;margin-bottom: 10px\" src=\"https:\/\/i0.wp.com\/image.radio-france.fr\/franceinter\/_media\/em\/25020121-bandeau.jpg?resize=424%2C100\" alt=\"\" width=\"424\" height=\"100\" \/><\/a><\/p>\n<p>J&#8217;ai souvent cit\u00e9 Didier Ad\u00e8s comme animateur <a href=\"http:\/\/www.institut.minefi.gouv.fr\/sections\/evenements\/rencontres-economiques\" target=\"_blank\">des rencontres \u00e9conomiques organis\u00e9es par l&#8217;IGPDE<\/a>. Je n&#8217;avais pas encore parl\u00e9 de l&#8217;\u00e9mission qu&#8217;il anime sur France Inter avec Dominique Dambert :<a href=\"http:\/\/www.radiofrance.fr\/franceinter\/em\/ruedesentrepreneurs\/\" target=\"_blank\"> rue des entrepreneurs<\/a>, l&#8217;\u00e9dition du 14 f\u00e9vrier 2009 consacr\u00e9 \u00e0 Internet est une excellente occasion d&#8217;en parler !<\/p>\n<p>Cet \u00e9mission r\u00e9unissait :<\/p>\n<p><strong>Christophe Aguiton<\/strong>, Sociologue, Chercheur au laboratoire SENSE d\u2019Orange Labs (Division recherche et d\u00e9veloppement du groupe France T\u00e9l\u00e9com), Sp\u00e9cialiste des r\u00e9seaux communautaires, membre fondateur d\u2019Attac<a class=\"b_lien\" href=\"http:\/\/www.orange.com\/fr_FR\/groupe\/presence\/pays\/france\/france-lab.html\" target=\"_blank\"><br \/>\nOrange Labs<\/a><\/p>\n<p><strong>Bernard Cathelat<\/strong>, Sociologue, Co-fondateur du CCA (Centre de communication avanc\u00e9-observatoire de tendances sociologiques appliqu\u00e9es au marketing))<br \/>\n<a class=\"b_lien\" href=\"http:\/\/www.lecca.com\/\" target=\"_blank\">Le site du CCA<\/a><\/p>\n<p><strong>Luc Fayard<\/strong>, Journaliste, Consultant<br \/>\n<a class=\"b_lien\" href=\"http:\/\/www.infotechart.com\/\" target=\"_blank\">Son blog (Infotechart)<\/a><\/p>\n<p><strong>Daniel Kaplan<\/strong>, D\u00e9l\u00e9gu\u00e9 g\u00e9n\u00e9ral Fondation pour l\u2019internet nouvelle g\u00e9n\u00e9ration (Fing)<br \/>\n<a class=\"b_lien\" href=\"http:\/\/www.fing.org\/\" target=\"_blank\">Le site de la Fing<\/a><\/p>\n<p><strong>Marc Tirel<\/strong>, Associ\u00e9 du cabinet In Principo (un des <a href=\"http:\/\/explorateursduweb.com\" target=\"_blank\">Explorateurs du Web<\/a> !)<br \/>\n<a class=\"b_lien\" href=\"http:\/\/www.inprincipo.com\/\" target=\"_blank\">Le site du cabinet<\/a><\/p>\n<p><strong><a href=\"http:\/\/www.tv-radio.com\/ondemand\/france_inter\/RDE\/RDE20090214.ram\" target=\"_blank\">A \u00e9couter pour initier une r\u00e9flexion sur nos rapports \u00e0 Internet !!!!<\/a><\/strong><\/p>\n","protected":false},"excerpt":{"rendered":"<p>J&#8217;ai souvent cit\u00e9 Didier Ad\u00e8s comme animateur des rencontres \u00e9conomiques organis\u00e9es par l&#8217;IGPDE. Je n&#8217;avais pas encore parl\u00e9 de l&#8217;\u00e9mission qu&#8217;il anime sur France Inter avec Dominique Dambert : rue des entrepreneurs, l&#8217;\u00e9dition du 14 f\u00e9vrier 2009 consacr\u00e9 \u00e0 Internet est une excellente occasion d&#8217;en parler ! Cet \u00e9mission r\u00e9unissait : Christophe Aguiton, Sociologue, Chercheur [&hellip;]<\/p>\n","protected":false},"author":1,"featured_media":0,"comment_status":"open","ping_status":"open","sticky":false,"template":"","format":"standard","meta":{"advanced_seo_description":"","jetpack_seo_html_title":"","jetpack_seo_noindex":false,"jetpack_post_was_ever_published":false,"_jetpack_newsletter_access":"","_jetpack_dont_email_post_to_subs":false,"_jetpack_newsletter_tier_id":0,"_jetpack_memberships_contains_paywalled_content":false,"_jetpack_memberships_contains_paid_content":false,"footnotes":""},"categories":[5],"tags":[],"class_list":["post-424","post","type-post","status-publish","format-standard","hentry","category-explorateurs"],"jetpack_featured_media_url":"","jetpack_shortlink":"https:\/\/wp.me\/paNjQG-6Q","jetpack-related-posts":[{"id":435,"url":"https:\/\/blog-alexis.monville.com\/en\/2009\/03\/02\/black-out\/","url_meta":{"origin":424,"position":0},"title":"Black-Out","author":"Alexis","date":"March 2, 2009","format":false,"excerpt":"Une loi qui va permettre de d\u00e9connecter du r\u00e9seau Internet des familles enti\u00e8res sans preuve ni proc\u00e8s. Des sites condamn\u00e9s a disparaitre car ne faisant pas partie de la liste blanche des sites autoris\u00e9s par le gouvernement... Pour en savoir plus sur la loi Cr\u00e9ation et Internet, vous pouvez lire\u2026","rel":"","context":"In &quot;Explorateurs&quot;","block_context":{"text":"Explorateurs","link":"https:\/\/blog-alexis.monville.com\/en\/category\/explorateurs\/"},"img":{"alt_text":"HADOPI - Le Net en France : black-out","src":"https:\/\/i0.wp.com\/media.laquadrature.net\/Quadrature_black-out_HADOPI_125x125px.gif?resize=350%2C200","width":350,"height":200},"classes":[]},{"id":558,"url":"https:\/\/blog-alexis.monville.com\/en\/2009\/05\/21\/consultation-publique-sur-linternet-du-futur\/","url_meta":{"origin":424,"position":1},"title":"Consultation publique sur l&#8217;Internet du futur","author":"Alexis","date":"May 21, 2009","format":false,"excerpt":"Assez surprenant cette consultation... Consultation publique sur l\u2019Internet du futur Internet a r\u00e9volutionn\u00e9 tous les secteurs de nos soci\u00e9t\u00e9s, notre mani\u00e8re de communiquer, de nous informer, de nous divertir, de consommer et m\u00eame d\u2019interagir socialement. L\u2019\u00e9volution ou la red\u00e9finition de l\u2019Internet permettront le d\u00e9veloppement de nouveaux services et usages et\u2026","rel":"","context":"In &quot;Explorateurs&quot;","block_context":{"text":"Explorateurs","link":"https:\/\/blog-alexis.monville.com\/en\/category\/explorateurs\/"},"img":{"alt_text":"Internet du futur","src":"https:\/\/i0.wp.com\/www.telecom.gouv.fr\/IMG\/arton2105.jpg?resize=350%2C200","width":350,"height":200},"classes":[]},{"id":97,"url":"https:\/\/blog-alexis.monville.com\/en\/2008\/06\/02\/assises-du-numerique\/","url_meta":{"origin":424,"position":2},"title":"Assises du num\u00e9rique","author":"Alexis","date":"June 2, 2008","format":false,"excerpt":"Les assises du num\u00e9rique ont \u00e9t\u00e9 ouvertes ce jeudi 29 mai 2008. Beaucoup de choses ont \u00e9t\u00e9 dites sur ce sujet, j'avais simplement envie de revenir sur quelques moments : Le discours d'ouverture d'Eric Besson : plan pour le d\u00e9veloppement du num\u00e9rique pour la fin juillet, 27 axes de travail,\u2026","rel":"","context":"In &quot;General&quot;","block_context":{"text":"General","link":"https:\/\/blog-alexis.monville.com\/en\/category\/all\/"},"img":{"alt_text":"","src":"","width":0,"height":0},"classes":[]},{"id":866,"url":"https:\/\/blog-alexis.monville.com\/en\/2010\/07\/08\/ethique-du-numerique\/","url_meta":{"origin":424,"position":3},"title":"Ethique du num\u00e9rique","author":"Alexis","date":"July 8, 2010","format":false,"excerpt":"Ce mercredi 7 juillet, j'\u00e9tais invit\u00e9 (avec une bonne centaine d'autres) \u00e0 un atelier participatif : \"Qu'est-ce qu'une loi 2.0 ?\". Cette r\u00e9union \u00e9tait organis\u00e9e par les parlementaires UMP pour prolonger les travaux du rapport Vive internet ! Libert\u00e9 et r\u00e8gles dans le monde num\u00e9rique. La parole est donn\u00e9e sur\u2026","rel":"","context":"In &quot;General&quot;","block_context":{"text":"General","link":"https:\/\/blog-alexis.monville.com\/en\/category\/all\/"},"img":{"alt_text":"","src":"https:\/\/i0.wp.com\/blog-alexis.monville.com\/wp-content\/uploads\/sites\/2\/2010\/07\/Capture-d%E2%80%99%C3%A9cran-2010-07-08-%C3%A0-09.43.11.png?resize=350%2C200&ssl=1","width":350,"height":200},"classes":[]},{"id":40,"url":"https:\/\/blog-alexis.monville.com\/en\/2006\/11\/16\/club-senat\/","url_meta":{"origin":424,"position":4},"title":"Club S\u00e9nat","author":"Alexis","date":"November 16, 2006","format":false,"excerpt":"L'\u00e9conomie du logiciel, au service de la performance de la France Salons de la Pr\u00e9sidence du S\u00e9nat en pr\u00e9sence de : - M. Patrick Bertrand , pr\u00e9sident de l'association fran\u00e7aise des directeurs de logiciels AFDEL (directeur g\u00e9n\u00e9ral de Cegid) - le Colonel Nicolas G\u00e9raud, direction de la Gendarmerie Nationale, -\u2026","rel":"","context":"In &quot;General&quot;","block_context":{"text":"General","link":"https:\/\/blog-alexis.monville.com\/en\/category\/all\/"},"img":{"alt_text":"","src":"","width":0,"height":0},"classes":[]},{"id":67,"url":"https:\/\/blog-alexis.monville.com\/en\/2007\/06\/05\/la-regulation-de-l%e2%80%99economie-en-france-et-en-europe\/","url_meta":{"origin":424,"position":5},"title":"La r\u00e9gulation de l\u2019\u00e9conomie en France et en Europe","author":"Alexis","date":"June 5, 2007","format":false,"excerpt":"Th\u00e8me des rencontres \u00e9conomiques de ce 5 juin 2007, organis\u00e9es par l'IGPDE et anim\u00e9e, comme toujours, par Didier Ad\u00e8s. Avec les interventions de : Bertrand du Marais, conseiller d\u2019\u00c9tat et professeur associ\u00e9 de droit \u00e0 l\u2019Universit\u00e9 Paris X - Th\u00e8me : \u00ab R\u00e9gulation : une d\u00e9cennie de r\u00e9volutions \u00bb Roger\u2026","rel":"","context":"In &quot;General&quot;","block_context":{"text":"General","link":"https:\/\/blog-alexis.monville.com\/en\/category\/all\/"},"img":{"alt_text":"","src":"","width":0,"height":0},"classes":[]}],"jetpack_sharing_enabled":true,"_links":{"self":[{"href":"https:\/\/blog-alexis.monville.com\/en\/wp-json\/wp\/v2\/posts\/424","targetHints":{"allow":["GET"]}}],"collection":[{"href":"https:\/\/blog-alexis.monville.com\/en\/wp-json\/wp\/v2\/posts"}],"about":[{"href":"https:\/\/blog-alexis.monville.com\/en\/wp-json\/wp\/v2\/types\/post"}],"author":[{"embeddable":true,"href":"https:\/\/blog-alexis.monville.com\/en\/wp-json\/wp\/v2\/users\/1"}],"replies":[{"embeddable":true,"href":"https:\/\/blog-alexis.monville.com\/en\/wp-json\/wp\/v2\/comments?post=424"}],"version-history":[{"count":0,"href":"https:\/\/blog-alexis.monville.com\/en\/wp-json\/wp\/v2\/posts\/424\/revisions"}],"wp:attachment":[{"href":"https:\/\/blog-alexis.monville.com\/en\/wp-json\/wp\/v2\/media?parent=424"}],"wp:term":[{"taxonomy":"category","embeddable":true,"href":"https:\/\/blog-alexis.monville.com\/en\/wp-json\/wp\/v2\/categories?post=424"},{"taxonomy":"post_tag","embeddable":true,"href":"https:\/\/blog-alexis.monville.com\/en\/wp-json\/wp\/v2\/tags?post=424"}],"curies":[{"name":"wp","href":"https:\/\/api.w.org\/{rel}","templated":true}]}}