{"id":416,"date":"2009-02-16T06:00:56","date_gmt":"2009-02-16T05:00:56","guid":{"rendered":"https:\/\/blog-alexis.monville.com\/?p=416"},"modified":"2009-02-16T06:00:56","modified_gmt":"2009-02-16T05:00:56","slug":"bonjour-la-gentillesse","status":"publish","type":"post","link":"https:\/\/blog-alexis.monville.com\/en\/2009\/02\/16\/bonjour-la-gentillesse\/","title":{"rendered":"Bonjour la gentillesse !"},"content":{"rendered":"<p><a href=\"http:\/\/www.courrierinternational.com\/hebdo\/sommaire.asp?obj_id=673\" target=\"_blank\"><img data-recalc-dims=\"1\" loading=\"lazy\" decoding=\"async\" class=\"alignleft\" style=\"border: 0pt none;margin: 10px\" src=\"https:\/\/i0.wp.com\/www.courrierinternational.com\/illustrations\/couverture\/2009\/02\/i94188couv953.gif?resize=128%2C169\" alt=\"\" width=\"128\" height=\"169\" \/><\/a><strong>La gentillesse<\/strong> \u00e9tait en couverture de Courrier International, num\u00e9ro 953 du 5 f\u00e9vrier 2009.<\/p>\n<p>Trois articles s\u00e9lectionn\u00e9s sur ce th\u00e8me :<\/p>\n<ul>\n<li><a href=\"http:\/\/www.courrierinternational.com\/article.asp?obj_id=94260\">Pourquoi s&#8217;interdire ce plaisir ?<img data-recalc-dims=\"1\" decoding=\"async\" src=\"https:\/\/i0.wp.com\/www.courrierinternational.com\/img\/pict_fleche.gif\" border=\"0\" alt=\"\" \/><\/a><br \/>\nUn psychanalyste (<a href=\"http:\/\/en.wikipedia.org\/wiki\/Adam_Phillips_(psychologist)\" target=\"_blank\">Adam Phillips<\/a>) et une historienne (<a href=\"http:\/\/www.uel.ac.uk\/ssmcs\/staff\/barbara_taylor\/index.htm\" target=\"_blank\">Barbara Taylor<\/a>) invite \u00e0 r\u00e9habiliter cette pr\u00e9cieuse disposition d&#8217;esprit qu&#8217;est la gentillesse (il s&#8217;agit d&#8217;un extrait de leur livre <a href=\"http:\/\/www.amazon.fr\/gp\/product\/0241144337?ie=UTF8&amp;tag=unjounoe-21&amp;linkCode=as2&amp;camp=1642&amp;creative=19458&amp;creativeASIN=0241144337\">On Kindness<\/a><img loading=\"lazy\" decoding=\"async\" style=\"border:none !important;margin:0px !important\" src=\"http:\/\/www.assoc-amazon.fr\/e\/ir?t=unjounoe-21&amp;l=as2&amp;o=8&amp;a=0241144337\" border=\"0\" alt=\"\" width=\"1\" height=\"1\" \/>)<\/li>\n<li><a href=\"http:\/\/www.courrierinternational.com\/article.asp?obj_id=94263\">Eloge de l&#8217;amabilit\u00e9\u00a0<img data-recalc-dims=\"1\" decoding=\"async\" src=\"https:\/\/i0.wp.com\/www.courrierinternational.com\/img\/pict_cadenas.gif\" border=\"0\" alt=\"\" \/><\/a><br \/>\n<a href=\"http:\/\/fr.wikipedia.org\/wiki\/Esther_Tusquets\" target=\"_blank\">Esther Tusquets<\/a> fait l&#8217;\u00e9loge de l&#8217;amabilit\u00e9 dans El Pais (<a href=\"http:\/\/www.elpais.com\/articulo\/opinion\/Elogio\/amabilidad\/elpepiopi\/20090111elpepiopi_5\/Tes\">la version originale en espagnol est libre d&#8217;acc\u00e8s<\/a>)<\/li>\n<li><a href=\"http:\/\/www.courrierinternational.com\/article.asp?obj_id=94264\">&#8220;Faites une B.A., les autres suivront&#8221;<img data-recalc-dims=\"1\" decoding=\"async\" src=\"https:\/\/i0.wp.com\/www.courrierinternational.com\/img\/pict_fleche.gif\" border=\"0\" alt=\"\" \/><\/a><br \/>\nJerome Taylor relate l&#8217;aventure de quatre londoniens ayant entrepris de faire le bien autour d&#8217;eux (<a href=\"http:\/\/thekindnessoffensive.com\/\" target=\"_blank\">thekindnessoffensive.com<\/a>).<\/li>\n<\/ul>\n<p>La gentillesse attribut humain le plus envi\u00e9 selon Rousseau car il est le meilleur indicateur de bien-\u00eatre et du plaisir de l&#8217;existence.<\/p>\n<p><em>Le mot du jour (le 14 f\u00e9vrier) sur le <a href=\"http:\/\/fr.wiktionary.org\/wiki\/Wiktionnaire:Page_d%27accueil\" target=\"_blank\">wikitionnaire<\/a> \u00e9tait gentillement, co\u00efncidence ?<\/em><\/p>\n<p><em>Une petite contribution pour <a href=\"http:\/\/altohumano.org\/2009\/02\/16\/bonjour-la-gentillesse\" target=\"_blank\">altohumano.org<\/a>.<br \/>\n<\/em><\/p>\n","protected":false},"excerpt":{"rendered":"<p>La gentillesse \u00e9tait en couverture de Courrier International, num\u00e9ro 953 du 5 f\u00e9vrier 2009. Trois articles s\u00e9lectionn\u00e9s sur ce th\u00e8me : Pourquoi s&#8217;interdire ce plaisir ? Un psychanalyste (Adam Phillips) et une historienne (Barbara Taylor) invite \u00e0 r\u00e9habiliter cette pr\u00e9cieuse disposition d&#8217;esprit qu&#8217;est la gentillesse (il s&#8217;agit d&#8217;un extrait de leur livre On Kindness) Eloge [&hellip;]<\/p>\n","protected":false},"author":1,"featured_media":0,"comment_status":"open","ping_status":"open","sticky":false,"template":"","format":"standard","meta":{"advanced_seo_description":"","jetpack_seo_html_title":"","jetpack_seo_noindex":false,"jetpack_post_was_ever_published":false,"_jetpack_newsletter_access":"","_jetpack_dont_email_post_to_subs":false,"_jetpack_newsletter_tier_id":0,"_jetpack_memberships_contains_paywalled_content":false,"_jetpack_memberships_contains_paid_content":false,"footnotes":""},"categories":[12],"tags":[],"class_list":["post-416","post","type-post","status-publish","format-standard","hentry","category-europe"],"jetpack_featured_media_url":"","jetpack_shortlink":"https:\/\/wp.me\/paNjQG-6I","jetpack-related-posts":[{"id":999,"url":"https:\/\/blog-alexis.monville.com\/en\/2010\/12\/14\/au-revoir-lydia\/","url_meta":{"origin":416,"position":0},"title":"Au revoir Lydia","author":"Alexis","date":"December 14, 2010","format":false,"excerpt":"Lydia nous a quitt\u00e9 mardi dernier. Je l'ai appris aujourd'hui gr\u00e2ce \u00e0 la d\u00e9marche courageuse de Muriel que je remercie ici. Je prends conscience aujourd'hui que si j'ai c\u00f4toy\u00e9 Lydia au cours de mon pr\u00e9c\u00e9dent job, si j'ai appr\u00e9ci\u00e9 sa gentillesse et son professionnalisme, je la connaissais peu. Et je\u2026","rel":"","context":"In &quot;General&quot;","block_context":{"text":"General","link":"https:\/\/blog-alexis.monville.com\/en\/category\/all\/"},"img":{"alt_text":"","src":"","width":0,"height":0},"classes":[]},{"id":1410,"url":"https:\/\/blog-alexis.monville.com\/en\/2012\/04\/18\/on-ma-prete-un-appareil-photo\/","url_meta":{"origin":416,"position":1},"title":"On m\u2019a pr\u00eat\u00e9 un appareil photo","author":"Alexis","date":"April 18, 2012","format":false,"excerpt":"Sur le web, ce genre de titre appelle a une description du dernier gadget haut de gamme... Dans mon cas c\u2019est un peu diff\u00e9rent, c\u2019est un boitier venant du pass\u00e9 que Jean-Fran\u00e7ois m\u2019a pr\u00eat\u00e9. L\u2019objectif \u00e9tait de r\u00e9aliser 4 clich\u00e9s le week-end pass\u00e9. J\u2019en ai fait 2. Et je me\u2026","rel":"","context":"In &quot;General&quot;","block_context":{"text":"General","link":"https:\/\/blog-alexis.monville.com\/en\/category\/all\/"},"img":{"alt_text":"","src":"https:\/\/i0.wp.com\/blog-alexis.monville.com\/en\/wp-content\/uploads\/sites\/2\/2012\/04\/agfa-jean-francois-vallet.jpg?fit=500%2C333&ssl=1&resize=350%2C200","width":350,"height":200},"classes":[]},{"id":337,"url":"https:\/\/blog-alexis.monville.com\/en\/2009\/01\/21\/une-lame-de-fond-grandie-parmi-vos-clients-etes-vous-pret\/","url_meta":{"origin":416,"position":2},"title":"Une lame de fond grandie parmi vos clients. \u00cates-vous pr\u00eat ?","author":"Alexis","date":"January 21, 2009","format":false,"excerpt":"En ce moment, vos clients sont en train d'\u00e9crire \u00e0 propos de vos produits dans des blogs, remixent des videos de vos publicit\u00e9s sur YouTube. Ils vous d\u00e9finissent sur Wikipedia, se coalisent sur des r\u00e9seaux sociaux comme Facebook. Ce ph\u00e9nom\u00e8ne social, cette lame de fond (groundswell) a cr\u00e9\u00e9 un permanent\u2026","rel":"","context":"In &quot;Europe&quot;","block_context":{"text":"Europe","link":"https:\/\/blog-alexis.monville.com\/en\/category\/international\/europe\/"},"img":{"alt_text":"","src":"https:\/\/i0.wp.com\/www.forrester.com\/Groundswell\/images\/cover.jpg?resize=350%2C200","width":350,"height":200},"classes":[]},{"id":315,"url":"https:\/\/blog-alexis.monville.com\/en\/2009\/01\/14\/twitter-yammer-quest-ce-le-micro-blogging\/","url_meta":{"origin":416,"position":3},"title":"Qu&#8217;est-ce le micro-blogging ?","author":"Alexis","date":"January 14, 2009","format":false,"excerpt":"Qu'est-ce que le micro-blogging et \u00e0 quoi cela peut-il servir en entreprise ? C'est la question que j'avais envie de poser dans cet article en construction avant de regarder la pr\u00e9sentation qu'Emilie Ogez a post\u00e9 aujourd'hui sur son blog ! Alors plut\u00f4t que r\u00e9\u00e9crire ce qui a d\u00e9j\u00e0 \u00e9t\u00e9 dit,\u2026","rel":"","context":"In &quot;Explorateurs&quot;","block_context":{"text":"Explorateurs","link":"https:\/\/blog-alexis.monville.com\/en\/category\/explorateurs\/"},"img":{"alt_text":"","src":"https:\/\/i0.wp.com\/assets1.twitter.com\/images\/twitter_logo_s.png?resize=350%2C200","width":350,"height":200},"classes":[]},{"id":723,"url":"https:\/\/blog-alexis.monville.com\/en\/2010\/01\/12\/la-cantine-2-ans\/","url_meta":{"origin":416,"position":4},"title":"La Cantine . . . . . . 2 ans !","author":"Alexis","date":"January 12, 2010","format":false,"excerpt":"Un cadeau pour les deux ans de La Cantine ? Je me suis dit : \"facile ! Je vais raconter ma premi\u00e8re fois...\" Seulement voil\u00e0, c'\u00e9tait quand la premi\u00e8re fois ? \u00c9tait-ce \u00e0 l'occasion de cet ExplorCamp du mois d'Avril 2008 ? A moins que ce ne soit pour un\u2026","rel":"","context":"In &quot;Explorateurs&quot;","block_context":{"text":"Explorateurs","link":"https:\/\/blog-alexis.monville.com\/en\/category\/explorateurs\/"},"img":{"alt_text":"cantine","src":"https:\/\/i0.wp.com\/blog-alexis.monville.com\/files\/2010\/01\/cantine-300x231.jpg?resize=350%2C200&ssl=1","width":350,"height":200},"classes":[]},{"id":1998,"url":"https:\/\/blog-alexis.monville.com\/en\/2015\/01\/26\/un-changement-bon\/","url_meta":{"origin":416,"position":5},"title":"Un changement bon","author":"Alexis","date":"January 26, 2015","format":false,"excerpt":"L'id\u00e9e de Kaizen, est de publier un magazine permettant de diffuser des id\u00e9es positives pour permettre de changer le monde pas \u00e0 pas. Ce magazine existe depuis 3 ans et r\u00e9uni une petite communaut\u00e9 de 70000 lecteurs. Le projet de financement auquel je vous invite \u00e0 participer permettra de financer\u2026","rel":"","context":"In &quot;General&quot;","block_context":{"text":"General","link":"https:\/\/blog-alexis.monville.com\/en\/category\/all\/"},"img":{"alt_text":"","src":"https:\/\/i0.wp.com\/blog-alexis.monville.com\/en\/wp-content\/uploads\/sites\/2\/2015\/01\/kaizen.jpg?fit=540%2C295&ssl=1&resize=350%2C200","width":350,"height":200,"srcset":"https:\/\/i0.wp.com\/blog-alexis.monville.com\/en\/wp-content\/uploads\/sites\/2\/2015\/01\/kaizen.jpg?fit=540%2C295&ssl=1&resize=350%2C200 1x, https:\/\/i0.wp.com\/blog-alexis.monville.com\/en\/wp-content\/uploads\/sites\/2\/2015\/01\/kaizen.jpg?fit=540%2C295&ssl=1&resize=525%2C300 1.5x"},"classes":[]}],"jetpack_sharing_enabled":true,"_links":{"self":[{"href":"https:\/\/blog-alexis.monville.com\/en\/wp-json\/wp\/v2\/posts\/416","targetHints":{"allow":["GET"]}}],"collection":[{"href":"https:\/\/blog-alexis.monville.com\/en\/wp-json\/wp\/v2\/posts"}],"about":[{"href":"https:\/\/blog-alexis.monville.com\/en\/wp-json\/wp\/v2\/types\/post"}],"author":[{"embeddable":true,"href":"https:\/\/blog-alexis.monville.com\/en\/wp-json\/wp\/v2\/users\/1"}],"replies":[{"embeddable":true,"href":"https:\/\/blog-alexis.monville.com\/en\/wp-json\/wp\/v2\/comments?post=416"}],"version-history":[{"count":0,"href":"https:\/\/blog-alexis.monville.com\/en\/wp-json\/wp\/v2\/posts\/416\/revisions"}],"wp:attachment":[{"href":"https:\/\/blog-alexis.monville.com\/en\/wp-json\/wp\/v2\/media?parent=416"}],"wp:term":[{"taxonomy":"category","embeddable":true,"href":"https:\/\/blog-alexis.monville.com\/en\/wp-json\/wp\/v2\/categories?post=416"},{"taxonomy":"post_tag","embeddable":true,"href":"https:\/\/blog-alexis.monville.com\/en\/wp-json\/wp\/v2\/tags?post=416"}],"curies":[{"name":"wp","href":"https:\/\/api.w.org\/{rel}","templated":true}]}}