{"id":389,"date":"2009-02-14T10:03:25","date_gmt":"2009-02-14T09:03:25","guid":{"rendered":"https:\/\/blog-alexis.monville.com\/?p=389"},"modified":"2009-02-14T10:03:25","modified_gmt":"2009-02-14T09:03:25","slug":"administration-electronique-la-fin-de-synergies","status":"publish","type":"post","link":"https:\/\/blog-alexis.monville.com\/en\/2009\/02\/14\/administration-electronique-la-fin-de-synergies\/","title":{"rendered":"La fin de Synergies"},"content":{"rendered":"<p><img data-recalc-dims=\"1\" loading=\"lazy\" decoding=\"async\" data-attachment-id=\"390\" data-permalink=\"https:\/\/blog-alexis.monville.com\/en\/2009\/02\/14\/administration-electronique-la-fin-de-synergies\/synergies-la-fin\/\" data-orig-file=\"https:\/\/i0.wp.com\/blog-alexis.monville.com\/en\/wp-content\/uploads\/sites\/2\/2009\/02\/synergies-la-fin.jpg?fit=303%2C178&amp;ssl=1\" data-orig-size=\"303,178\" data-comments-opened=\"1\" data-image-meta=\"{&quot;aperture&quot;:&quot;0&quot;,&quot;credit&quot;:&quot;&quot;,&quot;camera&quot;:&quot;&quot;,&quot;caption&quot;:&quot;&quot;,&quot;created_timestamp&quot;:&quot;0&quot;,&quot;copyright&quot;:&quot;&quot;,&quot;focal_length&quot;:&quot;0&quot;,&quot;iso&quot;:&quot;0&quot;,&quot;shutter_speed&quot;:&quot;0&quot;,&quot;title&quot;:&quot;&quot;}\" data-image-title=\"synergies-la-fin\" data-image-description=\"\" data-image-caption=\"\" data-large-file=\"https:\/\/i0.wp.com\/blog-alexis.monville.com\/en\/wp-content\/uploads\/sites\/2\/2009\/02\/synergies-la-fin.jpg?fit=303%2C178&amp;ssl=1\" class=\"alignleft size-full wp-image-390\" style=\"border: 0pt none;margin: 10px\" src=\"https:\/\/i0.wp.com\/blog-alexis.monville.com\/wp-content\/uploads\/sites\/2\/2009\/02\/synergies-la-fin.jpg?resize=303%2C178&#038;ssl=1\" alt=\"synergies-la-fin\" width=\"303\" height=\"178\" srcset=\"https:\/\/i0.wp.com\/blog-alexis.monville.com\/en\/wp-content\/uploads\/sites\/2\/2009\/02\/synergies-la-fin.jpg?w=303&amp;ssl=1 303w, https:\/\/i0.wp.com\/blog-alexis.monville.com\/en\/wp-content\/uploads\/sites\/2\/2009\/02\/synergies-la-fin.jpg?resize=300%2C176&amp;ssl=1 300w\" sizes=\"auto, (max-width: 303px) 100vw, 303px\" \/>Cette fois, c&#8217;est vraiment la fin de <a href=\"http:\/\/www.synergies-publiques.fr\/\" target=\"_blank\">Synergies<\/a>, le site web 2.0 de l&#8217;administration \u00e9lectronique lanc\u00e9 en 2006.<\/p>\n<p>A la recherche d&#8217;un document sur MAREVA (M\u00e9thode d&#8217;Analyse de la valeur initi\u00e9e par l&#8217;<a href=\"http:\/\/fr.wikipedia.org\/wiki\/Agence_pour_le_d%C3%A9veloppement_de_l%27administration_%C3%A9lectronique\" target=\"_blank\">ADAE<\/a>), je suis tomb\u00e9 sur cette page indiquant la fermeture d\u00e9finitive de ce site et la redirection vers un site donnant acc\u00e8s aux <a href=\"http:\/\/www.references.modernisation.gouv.fr\/\" target=\"_blank\">documents de r\u00e9f\u00e9rence de l&#8217;administration<\/a> (RGI, RGS, RGAA et Charte ergonomique).<\/p>\n<p>De nombreux autres documents utiles \u00e9taient publi\u00e9s sur ce site : MAREVA bien sur (pr\u00e9sent\u00e9e <a href=\"http:\/\/www.thematiques.modernisation.gouv.fr\/chantiers\/467_84.html\" target=\"_blank\">ici<\/a>, <a title=\"La version web en cours de d\u00e9veloppement sur le site de l'Adullact\" href=\"http:\/\/adullact.net\/projects\/marevaweb\/\" target=\"_blank\">l\u00e0<\/a> et <a title=\"sur epractice.eu\" href=\"http:\/\/www.epractice.eu\/cases\/MAREVA\" target=\"_blank\">l\u00e0<\/a>),<a href=\"https:\/\/blog-alexis.monville.com\/wp-content\/uploads\/sites\/2\/2009\/02\/guidelladministrations-v120.pdf\"> le guide d&#8217;usage des logiciels libres<\/a>, les sc\u00e9narios d&#8217;identification et d&#8217;habilitation des utilisateurs&#8230; Et d&#8217;autres que j&#8217;ai oubli\u00e9 \u00e0 cet instant&#8230; J&#8217;esp\u00e8re qu&#8217;ils seront de nouveau accessibles sous peu&#8230;<\/p>\n<p>Pour en savoir un peu plus sur ce qu&#8217;\u00e9tait Synergies : <a href=\"https:\/\/blog-alexis.monville.com\/2006\/12\/25\/adieu-2006-bonjour-2007\/\" target=\"_blank\">Adieu 2006&#8230; Bonjour 2007<\/a>, <a href=\"https:\/\/blog-alexis.monville.com\/2006\/09\/14\/synergies-%E2%80%93-les-ressources-d%E2%80%99adele-est-ce-l%E2%80%99administration-electronique-20\/\" target=\"_blank\">Synergies &#8211; les ressources d&#8217;Adele&#8230; Est-ce l&#8217;administration \u00e9lectronique 2.0 ?<\/a><\/p>\n","protected":false},"excerpt":{"rendered":"<p>Cette fois, c&#8217;est vraiment la fin de Synergies, le site web 2.0 de l&#8217;administration \u00e9lectronique lanc\u00e9 en 2006. A la recherche d&#8217;un document sur MAREVA (M\u00e9thode d&#8217;Analyse de la valeur initi\u00e9e par l&#8217;ADAE), je suis tomb\u00e9 sur cette page indiquant la fermeture d\u00e9finitive de ce site et la redirection vers un site donnant acc\u00e8s aux [&hellip;]<\/p>\n","protected":false},"author":1,"featured_media":0,"comment_status":"open","ping_status":"open","sticky":false,"template":"","format":"standard","meta":{"advanced_seo_description":"","jetpack_seo_html_title":"","jetpack_seo_noindex":false,"jetpack_post_was_ever_published":false,"_jetpack_newsletter_access":"","_jetpack_dont_email_post_to_subs":false,"_jetpack_newsletter_tier_id":0,"_jetpack_memberships_contains_paywalled_content":false,"_jetpack_memberships_contains_paid_content":false,"footnotes":""},"categories":[1],"tags":[276],"class_list":["post-389","post","type-post","status-publish","format-standard","hentry","category-all","tag-logiciel-libre"],"jetpack_featured_media_url":"","jetpack_shortlink":"https:\/\/wp.me\/paNjQG-6h","jetpack-related-posts":[{"id":24,"url":"https:\/\/blog-alexis.monville.com\/en\/2006\/09\/14\/synergies-%e2%80%93-les-ressources-d%e2%80%99adele-est-ce-l%e2%80%99administration-electronique-20\/","url_meta":{"origin":389,"position":0},"title":"Synergies \u2013 les ressources d\u2019ADELE, est-ce l\u2019Administration \u00e9lectronique 2.0 ?","author":"Alexis","date":"September 14, 2006","format":false,"excerpt":"La relation entre l\u2019Administration \u00e9lectronique et l\u2019expression de Dale Dougherty, web 2.0, popularis\u00e9e par Tim O\u2019Reilly ne vous appara\u00eet pas comme \u00e9vidente ? Est-ce une fa\u00e7on de r\u00e9cup\u00e9rer un concept \u00e0 la mode pour donner une image moderne \u00e0 notre Administration ? La liaison est bien r\u00e9elle et l\u2019utilisation de\u2026","rel":"","context":"In &quot;General&quot;","block_context":{"text":"General","link":"https:\/\/blog-alexis.monville.com\/en\/category\/all\/"},"img":{"alt_text":"","src":"","width":0,"height":0},"classes":[]},{"id":742,"url":"https:\/\/blog-alexis.monville.com\/en\/2010\/02\/02\/ladministration-et-le-libre\/","url_meta":{"origin":389,"position":1},"title":"L&#8217;administration et le libre","author":"Alexis","date":"February 2, 2010","format":false,"excerpt":"La conf\u00e9rence sur l'administration et le libre se tiendra le mercredi 17 mars de 9h00-12h30 (Salle Rubis) dans le cadre du salon solutions linux. La France est parmi les pays europ\u00e9ens celui qui utilise et d\u00e9veloppe le plus les logiciels libres pour les besoins de service public. En continuit\u00e9 des\u2026","rel":"","context":"In &quot;Interventions&quot;","block_context":{"text":"Interventions","link":"https:\/\/blog-alexis.monville.com\/en\/category\/interventions\/"},"img":{"alt_text":"","src":"https:\/\/i0.wp.com\/www.solutionslinux.fr\/linux\/images\/logo.gif?resize=350%2C200","width":350,"height":200},"classes":[]},{"id":77,"url":"https:\/\/blog-alexis.monville.com\/en\/2007\/12\/06\/la-fin-de-ladministration-electronique\/","url_meta":{"origin":389,"position":2},"title":"La fin de l&#8217;administration \u00e9lectronique","author":"Alexis","date":"December 6, 2007","format":false,"excerpt":"A quelques jours de la fin du programme ADELE 2004\/2007, quelle sera la suite donn\u00e9e ? Est-ce la fin de l'administration \u00e9lectronique ? L'objectif de transformation en profondeur du service public par l'usage des technologies de l'information et de la communication (TIC) a \u00e9t\u00e9 confondu \u00e0 l'origine avec la d\u00e9mat\u00e9rialisation\u2026","rel":"","context":"In &quot;General&quot;","block_context":{"text":"General","link":"https:\/\/blog-alexis.monville.com\/en\/category\/all\/"},"img":{"alt_text":"","src":"","width":0,"height":0},"classes":[]},{"id":31,"url":"https:\/\/blog-alexis.monville.com\/en\/2006\/10\/12\/journee-e-entreprises\/","url_meta":{"origin":389,"position":3},"title":"Journ\u00e9e e-entreprises","author":"Alexis","date":"October 12, 2006","format":false,"excerpt":"Intervention \u00e0 la journ\u00e9e e-entreprises organis\u00e9e par la CCI du Loiret sur le th\u00e8me du d\u00e9veloppement de l'administration \u00e9lectronique, des standards ouverts et des logiciels libres, une occasion d'avoir des retours des acteurs du \"terrain\" services d\u00e9concentr\u00e9s ou secteur sant\u00e9 social et bien sur de faire connaitre Synergies !!","rel":"","context":"In &quot;Interventions&quot;","block_context":{"text":"Interventions","link":"https:\/\/blog-alexis.monville.com\/en\/category\/interventions\/"},"img":{"alt_text":"","src":"","width":0,"height":0},"classes":[]},{"id":85,"url":"https:\/\/blog-alexis.monville.com\/en\/2008\/03\/29\/patrimoine-immateriel-de-letat\/","url_meta":{"origin":389,"position":4},"title":"Patrimoine Immat\u00e9riel de l&#8217;Etat","author":"Alexis","date":"March 29, 2008","format":false,"excerpt":"Suite \u00e0 la remise du rapport LEVY-JOUYET sur l\u2019\u00e9conomie de l\u2019immat\u00e9riel, en d\u00e9cembre 2006, \u00e0 Thierry Breton, alors ministre de l\u2019Economie des Finances et de l\u2019Industrie, la France s\u2019est dot\u00e9 d\u2019une Agence pour le Patrimoine Immat\u00e9riel de l\u2019Etat (APIE). Cette Agence est dirig\u00e9e par Claude Rubinowicz qui pr\u00e9sentait ses travaux\u2026","rel":"","context":"In &quot;General&quot;","block_context":{"text":"General","link":"https:\/\/blog-alexis.monville.com\/en\/category\/all\/"},"img":{"alt_text":"","src":"","width":0,"height":0},"classes":[]},{"id":72,"url":"https:\/\/blog-alexis.monville.com\/en\/2007\/09\/06\/l%e2%80%99administration-electronique-levier-de-performance-des-politiques-publiques\/","url_meta":{"origin":389,"position":5},"title":"L\u2019administration \u00e9lectronique levier de performance des politiques publiques","author":"Alexis","date":"September 6, 2007","format":false,"excerpt":"La r\u00e9vision g\u00e9n\u00e9rale des politiques publiques, lanc\u00e9e le 10 juillet par le Premier ministre, a pour ambition de remettre \u00e0 plat l\u2019ensemble des missions de l\u2019\u00c9tat pour adapter les administrations aux besoins des citoyens. Le travail d'audit et d'\u00e9laboration de propositions se d\u00e9roule jusqu'en mai 2008, date \u00e0 laquelle le\u2026","rel":"","context":"In &quot;General&quot;","block_context":{"text":"General","link":"https:\/\/blog-alexis.monville.com\/en\/category\/all\/"},"img":{"alt_text":"","src":"","width":0,"height":0},"classes":[]}],"jetpack_sharing_enabled":true,"_links":{"self":[{"href":"https:\/\/blog-alexis.monville.com\/en\/wp-json\/wp\/v2\/posts\/389","targetHints":{"allow":["GET"]}}],"collection":[{"href":"https:\/\/blog-alexis.monville.com\/en\/wp-json\/wp\/v2\/posts"}],"about":[{"href":"https:\/\/blog-alexis.monville.com\/en\/wp-json\/wp\/v2\/types\/post"}],"author":[{"embeddable":true,"href":"https:\/\/blog-alexis.monville.com\/en\/wp-json\/wp\/v2\/users\/1"}],"replies":[{"embeddable":true,"href":"https:\/\/blog-alexis.monville.com\/en\/wp-json\/wp\/v2\/comments?post=389"}],"version-history":[{"count":0,"href":"https:\/\/blog-alexis.monville.com\/en\/wp-json\/wp\/v2\/posts\/389\/revisions"}],"wp:attachment":[{"href":"https:\/\/blog-alexis.monville.com\/en\/wp-json\/wp\/v2\/media?parent=389"}],"wp:term":[{"taxonomy":"category","embeddable":true,"href":"https:\/\/blog-alexis.monville.com\/en\/wp-json\/wp\/v2\/categories?post=389"},{"taxonomy":"post_tag","embeddable":true,"href":"https:\/\/blog-alexis.monville.com\/en\/wp-json\/wp\/v2\/tags?post=389"}],"curies":[{"name":"wp","href":"https:\/\/api.w.org\/{rel}","templated":true}]}}