{"id":343,"date":"2009-01-22T22:36:05","date_gmt":"2009-01-22T21:36:05","guid":{"rendered":"https:\/\/blog-alexis.monville.com\/?p=343"},"modified":"2009-01-22T22:36:05","modified_gmt":"2009-01-22T21:36:05","slug":"votre-carnet-dadresse-sur-votre-pc-votre-mobile-et-dans-les-nuages","status":"publish","type":"post","link":"https:\/\/blog-alexis.monville.com\/en\/2009\/01\/22\/votre-carnet-dadresse-sur-votre-pc-votre-mobile-et-dans-les-nuages\/","title":{"rendered":"Votre carnet d&#8217;adresse sur votre PC, votre mobile et dans les nuages&#8230;"},"content":{"rendered":"<p><a href=\"http:\/\/www.plaxo.com\" target=\"_blank\"><img loading=\"lazy\" decoding=\"async\" class=\"alignleft\" style=\"border: 0pt none;margin: 10px\" src=\"http:\/\/upload.wikimedia.org\/wikipedia\/en\/thumb\/e\/e3\/Plaxologo.png\/200px-Plaxologo.png\" alt=\"\" width=\"200\" height=\"279\" \/><\/a>Il y a quelques jours, j&#8217;ai parl\u00e9 ici de la synchronisation des donn\u00e9es entre un ordinateur fixe, un portable et les nuages : <a href=\"https:\/\/blog-alexis.monville.com\/2009\/01\/19\/sauvegarder-et-synchroniser-vos-donnees-entre-plusieurs-ordinateurs\/\" target=\"_blank\">voir l&#8217;article sur getdropbox.com<\/a><\/p>\n<p>Pour certaines donn\u00e9es : le carnet d&#8217;adresses ou l&#8217;agenda par exemple, la synchronisation entre un PC fixe, un portable et un t\u00e9l\u00e9phone mobile a un cot\u00e9 extr\u00eamement pratique.<\/p>\n<p>J&#8217;utilise maintenant depuis plusieurs mois la solution propos\u00e9e par <a href=\"http:\/\/www.plaxo.com\" target=\"_blank\">Plaxo<\/a> pour synchroniser mon carnet d&#8217;adresse et mon agenda entre un client outlook sous windows, mon t\u00e9l\u00e9phone mobile (tr\u00e8s pratique lorsque j&#8217;ai perdu le pr\u00e9c\u00e9dent t\u00e9l\u00e9phone, de pouvoir retrouver en une synchronisation toutes mes donn\u00e9es). J&#8217;acc\u00e8de aussi r\u00e9guli\u00e8rement aux donn\u00e9es directement sur le site Internet Plaxo, pour acc\u00e8der \u00e0 mon carnet d&#8217;adresses ou consulter mon agenda depuis un autre poste.<\/p>\n<p><strong>R\u00e9seau social<\/strong><\/p>\n<p>Vous pouvez \u00e9galement vous &#8220;connecter&#8221; avec les personnes pr\u00e9sentes dans votre carnet d&#8217;adresses qui utilisent Plaxo. En choisissant si ce sont des membres de la famille, des amis ou des relations professionnelles, vous leur donnez acc\u00e8s \u00e0 plus ou moins d&#8217;informations personnelles sur vous. Une fois connect\u00e9, si elles changent d&#8217;adresse, ou de t\u00e9l\u00e9phone, votre carnet d&#8217;adresse reste \u00e0 jour ! Si c&#8217;est vous qui changez, leurs carnets d&#8217;adresses sont \u00e0 jour !<\/p>\n<p><strong>Flux de vie (lifestream)<\/strong><\/p>\n<p>Plaxo a \u00e9galement ajout\u00e9 il y a plusieurs mois la fonction &#8220;Pulse&#8221;, qui affiche sur une page les mises \u00e0 jour de votre r\u00e9seau. Quelles mises \u00e0 jour ? A vous de d\u00e9cider, cela peut se limiter \u00e0 vos coordonn\u00e9es, ou \u00e0 la mise \u00e0 jour de votre photo et peut s&#8217;\u00e9tendre aux mises \u00e0 jour de votre blog, de votre statut sur twitter, annoncer l&#8217;ajout de photo sur flickr, du d\u00e9pot d&#8217;une pr\u00e9sentation sur SlideShare&#8230;<\/p>\n","protected":false},"excerpt":{"rendered":"<p>Il y a quelques jours, j&#8217;ai parl\u00e9 ici de la synchronisation des donn\u00e9es entre un ordinateur fixe, un portable et les nuages : voir l&#8217;article sur getdropbox.com Pour certaines donn\u00e9es : le carnet d&#8217;adresses ou l&#8217;agenda par exemple, la synchronisation entre un PC fixe, un portable et un t\u00e9l\u00e9phone mobile a un cot\u00e9 extr\u00eamement pratique. [&hellip;]<\/p>\n","protected":false},"author":1,"featured_media":0,"comment_status":"open","ping_status":"open","sticky":false,"template":"","format":"standard","meta":{"advanced_seo_description":"","jetpack_seo_html_title":"","jetpack_seo_noindex":false,"jetpack_post_was_ever_published":false,"_jetpack_newsletter_access":"","_jetpack_dont_email_post_to_subs":false,"_jetpack_newsletter_tier_id":0,"_jetpack_memberships_contains_paywalled_content":false,"_jetpack_memberships_contains_paid_content":false,"footnotes":""},"categories":[5],"tags":[],"class_list":["post-343","post","type-post","status-publish","format-standard","hentry","category-explorateurs"],"jetpack_featured_media_url":"","jetpack_shortlink":"https:\/\/wp.me\/paNjQG-5x","jetpack-related-posts":[{"id":332,"url":"https:\/\/blog-alexis.monville.com\/en\/2009\/01\/19\/sauvegarder-et-synchroniser-vos-donnees-entre-plusieurs-ordinateurs\/","url_meta":{"origin":343,"position":0},"title":"Sauvegarder et Synchroniser vos donn\u00e9es entre plusieurs ordinateurs","author":"Alexis","date":"January 19, 2009","format":false,"excerpt":"La sauvegarde des donn\u00e9es est une probl\u00e9matique courante plus ou moins bien trait\u00e9e dans les entreprises, et plus rarement trait\u00e9e tout court dans nos maisons. Et pourtant, nos donn\u00e9es familiales, comme nos photos num\u00e9riques par exemple, ne sont pas rempla\u00e7ables et les pannes de disque dur sont des \u00e9v\u00e8nements qui\u2026","rel":"","context":"In &quot;Explorateurs&quot;","block_context":{"text":"Explorateurs","link":"https:\/\/blog-alexis.monville.com\/en\/category\/explorateurs\/"},"img":{"alt_text":"","src":"https:\/\/i0.wp.com\/www.getdropbox.com\/static\/1232401964\/images\/main_logo.png?resize=350%2C200&ssl=1","width":350,"height":200},"classes":[]},{"id":305,"url":"https:\/\/blog-alexis.monville.com\/en\/2009\/01\/12\/gerer-ses-mots-de-passe-en-ligne-avec-clipperzcom\/","url_meta":{"origin":343,"position":1},"title":"G\u00e8rer ses mots de passe en ligne avec clipperz.com","author":"Alexis","date":"January 12, 2009","format":false,"excerpt":"Emilie Ogez pose aujourd'hui la question : \"Comment g\u00e9rez-vous vos mots de passe ?\" Elle a re\u00e7u quelques \u00e9l\u00e9ments de r\u00e9ponse en commentaire de son message. Et pour poursuivre la discussion... Si ne je n'ai pas encore trouv\u00e9 la solution qui me satisfait totalement, je teste depuis quelques semaines la\u2026","rel":"","context":"In &quot;Explorateurs&quot;","block_context":{"text":"Explorateurs","link":"https:\/\/blog-alexis.monville.com\/en\/category\/explorateurs\/"},"img":{"alt_text":"clipperz_titre","src":"https:\/\/i0.wp.com\/blog-alexis.monville.com\/wp-content\/uploads\/sites\/2\/2009\/01\/clipperz_titre.gif?resize=350%2C200&ssl=1","width":350,"height":200},"classes":[]},{"id":1841,"url":"https:\/\/blog-alexis.monville.com\/en\/2014\/04\/25\/coaching-gagnant\/","url_meta":{"origin":343,"position":2},"title":"Coaching gagnant","author":"Alexis","date":"April 25, 2014","format":false,"excerpt":"Le CJD Arcachon accueillait pour sa pl\u00e9ni\u00e8re du 24 avril, Philippe Presti, le coach de l'\u00e9quipe Oracle USA, vainqueur de la coupe de l'America cette ann\u00e9e. Philippe Presti a racont\u00e9 comment l'\u00e9quipe, en position de d\u00e9fendre son titre face au challenger de Nouvelle Z\u00e9lande, semblait avoir perdue, \u00e9tait men\u00e9e 8\u2026","rel":"","context":"In &quot;General&quot;","block_context":{"text":"General","link":"https:\/\/blog-alexis.monville.com\/en\/category\/all\/"},"img":{"alt_text":"","src":"https:\/\/i0.wp.com\/blog-alexis.monville.com\/en\/wp-content\/uploads\/sites\/2\/2014\/04\/oracle-team-usa.jpg?fit=1200%2C800&ssl=1&resize=350%2C200","width":350,"height":200,"srcset":"https:\/\/i0.wp.com\/blog-alexis.monville.com\/en\/wp-content\/uploads\/sites\/2\/2014\/04\/oracle-team-usa.jpg?fit=1200%2C800&ssl=1&resize=350%2C200 1x, https:\/\/i0.wp.com\/blog-alexis.monville.com\/en\/wp-content\/uploads\/sites\/2\/2014\/04\/oracle-team-usa.jpg?fit=1200%2C800&ssl=1&resize=525%2C300 1.5x, https:\/\/i0.wp.com\/blog-alexis.monville.com\/en\/wp-content\/uploads\/sites\/2\/2014\/04\/oracle-team-usa.jpg?fit=1200%2C800&ssl=1&resize=700%2C400 2x, https:\/\/i0.wp.com\/blog-alexis.monville.com\/en\/wp-content\/uploads\/sites\/2\/2014\/04\/oracle-team-usa.jpg?fit=1200%2C800&ssl=1&resize=1050%2C600 3x"},"classes":[]},{"id":204,"url":"https:\/\/blog-alexis.monville.com\/en\/2008\/10\/13\/un-jour-une-oeuvre-2\/","url_meta":{"origin":343,"position":3},"title":"Un jour une \u0153uvre","author":"Alexis","date":"October 13, 2008","format":false,"excerpt":"Un jour une \u0153uvre est n\u00e9 de la volont\u00e9 de r\u00e9pondre \u00e0 une question\u00a0: \u00ab\u00a0Comment faire b\u00e9n\u00e9ficier \u00e0 tous de notre h\u00e9ritage culturel ?\u00a0\u00bb. Pour d\u00e9passer cette formulation on pourrait enrichir cette question par quelques autres\u00a0: \u00ab\u00a0Comment permettre d'entrer dans une dynamique de construction\u00a0? Comment apprendre \u00e0 d\u00e9passer les apparences,\u2026","rel":"","context":"In &quot;General&quot;","block_context":{"text":"General","link":"https:\/\/blog-alexis.monville.com\/en\/category\/all\/"},"img":{"alt_text":"","src":"https:\/\/unjouruneoeuvre.files.wordpress.com\/2008\/06\/mazzuoli-death_of_adonis.jpg?w=350&h=200&crop=1","width":350,"height":200},"classes":[]},{"id":688,"url":"https:\/\/blog-alexis.monville.com\/en\/2009\/11\/21\/acces-aux-donnees-publiques\/","url_meta":{"origin":343,"position":4},"title":"Acc\u00e8s aux donn\u00e9es publiques","author":"Alexis","date":"November 21, 2009","format":false,"excerpt":"La premi\u00e8re fois que j'ai vu\u00a0Hans Rossling d\u00e9voiler des statistiques extraordinaires lors d'une session TED, je me suis dit que \"nous\" tenions une d\u00e9monstration de l'int\u00e9r\u00eat de donner acc\u00e8s aux donn\u00e9es publiques afin que \"nous\" puissions tous les utiliser. Depuis, les choses ont \u00e9volu\u00e9es et de nombreux pays ont fait\u2026","rel":"","context":"In &quot;Interventions&quot;","block_context":{"text":"Interventions","link":"https:\/\/blog-alexis.monville.com\/en\/category\/interventions\/"},"img":{"alt_text":"","src":"https:\/\/i0.wp.com\/lacantine.org\/\/uploads\/9\/opendatcamp_OKV5_R.png?resize=350%2C200","width":350,"height":200},"classes":[]},{"id":1502,"url":"https:\/\/blog-alexis.monville.com\/en\/2012\/12\/19\/informatique-en-nuages\/","url_meta":{"origin":343,"position":5},"title":"Informatique en nuages","author":"Alexis","date":"December 19, 2012","format":false,"excerpt":"Vous posez-vous la question : \"Qu'est-ce que le cloud ?\" La conf\u00e9rence donn\u00e9e par Loic Dachary sur Openstack, informatique en nuages et soci\u00e9t\u00e9 vous apportera un excellent \u00e9clairage ! \u00a0","rel":"","context":"In &quot;General&quot;","block_context":{"text":"General","link":"https:\/\/blog-alexis.monville.com\/en\/category\/all\/"},"img":{"alt_text":"LoicDachary-Openstack","src":"https:\/\/i0.wp.com\/blog-alexis.monville.com\/wp-content\/uploads\/sites\/2\/2012\/12\/LoicDachary-Openstack-300x207.png?resize=350%2C200&ssl=1","width":350,"height":200},"classes":[]}],"jetpack_sharing_enabled":true,"_links":{"self":[{"href":"https:\/\/blog-alexis.monville.com\/en\/wp-json\/wp\/v2\/posts\/343","targetHints":{"allow":["GET"]}}],"collection":[{"href":"https:\/\/blog-alexis.monville.com\/en\/wp-json\/wp\/v2\/posts"}],"about":[{"href":"https:\/\/blog-alexis.monville.com\/en\/wp-json\/wp\/v2\/types\/post"}],"author":[{"embeddable":true,"href":"https:\/\/blog-alexis.monville.com\/en\/wp-json\/wp\/v2\/users\/1"}],"replies":[{"embeddable":true,"href":"https:\/\/blog-alexis.monville.com\/en\/wp-json\/wp\/v2\/comments?post=343"}],"version-history":[{"count":0,"href":"https:\/\/blog-alexis.monville.com\/en\/wp-json\/wp\/v2\/posts\/343\/revisions"}],"wp:attachment":[{"href":"https:\/\/blog-alexis.monville.com\/en\/wp-json\/wp\/v2\/media?parent=343"}],"wp:term":[{"taxonomy":"category","embeddable":true,"href":"https:\/\/blog-alexis.monville.com\/en\/wp-json\/wp\/v2\/categories?post=343"},{"taxonomy":"post_tag","embeddable":true,"href":"https:\/\/blog-alexis.monville.com\/en\/wp-json\/wp\/v2\/tags?post=343"}],"curies":[{"name":"wp","href":"https:\/\/api.w.org\/{rel}","templated":true}]}}