{"id":302,"date":"2008-12-28T09:00:02","date_gmt":"2008-12-28T08:00:02","guid":{"rendered":"http:\/\/alexismonville.wordpress.com\/?p=302"},"modified":"2008-12-28T09:00:02","modified_gmt":"2008-12-28T08:00:02","slug":"ted-kevin-kelly-5000-prochains-jours-internet","status":"publish","type":"post","link":"https:\/\/blog-alexis.monville.com\/en\/2008\/12\/28\/ted-kevin-kelly-5000-prochains-jours-internet\/","title":{"rendered":"Les 5000 prochains jours de l&#8217;Internet"},"content":{"rendered":"<p><a href=\"http:\/\/www.flickr.com\/photos\/stuckincustoms\/3078802485\/in\/photostream\" target=\"_blank\"><img data-recalc-dims=\"1\" loading=\"lazy\" decoding=\"async\" class=\"alignleft\" style=\"border:0 none;margin:10px\" src=\"https:\/\/i0.wp.com\/farm4.static.flickr.com\/3294\/3078802485_b665eb38f4_m.jpg?resize=240%2C153\" alt=\"\" width=\"240\" height=\"153\" \/><\/a><\/p>\n<p>A la recherche d&#8217;une photographie pour <a href=\"http:\/\/unjouruneoeuvre.eu\" target=\"_blank\">Un Jour Une \u0152uvre<\/a>, je suis tomb\u00e9 sur les photographies de <a href=\"http:\/\/stuckincustoms.com\/about-me\/\" target=\"_blank\">Trey Ratcliff<\/a>. Une illustre cet article, une autre est sur <a title=\"Anyone want to join me at the beach for a good conversation ?\" href=\"http:\/\/wp.unjouruneoeuvre.eu\/2008\/12\/28\/photographie-ratcliff-anyone-want-to-join-me-at-the-beach-for-a-good-conversation\/\" target=\"_blank\">Un Jour Une \u0152uvre ce 28 d\u00e9cembre<\/a>.<\/p>\n<p>Trey avait mis en sous-titre de sa photo sur flickr.com, une r\u00e9f\u00e9rence a une conf\u00e9rence qu&#8217;a donn\u00e9 <a title=\"\u00e0 voir sur TED.com\" href=\"http:\/\/www.ted.com\/index.php\/talks\/kevin_kelly_on_the_next_5_000_days_of_the_web.html\" target=\"_blank\">Kevin Kelly sur les 5000 prochains jours de l&#8217;Internet<\/a>.<\/p>\n<p>Un bon sujet pour <a href=\"http:\/\/explorateursduweb.com\/\" target=\"_blank\">les explorateurs du web<\/a> ?<\/p>\n","protected":false},"excerpt":{"rendered":"<p>A la recherche d&#8217;une photographie pour Un Jour Une \u0152uvre, je suis tomb\u00e9 sur les photographies de Trey Ratcliff. Une illustre cet article, une autre est sur Un Jour Une \u0152uvre ce 28 d\u00e9cembre. Trey avait mis en sous-titre de sa photo sur flickr.com, une r\u00e9f\u00e9rence a une conf\u00e9rence qu&#8217;a donn\u00e9 Kevin Kelly sur les [&hellip;]<\/p>\n","protected":false},"author":1,"featured_media":0,"comment_status":"open","ping_status":"open","sticky":false,"template":"","format":"standard","meta":{"advanced_seo_description":"","jetpack_seo_html_title":"","jetpack_seo_noindex":false,"jetpack_post_was_ever_published":false,"_jetpack_newsletter_access":"","_jetpack_dont_email_post_to_subs":false,"_jetpack_newsletter_tier_id":0,"_jetpack_memberships_contains_paywalled_content":false,"_jetpack_memberships_contains_paid_content":false,"footnotes":""},"categories":[5],"tags":[],"class_list":["post-302","post","type-post","status-publish","format-standard","hentry","category-explorateurs"],"jetpack_featured_media_url":"","jetpack_shortlink":"https:\/\/wp.me\/paNjQG-4S","jetpack-related-posts":[{"id":378,"url":"https:\/\/blog-alexis.monville.com\/en\/2009\/02\/03\/un-jour-une-oeuvre-3\/","url_meta":{"origin":302,"position":0},"title":"Un Jour Une Oeuvre","author":"Alexis","date":"February 3, 2009","format":false,"excerpt":"Un Jour Une Oeuvre s'int\u00e9resse \u00e0 la peinture, la sculpture, la photographie, une \u0153uvre d\u2019art est propos\u00e9e chaque jour pour partager nos regards sur l'art. Quelques nouvelles de ce site Internet : Une nouvelle pr\u00e9sentation voulant donner plus de place aux oeuvres est en ligne depuis quelques jours (voir l'aper\u00e7u\u2026","rel":"","context":"In &quot;General&quot;","block_context":{"text":"General","link":"https:\/\/blog-alexis.monville.com\/en\/category\/all\/"},"img":{"alt_text":"ujuo","src":"https:\/\/i0.wp.com\/blog-alexis.monville.com\/wp-content\/uploads\/sites\/2\/2009\/01\/ujuo.jpg?resize=350%2C200&ssl=1","width":350,"height":200},"classes":[]},{"id":647,"url":"https:\/\/blog-alexis.monville.com\/en\/2009\/09\/12\/un-jour-une-oeuvre-en-direct-4\/","url_meta":{"origin":302,"position":1},"title":"Un Jour Une Oeuvre en direct","author":"Alexis","date":"September 12, 2009","format":false,"excerpt":"Ce jeudi 10 septembre 2009, l'\u00e9quipe d'Un Jour Une Oeuvre accueillait une nouvelle recrue au Palais de Tokyo ! Ne manquez pas les retours d'Ivan et Spei sur la visite, ils sont ici. Et ne manquez surtout pas la prochaine \u00e9dition qui se d\u00e9roulera au mois d'octobre en indiquant votre\u2026","rel":"","context":"In &quot;Explorateurs&quot;","block_context":{"text":"Explorateurs","link":"https:\/\/blog-alexis.monville.com\/en\/category\/explorateurs\/"},"img":{"alt_text":"alexis-ujuo-palais-tokyo","src":"https:\/\/i0.wp.com\/blog-alexis.monville.com\/files\/2009\/09\/alexis-ujuo-palais-tokyo-225x300.jpg?resize=350%2C200&ssl=1","width":350,"height":200},"classes":[]},{"id":602,"url":"https:\/\/blog-alexis.monville.com\/en\/2009\/06\/19\/un-jour-une-oeuvre-1-an\/","url_meta":{"origin":302,"position":2},"title":"Un Jour Une Oeuvre (1 an)","author":"Alexis","date":"June 19, 2009","format":false,"excerpt":"Les superbes photographies de Sylvie Le Bars m'ont donn\u00e9es envie de faire un petit article illustr\u00e9 sur le premier anniversaire du site Internet Un Jour Une Oeuvre. Pour f\u00eater cette premi\u00e8re ann\u00e9e, nous avions rendez-vous pour une cinqui\u00e8me session d'Un Jour Une Oeuvre en direct, au mus\u00e9e Eug\u00e8ne Delacroix. Spei\u2026","rel":"","context":"In &quot;General&quot;","block_context":{"text":"General","link":"https:\/\/blog-alexis.monville.com\/en\/category\/all\/"},"img":{"alt_text":"","src":"https:\/\/i0.wp.com\/farm3.static.flickr.com\/2471\/3629471432_c28076dc07_m_d.jpg?resize=350%2C200","width":350,"height":200},"classes":[]},{"id":318,"url":"https:\/\/blog-alexis.monville.com\/en\/2009\/01\/18\/un-jour-une-oeuvre-en-direct\/","url_meta":{"origin":302,"position":3},"title":"Un Jour Une Oeuvre en direct","author":"Alexis","date":"January 18, 2009","format":false,"excerpt":"14 janvier 2009, 17h00, Saint-Germain-des-Pr\u00e9s, une nouvelle session d'Un Jour Une \u0152uvre en direct commence, nous sommes quatre et nous visiterons quatre galeries. Ivan raconte notre excursion sur son blog : Alexis, Sylvie, Mana et Ivan. Mantegna m'a paru finalement beaucoup plus simple d'acc\u00e8s que ces oeuvres plus proches de\u2026","rel":"","context":"In &quot;General&quot;","block_context":{"text":"General","link":"https:\/\/blog-alexis.monville.com\/en\/category\/all\/"},"img":{"alt_text":"1967-luciano-fabro-contatto-tautologia","src":"https:\/\/i0.wp.com\/blog-alexis.monville.com\/wp-content\/uploads\/sites\/2\/2009\/01\/1967-luciano-fabro-contatto-tautologia.jpg?resize=350%2C200&ssl=1","width":350,"height":200},"classes":[]},{"id":291,"url":"https:\/\/blog-alexis.monville.com\/en\/2008\/12\/17\/mantegnaun-jour-une-oeuvre-au-louvre\/","url_meta":{"origin":302,"position":4},"title":"Un Jour Une \u0152uvre au Louvre","author":"Alexis","date":"December 17, 2008","format":false,"excerpt":"Ce mercredi 12 d\u00e9cembre, nous nous sommes retrouv\u00e9s au Louvre pour visiter l\u2019exposition consacr\u00e9e \u00e0 Mantegna. Nous\u00a0? Nous c\u2019est Ivan (qui raconte l\u2019exp\u00e9rience sur son blog), Jean-Fran\u00e7ois et moi, trois parmi ceux qui avaient envie de participer \u00e0 cette exp\u00e9rience de mutualisation des regards dans le monde r\u00e9el, exp\u00e9rience que\u2026","rel":"","context":"In &quot;General&quot;","block_context":{"text":"General","link":"https:\/\/blog-alexis.monville.com\/en\/category\/all\/"},"img":{"alt_text":"","src":"http:\/\/upload.wikimedia.org\/wikipedia\/commons\/thumb\/4\/4d\/Andrea_Mantegna_089.jpg\/257px-Andrea_Mantegna_089.jpg","width":350,"height":200},"classes":[]},{"id":469,"url":"https:\/\/blog-alexis.monville.com\/en\/2009\/04\/02\/un-jour-une-oeuvre-en-direct-3\/","url_meta":{"origin":302,"position":5},"title":"Un Jour Une Oeuvre en direct","author":"Alexis","date":"April 2, 2009","format":false,"excerpt":"La quatri\u00e8me \u00e9dition d'Un Jour Une Oeuvre en direct s'est d\u00e9roul\u00e9e le 18 mars 2009 au Mus\u00e9e Dapper : Face au 35 de la rue Paul Val\u00e9ry (75016 Paris), une femme et deux hommes se sourient. Connivences. Ils p\u00e9n\u00e8trent dans le Mus\u00e9e Dapper. Il y a dix ans, ils auraient\u2026","rel":"","context":"In &quot;General&quot;","block_context":{"text":"General","link":"https:\/\/blog-alexis.monville.com\/en\/category\/all\/"},"img":{"alt_text":"","src":"https:\/\/i0.wp.com\/www.dapper.com.fr\/pics\/Femmes%20Affiche.gif?resize=350%2C200","width":350,"height":200},"classes":[]}],"jetpack_sharing_enabled":true,"_links":{"self":[{"href":"https:\/\/blog-alexis.monville.com\/en\/wp-json\/wp\/v2\/posts\/302","targetHints":{"allow":["GET"]}}],"collection":[{"href":"https:\/\/blog-alexis.monville.com\/en\/wp-json\/wp\/v2\/posts"}],"about":[{"href":"https:\/\/blog-alexis.monville.com\/en\/wp-json\/wp\/v2\/types\/post"}],"author":[{"embeddable":true,"href":"https:\/\/blog-alexis.monville.com\/en\/wp-json\/wp\/v2\/users\/1"}],"replies":[{"embeddable":true,"href":"https:\/\/blog-alexis.monville.com\/en\/wp-json\/wp\/v2\/comments?post=302"}],"version-history":[{"count":0,"href":"https:\/\/blog-alexis.monville.com\/en\/wp-json\/wp\/v2\/posts\/302\/revisions"}],"wp:attachment":[{"href":"https:\/\/blog-alexis.monville.com\/en\/wp-json\/wp\/v2\/media?parent=302"}],"wp:term":[{"taxonomy":"category","embeddable":true,"href":"https:\/\/blog-alexis.monville.com\/en\/wp-json\/wp\/v2\/categories?post=302"},{"taxonomy":"post_tag","embeddable":true,"href":"https:\/\/blog-alexis.monville.com\/en\/wp-json\/wp\/v2\/tags?post=302"}],"curies":[{"name":"wp","href":"https:\/\/api.w.org\/{rel}","templated":true}]}}