{"id":298,"date":"2008-12-25T13:20:31","date_gmt":"2008-12-25T12:20:31","guid":{"rendered":"http:\/\/alexismonville.wordpress.com\/?p=298"},"modified":"2008-12-25T13:20:31","modified_gmt":"2008-12-25T12:20:31","slug":"vite-une-relance-verte","status":"publish","type":"post","link":"https:\/\/blog-alexis.monville.com\/en\/2008\/12\/25\/vite-une-relance-verte\/","title":{"rendered":"Vite, une relance verte !"},"content":{"rendered":"<p><a href=\"http:\/\/www.flickr.com\/photos\/dupo-x-y\/504139364\/\" target=\"_blank\"><img data-recalc-dims=\"1\" loading=\"lazy\" decoding=\"async\" class=\"alignleft\" style=\"border:0 none;margin:10px\" src=\"https:\/\/i0.wp.com\/farm1.static.flickr.com\/203\/504139364_0e1121b864_m.jpg?resize=240%2C171\" alt=\"\" width=\"240\" height=\"171\" \/><\/a><\/p>\n<p>Vite, une relance verte ! C&#8217;est la couverture du n\u00b0954 de Courrier International.<\/p>\n<p>L&#8217;article d&#8217;ouverture de ce <a href=\"http:\/\/www.courrierinternational.com\/hebdo\/sommaire.asp?obj_id=666\" target=\"_blank\">dossier<\/a>, tir\u00e9 du New Scientist, est un sc\u00e9nario qui pr\u00e9sente le monde en 2020, alors qu&#8217;il a profit\u00e9 de la crise \u00e9conomique pour changer vers une \u00e9conomie durable.<\/p>\n<blockquote><p>Nous sommes en 2020, dix ans apr\u00e8s le lancement de l\u2019\u00e9norme exp\u00e9rience visant \u00e0 donner \u00e0 notre pays une \u00e9conomie durable. Nous suivons deux principes de base : nous n\u2019utilisons pas les ressources naturelles plus vite qu\u2019elles ne se renouvellent et nous ne rejetons pas nos d\u00e9chets plus vite qu\u2019ils ne peuvent \u00eatre absorb\u00e9s. [&#8230;]<\/p><\/blockquote>\n<p>Lire la <a href=\"http:\/\/www.infosdelaplanete.org\/4955\/en-2020-quand-le-monde-sera-enfin-ecolo.html?L=FR\" target=\"_blank\">traduction de l&#8217;article<\/a> et la <a href=\"http:\/\/www.newscientist.com\/article\/mg20026786.900-special-report-life-in-a-land-without-growth.html\" target=\"_blank\">version originale du New Scientist<\/a>.<\/p>\n<p><em>La photo est de <a href=\"http:\/\/www.flickr.com\/photos\/dupo-x-y\/504139364\/\" target=\"_blank\">dupo-x-y<\/a> sous licence creative commons.<\/em><\/p>\n","protected":false},"excerpt":{"rendered":"<p>Vite, une relance verte ! C&#8217;est la couverture du n\u00b0954 de Courrier International. L&#8217;article d&#8217;ouverture de ce dossier, tir\u00e9 du New Scientist, est un sc\u00e9nario qui pr\u00e9sente le monde en 2020, alors qu&#8217;il a profit\u00e9 de la crise \u00e9conomique pour changer vers une \u00e9conomie durable. Nous sommes en 2020, dix ans apr\u00e8s le lancement de [&hellip;]<\/p>\n","protected":false},"author":1,"featured_media":0,"comment_status":"open","ping_status":"open","sticky":false,"template":"","format":"standard","meta":{"advanced_seo_description":"","jetpack_seo_html_title":"","jetpack_seo_noindex":false,"jetpack_post_was_ever_published":false,"_jetpack_newsletter_access":"","_jetpack_dont_email_post_to_subs":false,"_jetpack_newsletter_tier_id":0,"_jetpack_memberships_contains_paywalled_content":false,"_jetpack_memberships_contains_paid_content":false,"footnotes":""},"categories":[1],"tags":[236],"class_list":["post-298","post","type-post","status-publish","format-standard","hentry","category-all","tag-innovation"],"jetpack_featured_media_url":"","jetpack_shortlink":"https:\/\/wp.me\/paNjQG-4O","jetpack-related-posts":[{"id":1122,"url":"https:\/\/blog-alexis.monville.com\/en\/2011\/06\/13\/les-indignes\/","url_meta":{"origin":298,"position":0},"title":"Les indign\u00e9s","author":"Alexis","date":"June 13, 2011","format":false,"excerpt":"A l'heure ou les indign\u00e9s quittent la place qu'ils avaient investis depuis le 15 mai \u00e0 Madrid, je reviens sur la revendication qui m'a le plus surpris : Nous voulons la d\u00e9mocratie Surpris, car ce que nous avions commun\u00e9ment admis comme des revendications de d\u00e9mocratie pour la Tunisie, l'Egypte, la\u2026","rel":"","context":"In &quot;General&quot;","block_context":{"text":"General","link":"https:\/\/blog-alexis.monville.com\/en\/category\/all\/"},"img":{"alt_text":"","src":"","width":0,"height":0},"classes":[]},{"id":1232,"url":"https:\/\/blog-alexis.monville.com\/en\/2011\/10\/12\/99\/","url_meta":{"origin":298,"position":1},"title":"99%","author":"Alexis","date":"October 12, 2011","format":false,"excerpt":"Le mouvement d'indignation contre le status quo d'une situation injuste qui profite \u00e0 1% de la population mondiale grandi et se coordonne grace \u00e0 Internet. Au point que cette coordination inqui\u00e8te et fait craindre \u00e0 certains un automne \u00e0 l'image du \"printemps arabe\". La prochaine \u00e9tape est une manifestation mondiale\u2026","rel":"","context":"In &quot;General&quot;","block_context":{"text":"General","link":"https:\/\/blog-alexis.monville.com\/en\/category\/all\/"},"img":{"alt_text":"","src":"https:\/\/i0.wp.com\/blog-alexis.monville.com\/wp-content\/uploads\/sites\/2\/2011\/10\/rrss-02-300x300.png?resize=350%2C200&ssl=1","width":350,"height":200},"classes":[]},{"id":45,"url":"https:\/\/blog-alexis.monville.com\/en\/2006\/12\/11\/les-instruments-economiques-du-developpement-durable\/","url_meta":{"origin":298,"position":2},"title":"les instruments \u00e9conomiques du d\u00e9veloppement durable","author":"Alexis","date":"December 11, 2006","format":false,"excerpt":"Derni\u00e8re session des rencontres \u00e9conomiques pour 2006, toujours brillamment anim\u00e9es par Didier Ades, avec la participation de : Olivier Godard, directeur de recherches au CNRS : \u00ab Cadrage th\u00e9orique sur les instruments \u00e9conomiques des politiques de d\u00e9veloppement durable \u00bb Guillaume Sainteny, directeur des \u00e9tudes \u00e9conomiques et de l\u2019\u00e9valuation environnementale au\u2026","rel":"","context":"In &quot;General&quot;","block_context":{"text":"General","link":"https:\/\/blog-alexis.monville.com\/en\/category\/all\/"},"img":{"alt_text":"","src":"","width":0,"height":0},"classes":[]},{"id":1877,"url":"https:\/\/blog-alexis.monville.com\/en\/2014\/05\/20\/et-si-nous-netions-quau-debut\/","url_meta":{"origin":298,"position":3},"title":"Et si nous n&#8217;\u00e9tions qu&#8217;au d\u00e9but ?","author":"Alexis","date":"May 20, 2014","format":false,"excerpt":"En regardant la conf\u00e9rence d'ouverture donn\u00e9e par Lionel Dricot lors de Mix-IT 2014, je me suis dit qu'il \u00e9tait dommage qu'il n'ait pas parl\u00e9 du revenu de base. En r\u00e9fl\u00e9chissant d'avantage, je me dis que le changement de mod\u00e8le pourrait se faire par la cr\u00e9ation d'une monnaie parall\u00e8le aux monnaies\u2026","rel":"","context":"In &quot;General&quot;","block_context":{"text":"General","link":"https:\/\/blog-alexis.monville.com\/en\/category\/all\/"},"img":{"alt_text":"","src":"https:\/\/i0.wp.com\/blog-alexis.monville.com\/en\/wp-content\/uploads\/sites\/2\/2014\/05\/ploum-mixit14.jpg?fit=957%2C638&ssl=1&resize=350%2C200","width":350,"height":200,"srcset":"https:\/\/i0.wp.com\/blog-alexis.monville.com\/en\/wp-content\/uploads\/sites\/2\/2014\/05\/ploum-mixit14.jpg?fit=957%2C638&ssl=1&resize=350%2C200 1x, https:\/\/i0.wp.com\/blog-alexis.monville.com\/en\/wp-content\/uploads\/sites\/2\/2014\/05\/ploum-mixit14.jpg?fit=957%2C638&ssl=1&resize=525%2C300 1.5x, https:\/\/i0.wp.com\/blog-alexis.monville.com\/en\/wp-content\/uploads\/sites\/2\/2014\/05\/ploum-mixit14.jpg?fit=957%2C638&ssl=1&resize=700%2C400 2x"},"classes":[]},{"id":688,"url":"https:\/\/blog-alexis.monville.com\/en\/2009\/11\/21\/acces-aux-donnees-publiques\/","url_meta":{"origin":298,"position":4},"title":"Acc\u00e8s aux donn\u00e9es publiques","author":"Alexis","date":"November 21, 2009","format":false,"excerpt":"La premi\u00e8re fois que j'ai vu\u00a0Hans Rossling d\u00e9voiler des statistiques extraordinaires lors d'une session TED, je me suis dit que \"nous\" tenions une d\u00e9monstration de l'int\u00e9r\u00eat de donner acc\u00e8s aux donn\u00e9es publiques afin que \"nous\" puissions tous les utiliser. Depuis, les choses ont \u00e9volu\u00e9es et de nombreux pays ont fait\u2026","rel":"","context":"In &quot;Interventions&quot;","block_context":{"text":"Interventions","link":"https:\/\/blog-alexis.monville.com\/en\/category\/interventions\/"},"img":{"alt_text":"","src":"https:\/\/i0.wp.com\/lacantine.org\/\/uploads\/9\/opendatcamp_OKV5_R.png?resize=350%2C200","width":350,"height":200},"classes":[]},{"id":1227,"url":"https:\/\/blog-alexis.monville.com\/en\/2011\/10\/04\/strategie-vs-mise-en-oeuvre\/","url_meta":{"origin":298,"position":5},"title":"Strat\u00e9gie vs Mise en oeuvre","author":"Alexis","date":"October 4, 2011","format":false,"excerpt":"Je re\u00e7ois p\u00e9riodiquement la lettre d'information de McKinsey.\u00a0Le titre de l'\u00e9dition du mois d'octobre m'a permis de comprendre l'\u00e9cart de vision qu'il pouvait exister avec ce que je propose. Cette lettre est titr\u00e9e : Strat\u00e9gie pour une \u00e9poque incertaine ou Strategy for uncertain times en version originale. Pourquoi un \u00e9cart\u2026","rel":"","context":"In &quot;ayeba&quot;","block_context":{"text":"ayeba","link":"https:\/\/blog-alexis.monville.com\/en\/category\/ayeba\/"},"img":{"alt_text":"","src":"https:\/\/i0.wp.com\/blog-alexis.monville.com\/wp-content\/uploads\/sites\/2\/2011\/10\/strategy-chess-1024x682.jpg?resize=350%2C200&ssl=1","width":350,"height":200},"classes":[]}],"jetpack_sharing_enabled":true,"_links":{"self":[{"href":"https:\/\/blog-alexis.monville.com\/en\/wp-json\/wp\/v2\/posts\/298","targetHints":{"allow":["GET"]}}],"collection":[{"href":"https:\/\/blog-alexis.monville.com\/en\/wp-json\/wp\/v2\/posts"}],"about":[{"href":"https:\/\/blog-alexis.monville.com\/en\/wp-json\/wp\/v2\/types\/post"}],"author":[{"embeddable":true,"href":"https:\/\/blog-alexis.monville.com\/en\/wp-json\/wp\/v2\/users\/1"}],"replies":[{"embeddable":true,"href":"https:\/\/blog-alexis.monville.com\/en\/wp-json\/wp\/v2\/comments?post=298"}],"version-history":[{"count":0,"href":"https:\/\/blog-alexis.monville.com\/en\/wp-json\/wp\/v2\/posts\/298\/revisions"}],"wp:attachment":[{"href":"https:\/\/blog-alexis.monville.com\/en\/wp-json\/wp\/v2\/media?parent=298"}],"wp:term":[{"taxonomy":"category","embeddable":true,"href":"https:\/\/blog-alexis.monville.com\/en\/wp-json\/wp\/v2\/categories?post=298"},{"taxonomy":"post_tag","embeddable":true,"href":"https:\/\/blog-alexis.monville.com\/en\/wp-json\/wp\/v2\/tags?post=298"}],"curies":[{"name":"wp","href":"https:\/\/api.w.org\/{rel}","templated":true}]}}