{"id":29,"date":"2006-09-28T13:07:31","date_gmt":"2006-09-28T11:07:31","guid":{"rendered":"http:\/\/alexismonville.wordpress.com\/2006\/09\/28\/floss-impact-conference\/"},"modified":"2006-09-28T13:07:31","modified_gmt":"2006-09-28T11:07:31","slug":"floss-impact-conference","status":"publish","type":"post","link":"https:\/\/blog-alexis.monville.com\/en\/2006\/09\/28\/floss-impact-conference\/","title":{"rendered":"FLOSS Impact Conference"},"content":{"rendered":"<p><title> \t \t \t \t \t \t \t \t<\/title><!-- \t\t@page { size: 21cm 29.7cm; margin: 2cm } \t\tP { margin-bottom: 0.21cm } \t--><\/p>\n<p style=\"margin-bottom:0\">Pr\u00e9sentation \u00e0 Bruxelles du draft de l&#8217;\u00e9tude sur l&#8217;impact de l&#8217;usage de solutions sous licences libres sur l&#8217;\u00e9conomie europ\u00e9enne.<\/p>\n<p style=\"margin-bottom:0\">L&#8217;\u00e9tude se conclue par une proposition de trois sc\u00e9narii et des pr\u00e9conisations en terme politique \u00e0 adopter :<\/p>\n<ul>\n<li>un sc\u00e9nario (CLOSED) permettant aux soci\u00e9t\u00e9s \u00e9ditrices de logiciels fonctionnant sur la base de l&#8217;ancien business model des licences de prot\u00e9ger leur fonctionnement aux d\u00e9triments des nouvelles soci\u00e9t\u00e9s fonctionnant sur un mod\u00e8le de service.<\/li>\n<li>un sc\u00e9nario (GENERIC) interm\u00e9diaire&#8230;<\/li>\n<li>un sc\u00e9nario (VOLUNTARY) encourageant par la r\u00e9glementation les innovations en termes de business model, de services, de technologies&#8230; Ce sc\u00e9nario \u00e9tant le plus favorable \u00e0 l&#8217;\u00e9conomie europ\u00e9enne et \u00e0 l&#8217;atteinte des objectifs de Lisbonne.<\/li>\n<\/ul>\n<p style=\"margin-bottom:0\">Commentaires \u00e0 produire pour le 10 octobre par les participants de cette conf\u00e9rence.<\/p>\n<p style=\"margin-bottom:0\"><a href=\"http:\/\/flossimpact.eu\/\">http:\/\/flossimpact.eu<\/a><\/p>\n<p style=\"margin-bottom:0\">&nbsp;<\/p>\n","protected":false},"excerpt":{"rendered":"<p>Pr\u00e9sentation \u00e0 Bruxelles du draft de l&#8217;\u00e9tude sur l&#8217;impact de l&#8217;usage de solutions sous licences libres sur l&#8217;\u00e9conomie europ\u00e9enne. L&#8217;\u00e9tude se conclue par une proposition de trois sc\u00e9narii et des pr\u00e9conisations en terme politique \u00e0 adopter : un sc\u00e9nario (CLOSED) permettant aux soci\u00e9t\u00e9s \u00e9ditrices de logiciels fonctionnant sur la base de l&#8217;ancien business model des [&hellip;]<\/p>\n","protected":false},"author":1,"featured_media":0,"comment_status":"open","ping_status":"open","sticky":false,"template":"","format":"standard","meta":{"advanced_seo_description":"","jetpack_seo_html_title":"","jetpack_seo_noindex":false,"jetpack_post_was_ever_published":false,"_jetpack_newsletter_access":"","_jetpack_dont_email_post_to_subs":false,"_jetpack_newsletter_tier_id":0,"_jetpack_memberships_contains_paywalled_content":false,"_jetpack_memberships_contains_paid_content":false,"footnotes":""},"categories":[12,7],"tags":[],"class_list":["post-29","post","type-post","status-publish","format-standard","hentry","category-europe","category-international"],"jetpack_featured_media_url":"","jetpack_shortlink":"https:\/\/wp.me\/paNjQG-t","jetpack-related-posts":[{"id":1323,"url":"https:\/\/blog-alexis.monville.com\/en\/2012\/01\/02\/great-by-choice\/","url_meta":{"origin":29,"position":0},"title":"Great by Choice","author":"Alexis","date":"January 2, 2012","format":false,"excerpt":"Lire est une bonne fa\u00e7on de d\u00e9couvrir de nouvelles approches, de comprendre les cl\u00e9s qui font les organisations qui fonctionnent mieux et qui durent. C'est en lisant le dernier ouvrage de Jim Collins, Great by Choice que je me suis dit qu'il serait utile de partager ces lectures et d'encourager\u2026","rel":"","context":"In &quot;livre&quot;","block_context":{"text":"livre","link":"https:\/\/blog-alexis.monville.com\/en\/category\/livre\/"},"img":{"alt_text":"","src":"https:\/\/i0.wp.com\/blog-alexis.monville.com\/wp-content\/uploads\/sites\/2\/2012\/01\/great-by-choice.jpg?resize=350%2C200&ssl=1","width":350,"height":200},"classes":[]},{"id":502,"url":"https:\/\/blog-alexis.monville.com\/en\/2009\/04\/27\/travailleurs-du-web\/","url_meta":{"origin":29,"position":1},"title":"Travailleurs du Web","author":"Alexis","date":"April 27, 2009","format":false,"excerpt":"Le BarCamp des Travailleurs du Web s'est tenu ce samedi 25 avril au Comptoir G\u00e9n\u00e9ral (l'espace de conf\u00e9rence de La Ruche au 80 quai de Jemmapes \u00e0 Paris). Des rencontres passionnantes comme toujours dans ces rencontres qui s'auto-organisent (presque). De nombreux sujets abord\u00e9s : GTD, gestion de projet, statut des\u2026","rel":"","context":"In &quot;Explorateurs&quot;","block_context":{"text":"Explorateurs","link":"https:\/\/blog-alexis.monville.com\/en\/category\/explorateurs\/"},"img":{"alt_text":"tdw-camp09","src":"https:\/\/i0.wp.com\/blog-alexis.monville.com\/wp-content\/uploads\/sites\/2\/2009\/04\/tdw-camp09.jpg?resize=350%2C200&ssl=1","width":350,"height":200},"classes":[]},{"id":675,"url":"https:\/\/blog-alexis.monville.com\/en\/2009\/11\/04\/aider-agoravox\/","url_meta":{"origin":29,"position":2},"title":"Aider AgoraVox ?","author":"Alexis","date":"November 4, 2009","format":false,"excerpt":"\u00ab\u00a0En faisant passer les sources de nos informations les plus pr\u00e9cieuses sous le statut de Fondations, nous les lib\u00e8rerons des structures obsol\u00e8tes de mod\u00e8les d\u2019affaires que ne fonctionnent plus, et nous leur donnerons une place permanente au sein de notre soci\u00e9t\u00e9, au m\u00eame titre que nos universit\u00e9s\u00a0(...) leur permettant aussi\u2026","rel":"","context":"In &quot;Explorateurs&quot;","block_context":{"text":"Explorateurs","link":"https:\/\/blog-alexis.monville.com\/en\/category\/explorateurs\/"},"img":{"alt_text":"","src":"https:\/\/i0.wp.com\/www.agoravox.fr\/local\/cache-vignettes\/L300xH292\/Presse-15c0c.jpg?resize=350%2C200","width":350,"height":200},"classes":[]},{"id":188,"url":"https:\/\/blog-alexis.monville.com\/en\/2008\/10\/05\/carrefour-des-possibles\/","url_meta":{"origin":29,"position":3},"title":"Carrefour des possibles","author":"Alexis","date":"October 5, 2008","format":false,"excerpt":"La 52\u00e8me \u00e9dition du Carrefour des possibles \u00e9tait organis\u00e9e par la FING en cl\u00f4ture de la premi\u00e8re journ\u00e9e des entretiens du nouveau monde industriel. La FING qui dans son introduction a pr\u00e9sent\u00e9e l\u2019enqu\u00eate qu\u2019elle r\u00e9alise dans le cadre du programme identit\u00e9s actives : r\u00e9v\u00e9lez votre profil 2.0. 3 coups de\u2026","rel":"","context":"In &quot;General&quot;","block_context":{"text":"General","link":"https:\/\/blog-alexis.monville.com\/en\/category\/all\/"},"img":{"alt_text":"","src":"","width":0,"height":0},"classes":[]},{"id":558,"url":"https:\/\/blog-alexis.monville.com\/en\/2009\/05\/21\/consultation-publique-sur-linternet-du-futur\/","url_meta":{"origin":29,"position":4},"title":"Consultation publique sur l&#8217;Internet du futur","author":"Alexis","date":"May 21, 2009","format":false,"excerpt":"Assez surprenant cette consultation... Consultation publique sur l\u2019Internet du futur Internet a r\u00e9volutionn\u00e9 tous les secteurs de nos soci\u00e9t\u00e9s, notre mani\u00e8re de communiquer, de nous informer, de nous divertir, de consommer et m\u00eame d\u2019interagir socialement. L\u2019\u00e9volution ou la red\u00e9finition de l\u2019Internet permettront le d\u00e9veloppement de nouveaux services et usages et\u2026","rel":"","context":"In &quot;Explorateurs&quot;","block_context":{"text":"Explorateurs","link":"https:\/\/blog-alexis.monville.com\/en\/category\/explorateurs\/"},"img":{"alt_text":"Internet du futur","src":"https:\/\/i0.wp.com\/www.telecom.gouv.fr\/IMG\/arton2105.jpg?resize=350%2C200","width":350,"height":200},"classes":[]},{"id":373,"url":"https:\/\/blog-alexis.monville.com\/en\/2009\/02\/01\/collaborer-pour-innover\/","url_meta":{"origin":29,"position":5},"title":"Collaborer pour innover","author":"Alexis","date":"February 1, 2009","format":false,"excerpt":"Collaborer pour Innover ? C'est le titre d'une \u00e9tude publi\u00e9e par Capgemini en 2008 qui recommande entre autres de : mesurer le processus d'innovation, d'accroitre l'implication des parties prenantes dans le processus d'innovation, de consid\u00e9rer les fournisseurs comme des partenaires strat\u00e9giques (et pas comme des fournisseurs \u00e0 bas co\u00fbt), de\u2026","rel":"","context":"In &quot;Explorateurs&quot;","block_context":{"text":"Explorateurs","link":"https:\/\/blog-alexis.monville.com\/en\/category\/explorateurs\/"},"img":{"alt_text":"capgemini-collaborating-for-innovation","src":"https:\/\/i0.wp.com\/blog-alexis.monville.com\/wp-content\/uploads\/sites\/2\/2009\/01\/capgemini-collaborating-for-innovation.jpg?resize=350%2C200&ssl=1","width":350,"height":200},"classes":[]}],"jetpack_sharing_enabled":true,"_links":{"self":[{"href":"https:\/\/blog-alexis.monville.com\/en\/wp-json\/wp\/v2\/posts\/29","targetHints":{"allow":["GET"]}}],"collection":[{"href":"https:\/\/blog-alexis.monville.com\/en\/wp-json\/wp\/v2\/posts"}],"about":[{"href":"https:\/\/blog-alexis.monville.com\/en\/wp-json\/wp\/v2\/types\/post"}],"author":[{"embeddable":true,"href":"https:\/\/blog-alexis.monville.com\/en\/wp-json\/wp\/v2\/users\/1"}],"replies":[{"embeddable":true,"href":"https:\/\/blog-alexis.monville.com\/en\/wp-json\/wp\/v2\/comments?post=29"}],"version-history":[{"count":0,"href":"https:\/\/blog-alexis.monville.com\/en\/wp-json\/wp\/v2\/posts\/29\/revisions"}],"wp:attachment":[{"href":"https:\/\/blog-alexis.monville.com\/en\/wp-json\/wp\/v2\/media?parent=29"}],"wp:term":[{"taxonomy":"category","embeddable":true,"href":"https:\/\/blog-alexis.monville.com\/en\/wp-json\/wp\/v2\/categories?post=29"},{"taxonomy":"post_tag","embeddable":true,"href":"https:\/\/blog-alexis.monville.com\/en\/wp-json\/wp\/v2\/tags?post=29"}],"curies":[{"name":"wp","href":"https:\/\/api.w.org\/{rel}","templated":true}]}}