{"id":2887,"date":"2019-06-04T03:19:35","date_gmt":"2019-06-04T07:19:35","guid":{"rendered":"https:\/\/blog-alexis.monville.com\/en\/?p=2887"},"modified":"2019-06-04T04:17:33","modified_gmt":"2019-06-04T08:17:33","slug":"the-breakfast-huddle-on-innovation-fatigue","status":"publish","type":"post","link":"https:\/\/blog-alexis.monville.com\/en\/2019\/06\/04\/the-breakfast-huddle-on-innovation-fatigue\/","title":{"rendered":"The Breakfast Huddle on Innovation Fatigue"},"content":{"rendered":"<p>While I was travelling to Singapore, I have been invited to discuss innovation with <a href=\"https:\/\/twitter.com\/ElliottDanker\">Eliott Danker<\/a> on <a href=\"https:\/\/twitter.com\/moneyfm893\">MoneyFM<\/a>.<\/p>\n<p>Thanks to Eliott interviewing talent, we touched on a lot of different aspects:<\/p>\n<ul>\n<li>Innovation fatigue<\/li>\n<li>Sustainability<\/li>\n<li>Burnout<\/li>\n<li>Innovation and customer experience<\/li>\n<li>Team organization preventing people to innovate<\/li>\n<li>Inclusivity of different perspectives<\/li>\n<li>Management of talented individual<\/li>\n<li>Manager role and manager discomfort<\/li>\n<li>Creating the conditions for great work<\/li>\n<li>Hiring, onboarding, training, mentoring<\/li>\n<li>Empathy and personas<\/li>\n<li>Understandgin the Flow of work<\/li>\n<li>Bottleneck and constraints<\/li>\n<li>More effort is not the solution<\/li>\n<li>Measure the impact of the work from a customer perspective, not the work itself<\/li>\n<\/ul>\n<p><iframe loading=\"lazy\" src=\"https:\/\/omny.fm\/shows\/money-fm-893\/how-to-prevent-innovation-fatigue\/embed?style=cover\" width=\"100%\" height=\"180\" frameborder=\"0\"><\/iframe><\/p>\n","protected":false},"excerpt":{"rendered":"<p>While I was travelling to Singapore, I have been invited to discuss innovation with Eliott Danker on MoneyFM. Thanks to Eliott interviewing talent, we touched on a lot of different aspects: Innovation fatigue Sustainability Burnout Innovation and customer experience Team organization preventing people to innovate Inclusivity of different perspectives Management of talented individual Manager role [&hellip;]<\/p>\n","protected":false},"author":1,"featured_media":2889,"comment_status":"open","ping_status":"open","sticky":false,"template":"","format":"standard","meta":{"advanced_seo_description":"","jetpack_seo_html_title":"","jetpack_seo_noindex":false,"jetpack_post_was_ever_published":false,"_jetpack_newsletter_access":"","_jetpack_dont_email_post_to_subs":false,"_jetpack_newsletter_tier_id":0,"_jetpack_memberships_contains_paywalled_content":false,"_jetpack_memberships_contains_paid_content":false,"footnotes":""},"categories":[1],"tags":[236,795],"class_list":["post-2887","post","type-post","status-publish","format-standard","has-post-thumbnail","hentry","category-all","tag-innovation","tag-podcast"],"jetpack_featured_media_url":"https:\/\/i0.wp.com\/blog-alexis.monville.com\/en\/wp-content\/uploads\/sites\/2\/2019\/06\/2019-06-03-08.29.39-scaled.jpg?fit=2560%2C1920&ssl=1","jetpack_shortlink":"https:\/\/wp.me\/paNjQG-Kz","jetpack-related-posts":[{"id":4066,"url":"https:\/\/blog-alexis.monville.com\/en\/2023\/01\/05\/this-is-season-three-of-le-podcast\/","url_meta":{"origin":2887,"position":0},"title":"This is Season Three of Le Podcast!","author":"Alexis","date":"January 5, 2023","format":false,"excerpt":"Season 3 of Le Podcast on Emerging Leadership features interviews with experts on leadership and related topics. In the first episode, Jared Kleinert, the CEO, and co-founder of Offsite and the founder of Meeting of the Minds, discusses the importance of meeting in person in the future of work, the\u2026","rel":"","context":"In &quot;General&quot;","block_context":{"text":"General","link":"https:\/\/blog-alexis.monville.com\/en\/category\/all\/"},"img":{"alt_text":"","src":"https:\/\/i0.wp.com\/blog-alexis.monville.com\/en\/wp-content\/uploads\/sites\/2\/2021\/01\/Le-Podcast-on-Emerging-Leadership-Square-e1611488942222.png?fit=400%2C400&ssl=1&resize=350%2C200","width":350,"height":200},"classes":[]},{"id":1759,"url":"https:\/\/blog-alexis.monville.com\/en\/2014\/02\/13\/prenons-de-lavance-sur-notre-temps\/","url_meta":{"origin":2887,"position":1},"title":"Prenons de l&#8217;avance sur notre temps","author":"Alexis","date":"February 13, 2014","format":false,"excerpt":"J\u2019ai eu le plaisir d\u2019\u00eatre invit\u00e9 par les \u00e9l\u00e8ves de l\u2019ISEG Marketing et Communication (MCS2) \u00e0 d\u00e9battre sur le th\u00e8me de l\u2019innovation avec C\u00e9line Patrier, fondatrice de OriginBy. Ce d\u00e9bat cl\u00f4ture la semaine innovation et marques organis\u00e9e \u00e0 Bordeaux. Je souhaite remercier l\u2019ISEG et les \u00e9l\u00e8ves pour l\u2019organisation et pour\u2026","rel":"","context":"In &quot;General&quot;","block_context":{"text":"General","link":"https:\/\/blog-alexis.monville.com\/en\/category\/all\/"},"img":{"alt_text":"","src":"https:\/\/i0.wp.com\/blog-alexis.monville.com\/en\/wp-content\/uploads\/sites\/2\/2014\/02\/Semaine-de-linnovation-et-des-marques1.jpg?fit=1004%2C1200&ssl=1&resize=350%2C200","width":350,"height":200,"srcset":"https:\/\/i0.wp.com\/blog-alexis.monville.com\/en\/wp-content\/uploads\/sites\/2\/2014\/02\/Semaine-de-linnovation-et-des-marques1.jpg?fit=1004%2C1200&ssl=1&resize=350%2C200 1x, https:\/\/i0.wp.com\/blog-alexis.monville.com\/en\/wp-content\/uploads\/sites\/2\/2014\/02\/Semaine-de-linnovation-et-des-marques1.jpg?fit=1004%2C1200&ssl=1&resize=525%2C300 1.5x, https:\/\/i0.wp.com\/blog-alexis.monville.com\/en\/wp-content\/uploads\/sites\/2\/2014\/02\/Semaine-de-linnovation-et-des-marques1.jpg?fit=1004%2C1200&ssl=1&resize=700%2C400 2x"},"classes":[]},{"id":813,"url":"https:\/\/blog-alexis.monville.com\/en\/2010\/05\/05\/social-innovation\/","url_meta":{"origin":2887,"position":2},"title":"Social Innovation","author":"Alexis","date":"May 5, 2010","format":false,"excerpt":"Le samedi 26 juin de 13h \u00e0 19h \u00e0 la Cantine, \u00e0 Paris se tiendra le Social Innovation Barcamp. La Cantine, situ\u00e9e 151 rue Montmartre, passage des panoramas, 75002 PARIS, pour plus d'informations, consultez le site http:\/\/lacantine.org.","rel":"","context":"In &quot;General&quot;","block_context":{"text":"General","link":"https:\/\/blog-alexis.monville.com\/en\/category\/all\/"},"img":{"alt_text":"","src":"https:\/\/i0.wp.com\/barcamp.org\/f\/1272610370\/logo_small.png?resize=350%2C200","width":350,"height":200},"classes":[]},{"id":4195,"url":"https:\/\/blog-alexis.monville.com\/en\/2023\/08\/22\/the-future-of-consulting-how-clarasys-is-redefining-the-game\/","url_meta":{"origin":2887,"position":3},"title":"The Future of Consulting: How Clarasys is Redefining the Game","author":"Alexis","date":"August 22, 2023","format":false,"excerpt":"In the ever-evolving business world, it's not uncommon to come across companies claiming to be 'innovative' or 'disruptive.' However, occasionally, you stumble upon a gem that embodies these terms. One such company is Clarasys, a consulting firm that has taken a bold leap from its traditional roots to become a\u2026","rel":"","context":"In &quot;General&quot;","block_context":{"text":"General","link":"https:\/\/blog-alexis.monville.com\/en\/category\/all\/"},"img":{"alt_text":"","src":"https:\/\/i0.wp.com\/blog-alexis.monville.com\/en\/wp-content\/uploads\/sites\/2\/2023\/08\/Screenshot-2023-08-22-at-10.26.33.png?fit=1200%2C533&ssl=1&resize=350%2C200","width":350,"height":200,"srcset":"https:\/\/i0.wp.com\/blog-alexis.monville.com\/en\/wp-content\/uploads\/sites\/2\/2023\/08\/Screenshot-2023-08-22-at-10.26.33.png?fit=1200%2C533&ssl=1&resize=350%2C200 1x, https:\/\/i0.wp.com\/blog-alexis.monville.com\/en\/wp-content\/uploads\/sites\/2\/2023\/08\/Screenshot-2023-08-22-at-10.26.33.png?fit=1200%2C533&ssl=1&resize=525%2C300 1.5x, https:\/\/i0.wp.com\/blog-alexis.monville.com\/en\/wp-content\/uploads\/sites\/2\/2023\/08\/Screenshot-2023-08-22-at-10.26.33.png?fit=1200%2C533&ssl=1&resize=700%2C400 2x, https:\/\/i0.wp.com\/blog-alexis.monville.com\/en\/wp-content\/uploads\/sites\/2\/2023\/08\/Screenshot-2023-08-22-at-10.26.33.png?fit=1200%2C533&ssl=1&resize=1050%2C600 3x"},"classes":[]},{"id":4991,"url":"https:\/\/blog-alexis.monville.com\/en\/2023\/12\/04\/ioanna-mantzouridou-on-revolutionizing-leadership-with-ai\/","url_meta":{"origin":2887,"position":4},"title":"Ioanna Mantzouridou on Revolutionizing Leadership with AI","author":"Alexis","date":"December 4, 2023","format":false,"excerpt":"In our latest episode of Le Podcast on Emerging Leadership, I am honored to feature Ioanna Mantzouridou, Co-founder & CEO of Dextego. Join us as we delve into Ioanna's inspiring journey from her roots in HR to leading an innovative AI coaching platform. Key Highlights of the Episode: Journey to\u2026","rel":"","context":"In &quot;Le Podcast&quot;","block_context":{"text":"Le Podcast","link":"https:\/\/blog-alexis.monville.com\/en\/category\/podcast\/"},"img":{"alt_text":"","src":"https:\/\/i0.wp.com\/blog-alexis.monville.com\/en\/wp-content\/uploads\/sites\/2\/2023\/12\/Le-Podcast-Ioana.png?fit=400%2C400&ssl=1&resize=350%2C200","width":350,"height":200},"classes":[]},{"id":28,"url":"https:\/\/blog-alexis.monville.com\/en\/2006\/09\/27\/openforum-europe-bruxelles\/","url_meta":{"origin":2887,"position":5},"title":"Openforum Europe","author":"Alexis","date":"September 27, 2006","format":false,"excerpt":"OSS, Open Standards and Innovation \u2013 Myth or Reality? Ev\u00e9nement int\u00e9ressant organis\u00e9 par openforum europe \u00e0 Bruxelles. Avec les prises de parole de : Christian Wernberg-Tougaard , Director Unisys EMEA public sector \u201cOpenness! \u2013 a driver or an inhibitor for innovation? \u2013 theory and practice from Europe\u201d Responsible for strategic\u2026","rel":"","context":"In &quot;International&quot;","block_context":{"text":"International","link":"https:\/\/blog-alexis.monville.com\/en\/category\/international\/"},"img":{"alt_text":"","src":"","width":0,"height":0},"classes":[]}],"jetpack_sharing_enabled":true,"_links":{"self":[{"href":"https:\/\/blog-alexis.monville.com\/en\/wp-json\/wp\/v2\/posts\/2887","targetHints":{"allow":["GET"]}}],"collection":[{"href":"https:\/\/blog-alexis.monville.com\/en\/wp-json\/wp\/v2\/posts"}],"about":[{"href":"https:\/\/blog-alexis.monville.com\/en\/wp-json\/wp\/v2\/types\/post"}],"author":[{"embeddable":true,"href":"https:\/\/blog-alexis.monville.com\/en\/wp-json\/wp\/v2\/users\/1"}],"replies":[{"embeddable":true,"href":"https:\/\/blog-alexis.monville.com\/en\/wp-json\/wp\/v2\/comments?post=2887"}],"version-history":[{"count":1,"href":"https:\/\/blog-alexis.monville.com\/en\/wp-json\/wp\/v2\/posts\/2887\/revisions"}],"predecessor-version":[{"id":2888,"href":"https:\/\/blog-alexis.monville.com\/en\/wp-json\/wp\/v2\/posts\/2887\/revisions\/2888"}],"wp:featuredmedia":[{"embeddable":true,"href":"https:\/\/blog-alexis.monville.com\/en\/wp-json\/wp\/v2\/media\/2889"}],"wp:attachment":[{"href":"https:\/\/blog-alexis.monville.com\/en\/wp-json\/wp\/v2\/media?parent=2887"}],"wp:term":[{"taxonomy":"category","embeddable":true,"href":"https:\/\/blog-alexis.monville.com\/en\/wp-json\/wp\/v2\/categories?post=2887"},{"taxonomy":"post_tag","embeddable":true,"href":"https:\/\/blog-alexis.monville.com\/en\/wp-json\/wp\/v2\/tags?post=2887"}],"curies":[{"name":"wp","href":"https:\/\/api.w.org\/{rel}","templated":true}]}}