{"id":288,"date":"2008-12-15T14:56:32","date_gmt":"2008-12-15T13:56:32","guid":{"rendered":"http:\/\/alexismonville.wordpress.com\/?p=288"},"modified":"2008-12-15T14:56:32","modified_gmt":"2008-12-15T13:56:32","slug":"les-causeries-de-lapril","status":"publish","type":"post","link":"https:\/\/blog-alexis.monville.com\/en\/2008\/12\/15\/les-causeries-de-lapril\/","title":{"rendered":"Les causeries de l&#8217;April"},"content":{"rendered":"<p>La <a href=\"http:\/\/www.april.org\/causerie-du-9-decembre-2008-sur-lapril-sa-campagne-dadhesion-ses-actions-passees-et-a-venir\" target=\"_blank\">causerie de l&#8217;April du 9 d\u00e9cembre<\/a> \u00e9tait consacr\u00e9e \u00e0&#8230; L&#8217;APRIL !<\/p>\n<p>Ses actions pass\u00e9es et \u00e0 venir et sa  <a href=\"http:\/\/www.april.org\/adherer?referent=Alexis%20MONVILLE+%28amonville%29\" target=\"_blank\">campagne d&#8217;adh\u00e9sion<\/a> (objectif d&#8217;atteindre 5000 adh\u00e9rents d&#8217;ici \u00e0 la fin de l&#8217;ann\u00e9e)<\/p>\n<p style=\"text-align:center\"><a href=\"http:\/\/www.april.org\/adherer?referent=Alexis%20MONVILLE+%28amonville%29\" target=\"_blank\"><img loading=\"lazy\" decoding=\"async\" class=\"aligncenter\" style=\"border:0 none;margin-top:10px;margin-bottom:10px\" src=\"http:\/\/www.april.org\/barre-progression\/progbar.php\" alt=\"\" width=\"416\" height=\"32\" \/><\/a><\/p>\n<p>Comme vous pouvez le constater avec cette barre de progression, l&#8217;objectif est atteignable !<\/p>\n","protected":false},"excerpt":{"rendered":"<p>La causerie de l&#8217;April du 9 d\u00e9cembre \u00e9tait consacr\u00e9e \u00e0&#8230; L&#8217;APRIL ! Ses actions pass\u00e9es et \u00e0 venir et sa campagne d&#8217;adh\u00e9sion (objectif d&#8217;atteindre 5000 adh\u00e9rents d&#8217;ici \u00e0 la fin de l&#8217;ann\u00e9e) Comme vous pouvez le constater avec cette barre de progression, l&#8217;objectif est atteignable !<\/p>\n","protected":false},"author":1,"featured_media":0,"comment_status":"open","ping_status":"open","sticky":false,"template":"","format":"standard","meta":{"advanced_seo_description":"","jetpack_seo_html_title":"","jetpack_seo_noindex":false,"jetpack_post_was_ever_published":false,"_jetpack_newsletter_access":"","_jetpack_dont_email_post_to_subs":false,"_jetpack_newsletter_tier_id":0,"_jetpack_memberships_contains_paywalled_content":false,"_jetpack_memberships_contains_paid_content":false,"footnotes":""},"categories":[1],"tags":[276,321],"class_list":["post-288","post","type-post","status-publish","format-standard","hentry","category-all","tag-logiciel-libre","tag-open-source"],"jetpack_featured_media_url":"","jetpack_shortlink":"https:\/\/wp.me\/paNjQG-4E","jetpack-related-posts":[{"id":871,"url":"https:\/\/blog-alexis.monville.com\/en\/2010\/07\/29\/logiciels-libres\/","url_meta":{"origin":288,"position":0},"title":"Logiciels libres","author":"Alexis","date":"July 29, 2010","format":false,"excerpt":"Le site africain d'information et de communication StarAfrica.com propose \u00e0 pr\u00e9sent une s\u00e9lection de logiciels libres \u00e0 t\u00e9l\u00e9charger. Cette s\u00e9lection a \u00e9t\u00e9 r\u00e9alis\u00e9e par l'APRIL Association pour la promotion et la d\u00e9fense des logiciels libres dans le cadre de son projet de Catalogue Libre. En r\u00e9utilisant ce travail StarAfrica.com contribue\u2026","rel":"","context":"In &quot;General&quot;","block_context":{"text":"General","link":"https:\/\/blog-alexis.monville.com\/en\/category\/all\/"},"img":{"alt_text":"","src":"https:\/\/i0.wp.com\/blog-alexis.monville.com\/wp-content\/uploads\/sites\/2\/2010\/07\/starafrica-logiciel-libre.jpg?resize=350%2C200&ssl=1","width":350,"height":200},"classes":[]},{"id":1801,"url":"https:\/\/blog-alexis.monville.com\/en\/2014\/03\/07\/soutenez-le-developpement-du-logiciel-libre\/","url_meta":{"origin":288,"position":1},"title":"Soutenez le d\u00e9veloppement du logiciel libre","author":"Alexis","date":"March 7, 2014","format":false,"excerpt":"En lisant ce billet, vous pouvez \u00eatre dans plusieurs situations : Vous connaissez le logiciel libre, vous en utilisez, et vous ne voyez pas pourquoi il est n\u00e9cessaire de le soutenir, Vous connaissez le logiciel libre, mais ne voyez pas pourquoi il est n\u00e9cessaire d'agir pour le promouvoir et parfois\u2026","rel":"","context":"In &quot;General&quot;","block_context":{"text":"General","link":"https:\/\/blog-alexis.monville.com\/en\/category\/all\/"},"img":{"alt_text":"Priorit\u00e9 au Logiciel Libre! Je soutiens l'April.","src":"https:\/\/i0.wp.com\/april.org\/campagne\/images\/priorite-logiciel-libre-je-soutiens-april_p.png?resize=350%2C200","width":350,"height":200},"classes":[]},{"id":270,"url":"https:\/\/blog-alexis.monville.com\/en\/2008\/12\/02\/promotion-du-logiciel-libre\/","url_meta":{"origin":288,"position":2},"title":"Promotion du logiciel libre","author":"Alexis","date":"December 2, 2008","format":false,"excerpt":"L'APRIL (Association pour la promotion du logiciel libre) m\u00e8ne actuellement une campagne d'adh\u00e9sion avec l'objectif d'atteindre 5000 adh\u00e9rents d'ici \u00e0 la fin de l'ann\u00e9e. Comme vous pouvez le constater avec cette barre de progression, l'objectif est atteignable ! Interop\u00e9rabilit\u00e9, libert\u00e9s informatiques, ma\u00eetrise des syst\u00e8mes d'information, garantie de leurs ind\u00e9pendances vis\u2026","rel":"","context":"In &quot;Explorateurs&quot;","block_context":{"text":"Explorateurs","link":"https:\/\/blog-alexis.monville.com\/en\/category\/explorateurs\/"},"img":{"alt_text":"","src":"http:\/\/www.april.org\/barre-progression\/progbar.php","width":350,"height":200},"classes":[]},{"id":948,"url":"https:\/\/blog-alexis.monville.com\/en\/2010\/11\/15\/logiciels-libres-a-partager-sans-compter\/","url_meta":{"origin":288,"position":3},"title":"Logiciels libres \u00e0 partager sans compter !","author":"Alexis","date":"November 15, 2010","format":false,"excerpt":"Cette affiche est le support d'une nouvelle campagne en faveur du logiciel libre dans l'\u00e9ducation. Bravo \u00e0 l'auteur, Antoine Bardelli ! Faites passer ! L'affiche est disponible en de nombreux formats pour impression ou web. En bas \u00e0 droite, les logos de l'April et de Framasoft que vous pouvez (devez\u2026","rel":"","context":"In &quot;General&quot;","block_context":{"text":"General","link":"https:\/\/blog-alexis.monville.com\/en\/category\/all\/"},"img":{"alt_text":"","src":"https:\/\/i0.wp.com\/blog-alexis.monville.com\/files\/2010\/11\/logiciel_libre_a_partager-212x300.png?resize=350%2C200&ssl=1","width":350,"height":200},"classes":[]},{"id":856,"url":"https:\/\/blog-alexis.monville.com\/en\/2010\/06\/27\/droit-dauteur-equitable\/","url_meta":{"origin":288,"position":4},"title":"Droit d&#8217;auteur \u00e9quitable","author":"Alexis","date":"June 27, 2010","format":false,"excerpt":"Les \u00e9tudiants canadiens ont produit cette vid\u00e9o d'information pour d\u00e9fendre un droit d'auteur \u00e9quitable. Cette excellente vid\u00e9o est reprise dans un article de Numerama. ACTA peut-\u00eatre un tr\u00e8s bon sujet de vid\u00e9os bien sur, et d'actions surtout, \u00e0 lire le communiqu\u00e9 de presse suite \u00e0 une rencontre entre les repr\u00e9sentants\u2026","rel":"","context":"In &quot;General&quot;","block_context":{"text":"General","link":"https:\/\/blog-alexis.monville.com\/en\/category\/all\/"},"img":{"alt_text":"","src":"https:\/\/i0.wp.com\/blog-alexis.monville.com\/wp-content\/uploads\/sites\/2\/2010\/06\/droit-auteur-equitable.jpg?resize=350%2C200&ssl=1","width":350,"height":200},"classes":[]},{"id":938,"url":"https:\/\/blog-alexis.monville.com\/en\/2010\/11\/11\/bettermeans\/","url_meta":{"origin":288,"position":5},"title":"BetterMeans","author":"Alexis","date":"November 11, 2010","format":false,"excerpt":"[tube]http:\/\/www.youtube.com\/v\/MAlnMWlvw9g[\/tube] Une solution rep\u00e9r\u00e9e grace \u00e0 un coup d'oeil sur Twitter (merci @antoviaque). Cette vid\u00e9o expliquant l'\u00e9volution d'une organisation soutenu par la solution BetterMeans est simple et efficace... Je suis assez tent\u00e9 de le proposer dans un premier temps dans un contexte associatif... l'April (logiciel libre) ? Bocowo (Le coworking\u2026","rel":"","context":"In &quot;Explorateurs&quot;","block_context":{"text":"Explorateurs","link":"https:\/\/blog-alexis.monville.com\/en\/category\/explorateurs\/"},"img":{"alt_text":"","src":"","width":0,"height":0},"classes":[]}],"jetpack_sharing_enabled":true,"_links":{"self":[{"href":"https:\/\/blog-alexis.monville.com\/en\/wp-json\/wp\/v2\/posts\/288","targetHints":{"allow":["GET"]}}],"collection":[{"href":"https:\/\/blog-alexis.monville.com\/en\/wp-json\/wp\/v2\/posts"}],"about":[{"href":"https:\/\/blog-alexis.monville.com\/en\/wp-json\/wp\/v2\/types\/post"}],"author":[{"embeddable":true,"href":"https:\/\/blog-alexis.monville.com\/en\/wp-json\/wp\/v2\/users\/1"}],"replies":[{"embeddable":true,"href":"https:\/\/blog-alexis.monville.com\/en\/wp-json\/wp\/v2\/comments?post=288"}],"version-history":[{"count":0,"href":"https:\/\/blog-alexis.monville.com\/en\/wp-json\/wp\/v2\/posts\/288\/revisions"}],"wp:attachment":[{"href":"https:\/\/blog-alexis.monville.com\/en\/wp-json\/wp\/v2\/media?parent=288"}],"wp:term":[{"taxonomy":"category","embeddable":true,"href":"https:\/\/blog-alexis.monville.com\/en\/wp-json\/wp\/v2\/categories?post=288"},{"taxonomy":"post_tag","embeddable":true,"href":"https:\/\/blog-alexis.monville.com\/en\/wp-json\/wp\/v2\/tags?post=288"}],"curies":[{"name":"wp","href":"https:\/\/api.w.org\/{rel}","templated":true}]}}