{"id":284,"date":"2008-12-10T07:53:57","date_gmt":"2008-12-10T06:53:57","guid":{"rendered":"http:\/\/alexismonville.wordpress.com\/?p=284"},"modified":"2008-12-10T07:53:57","modified_gmt":"2008-12-10T06:53:57","slug":"declaration-universelle-des-droits-de-lhomme","status":"publish","type":"post","link":"https:\/\/blog-alexis.monville.com\/en\/2008\/12\/10\/declaration-universelle-des-droits-de-lhomme\/","title":{"rendered":"D\u00e9claration universelle des droits de l&#8217;homme"},"content":{"rendered":"<p><a href=\"http:\/\/www.courrierinternational.com\/article.asp?obj_id=92228\" target=\"_blank\"><img data-recalc-dims=\"1\" loading=\"lazy\" decoding=\"async\" class=\"alignleft\" style=\"margin:10px\" src=\"https:\/\/i0.wp.com\/www.courrierinternational.com\/illustrations\/article\/2008\/12\/i92228DRH.jpg?resize=170%2C170\" alt=\"\" width=\"170\" height=\"170\" \/><\/a><\/p>\n<p>C&#8217;est aujourd&#8217;hui le <a href=\"http:\/\/www.un.org\/french\/events\/humanrights\/\" target=\"_self\">60\u00e8me anniversaire<\/a> de la D\u00e9claration universelle des droits de l&#8217;homme.<\/p>\n<p>L&#8217;occasion de relire ces <a href=\"http:\/\/www.un.org\/french\/aboutun\/dudh.htm\" target=\"_blank\">30 articles<\/a> ?<\/p>\n<p><a href=\"http:\/\/www.courrierinternational.com\/article.asp?obj_id=92228\" target=\"_blank\">Courrier International a fait un dossier sur le sujet.<\/a><\/p>\n","protected":false},"excerpt":{"rendered":"<p>C&#8217;est aujourd&#8217;hui le 60\u00e8me anniversaire de la D\u00e9claration universelle des droits de l&#8217;homme. L&#8217;occasion de relire ces 30 articles ? Courrier International a fait un dossier sur le sujet.<\/p>\n","protected":false},"author":1,"featured_media":0,"comment_status":"open","ping_status":"open","sticky":false,"template":"","format":"standard","meta":{"advanced_seo_description":"","jetpack_seo_html_title":"","jetpack_seo_noindex":false,"jetpack_post_was_ever_published":false,"_jetpack_newsletter_access":"","_jetpack_dont_email_post_to_subs":false,"_jetpack_newsletter_tier_id":0,"_jetpack_memberships_contains_paywalled_content":false,"_jetpack_memberships_contains_paid_content":false,"footnotes":""},"categories":[7],"tags":[],"class_list":["post-284","post","type-post","status-publish","format-standard","hentry","category-international"],"jetpack_featured_media_url":"","jetpack_shortlink":"https:\/\/wp.me\/paNjQG-4A","jetpack-related-posts":[{"id":1022,"url":"https:\/\/blog-alexis.monville.com\/en\/2011\/01\/09\/dividende-universel\/","url_meta":{"origin":284,"position":0},"title":"Dividende universel","author":"Alexis","date":"January 9, 2011","format":false,"excerpt":"St\u00e9phane Laborde est intervenu lors de l'\u00e9mission Symbiose sur radio libertaire diffus\u00e9 sur dogmazic\u00a0(faire un don ici) pour parler de son livre sur la th\u00e9orie relative de la monnaie. Une occasion \u00e9galement de comprendre ce qu'est la monnaie, qui permet de favoriser les \u00e9changes au dela du troc et les\u2026","rel":"","context":"In &quot;General&quot;","block_context":{"text":"General","link":"https:\/\/blog-alexis.monville.com\/en\/category\/all\/"},"img":{"alt_text":"","src":"","width":0,"height":0},"classes":[]},{"id":1328,"url":"https:\/\/blog-alexis.monville.com\/en\/2012\/01\/15\/tedxplaceducapitole\/","url_meta":{"origin":284,"position":1},"title":"TEDxPlaceDuCapitole","author":"Alexis","date":"January 15, 2012","format":false,"excerpt":"TEDxPlaceDuCapitole s'est d\u00e9roul\u00e9 ce samedi 14 janvier \u00e0 l'Hotel Dieu de Toulouse. L'excellente \u00e9quipe d'organisation avait r\u00e9uni 13 intervenants autour du th\u00e8me l'\u00e9nergie des possibles : Damien Jayat sur la m\u00e9diation scientifique Adrienne Alix sur l'engagement pour Wikipedia Fran\u00e7ois Cantier sur avocat sans fronti\u00e8re et l'\u00e9cole des droits de l'homme\u2026","rel":"","context":"In &quot;General&quot;","block_context":{"text":"General","link":"https:\/\/blog-alexis.monville.com\/en\/category\/all\/"},"img":{"alt_text":"","src":"https:\/\/i0.wp.com\/blog-alexis.monville.com\/en\/wp-content\/uploads\/sites\/2\/2012\/01\/IMG_4125-scaled.jpg?fit=1200%2C900&ssl=1&resize=350%2C200","width":350,"height":200,"srcset":"https:\/\/i0.wp.com\/blog-alexis.monville.com\/en\/wp-content\/uploads\/sites\/2\/2012\/01\/IMG_4125-scaled.jpg?fit=1200%2C900&ssl=1&resize=350%2C200 1x, https:\/\/i0.wp.com\/blog-alexis.monville.com\/en\/wp-content\/uploads\/sites\/2\/2012\/01\/IMG_4125-scaled.jpg?fit=1200%2C900&ssl=1&resize=525%2C300 1.5x, https:\/\/i0.wp.com\/blog-alexis.monville.com\/en\/wp-content\/uploads\/sites\/2\/2012\/01\/IMG_4125-scaled.jpg?fit=1200%2C900&ssl=1&resize=700%2C400 2x, https:\/\/i0.wp.com\/blog-alexis.monville.com\/en\/wp-content\/uploads\/sites\/2\/2012\/01\/IMG_4125-scaled.jpg?fit=1200%2C900&ssl=1&resize=1050%2C600 3x"},"classes":[]},{"id":967,"url":"https:\/\/blog-alexis.monville.com\/en\/2010\/12\/02\/menottes-numeriques\/","url_meta":{"origin":284,"position":2},"title":"Menottes num\u00e9riques","author":"Alexis","date":"December 2, 2010","format":false,"excerpt":"Des menottes num\u00e9riques ? Qu'est-ce que cela peut vouloir dire ? Pourquoi donc faire r\u00e9f\u00e9rence \u00e0 des menottes pour parler des DRM (Digital Rights Management) soit gestion des droits num\u00e9riques. Mais de quel droit parle-t-on ? Le droit de l'auteur, de l'ayant-droit ou celui de l'utilisateur ? A moins que\u2026","rel":"","context":"In &quot;General&quot;","block_context":{"text":"General","link":"https:\/\/blog-alexis.monville.com\/en\/category\/all\/"},"img":{"alt_text":"","src":"https:\/\/i0.wp.com\/www.april.org\/sites\/default\/files\/synthese_DRM_April.png?resize=350%2C200","width":350,"height":200},"classes":[]},{"id":856,"url":"https:\/\/blog-alexis.monville.com\/en\/2010\/06\/27\/droit-dauteur-equitable\/","url_meta":{"origin":284,"position":3},"title":"Droit d&#8217;auteur \u00e9quitable","author":"Alexis","date":"June 27, 2010","format":false,"excerpt":"Les \u00e9tudiants canadiens ont produit cette vid\u00e9o d'information pour d\u00e9fendre un droit d'auteur \u00e9quitable. Cette excellente vid\u00e9o est reprise dans un article de Numerama. ACTA peut-\u00eatre un tr\u00e8s bon sujet de vid\u00e9os bien sur, et d'actions surtout, \u00e0 lire le communiqu\u00e9 de presse suite \u00e0 une rencontre entre les repr\u00e9sentants\u2026","rel":"","context":"In &quot;General&quot;","block_context":{"text":"General","link":"https:\/\/blog-alexis.monville.com\/en\/category\/all\/"},"img":{"alt_text":"","src":"https:\/\/i0.wp.com\/blog-alexis.monville.com\/wp-content\/uploads\/sites\/2\/2010\/06\/droit-auteur-equitable.jpg?resize=350%2C200&ssl=1","width":350,"height":200},"classes":[]},{"id":1384,"url":"https:\/\/blog-alexis.monville.com\/en\/2012\/02\/04\/revenu-de-vie-2\/","url_meta":{"origin":284,"position":4},"title":"Revenu de Vie","author":"Alexis","date":"February 4, 2012","format":false,"excerpt":"Le Centre des Jeunes Dirigeants a publi\u00e9 en novembre 2011 Objectif Oikos, un livre blanc pour mettre l'\u00e9conomie au service de la vie. Ce livre blanc contient 12 propositions pour 2012 destin\u00e9es \u00e0 interpeller les candidats \u00e0 l'\u00e9lection pr\u00e9sidentielle. Parmi ces propositions, la mise en place d'une allocation universelle (un\u2026","rel":"","context":"In &quot;ayeba&quot;","block_context":{"text":"ayeba","link":"https:\/\/blog-alexis.monville.com\/en\/category\/ayeba\/"},"img":{"alt_text":"","src":"https:\/\/i0.wp.com\/blog-alexis.monville.com\/wp-content\/uploads\/sites\/2\/2012\/02\/objectif-oikos-cjd.png?resize=350%2C200&ssl=1","width":350,"height":200},"classes":[]},{"id":816,"url":"https:\/\/blog-alexis.monville.com\/en\/2010\/05\/09\/revenu-de-vie\/","url_meta":{"origin":284,"position":5},"title":"Revenu de Vie","author":"Alexis","date":"May 9, 2010","format":false,"excerpt":"Avez-vous d\u00e9j\u00e0 entendu parler du Revenu de Vie ? Peut-\u00eatre \u00eates-vous d\u00e9j\u00e0 signataire de l'Appel pour un Revenu de Vie ? Peut-\u00eatre avez-vous envie d'en savoir plus avant de vous engager dans la promotion de cette \u00e9volution de notre soci\u00e9t\u00e9 ? Qu'est-ce que le Revenu de Vie ? L'id\u00e9e du\u2026","rel":"","context":"In &quot;General&quot;","block_context":{"text":"General","link":"https:\/\/blog-alexis.monville.com\/en\/category\/all\/"},"img":{"alt_text":"","src":"https:\/\/i0.wp.com\/blog-alexis.monville.com\/wp-content\/uploads\/sites\/2\/2010\/05\/pzado-pathway1.jpg?resize=350%2C200&ssl=1","width":350,"height":200},"classes":[]}],"jetpack_sharing_enabled":true,"_links":{"self":[{"href":"https:\/\/blog-alexis.monville.com\/en\/wp-json\/wp\/v2\/posts\/284","targetHints":{"allow":["GET"]}}],"collection":[{"href":"https:\/\/blog-alexis.monville.com\/en\/wp-json\/wp\/v2\/posts"}],"about":[{"href":"https:\/\/blog-alexis.monville.com\/en\/wp-json\/wp\/v2\/types\/post"}],"author":[{"embeddable":true,"href":"https:\/\/blog-alexis.monville.com\/en\/wp-json\/wp\/v2\/users\/1"}],"replies":[{"embeddable":true,"href":"https:\/\/blog-alexis.monville.com\/en\/wp-json\/wp\/v2\/comments?post=284"}],"version-history":[{"count":0,"href":"https:\/\/blog-alexis.monville.com\/en\/wp-json\/wp\/v2\/posts\/284\/revisions"}],"wp:attachment":[{"href":"https:\/\/blog-alexis.monville.com\/en\/wp-json\/wp\/v2\/media?parent=284"}],"wp:term":[{"taxonomy":"category","embeddable":true,"href":"https:\/\/blog-alexis.monville.com\/en\/wp-json\/wp\/v2\/categories?post=284"},{"taxonomy":"post_tag","embeddable":true,"href":"https:\/\/blog-alexis.monville.com\/en\/wp-json\/wp\/v2\/tags?post=284"}],"curies":[{"name":"wp","href":"https:\/\/api.w.org\/{rel}","templated":true}]}}