{"id":2763,"date":"2019-03-02T10:50:51","date_gmt":"2019-03-02T15:50:51","guid":{"rendered":"https:\/\/blog-alexis.monville.com\/en\/?p=2763"},"modified":"2020-10-20T12:57:53","modified_gmt":"2020-10-20T16:57:53","slug":"what-spectre-and-meltdown-teach-us-about-change","status":"publish","type":"post","link":"https:\/\/blog-alexis.monville.com\/en\/2019\/03\/02\/what-spectre-and-meltdown-teach-us-about-change\/","title":{"rendered":"What Spectre and Meltdown teach us about change."},"content":{"rendered":"<p><a href=\"https:\/\/meltdownattack.com\/\">Spectre and Meltdown<\/a> are among the famous microprocessors vulnerabilities. Researchers spend their days to find those vulnerabilities in the very complex systems we build.<\/p>\n<p>The day before the micro-architecture workshop related <a href=\"https:\/\/itsnothowwellthedogdances.com\/unintended-consequences\/\" target=\"_blank\" rel=\"noopener noreferrer\" data-cke-saved-href=\"https:\/\/itsnothowwellthedogdances.com\/unintended-consequences\/\">by Hugh Brock in this post<\/a>, he organized a lunch and learn with the speakers Daniel Gruss and Daniel Genkin, who are among the ones who uncovered Spectre and Meltdown.<\/p>\n<p>The complexity of the systems comes from continuously adding more features. The systems become so complex that we are not able to understand fully how they work.<\/p>\n<p>In the session of questions and answers, <a href=\"https:\/\/twitter.com\/lavados\" target=\"_blank\" rel=\"noopener noreferrer\" data-cke-saved-href=\"https:\/\/twitter.com\/lavados\">Daniel Gruss<\/a> was asked if one particular processor was condemned and if it could be better to restart from scratch. I capture two important learnings from his humoristic answer.<\/p>\n<p>He said first something along those lines. Just imagine that you go to see your doctor. You are sick. It is bad. Would you prefer your doctor to try to fix you or to tell your parents that they should start again from scratch?<\/p>\n<p>Change is not necessarily easy or hard. It is the only reasonable thing to do.<\/p>\n<p>First learning is that you should probably accept that what you build, either an organization, a product or a service, is not perfect. And so, that, you have to put the feedback mechanism in place to learn and adjust.<\/p>\n<p>Second learning. It is not only one processor or one manufacturer. They are all working with the same approach of incremental optimizations. But each optimization also comes with potential flaws. They are also all conducting their work behind closed doors which prevent other pairs of eyes from detecting the problems before it is too late. A good incentive to use an <a href=\"https:\/\/opensource.com\/open-source-way\" target=\"_blank\" rel=\"noopener noreferrer\" data-cke-saved-href=\"https:\/\/opensource.com\/open-source-way\">Open Source Way<\/a>.<\/p>\n<p>I hope you will have a great month of March! Last month of winter for those in the northern hemisphere! Yeap, I am done with snow, and yeap, it is snowing right now \ud83d\ude42<\/p>\n<p>A friend or colleague forwarded you that email? You can <a href=\"https:\/\/blog-alexis.monville.com\/en\" target=\"_blank\" rel=\"noopener noreferrer\" data-cke-saved-href=\"https:\/\/blog-alexis.monville.com\/en\">subscribe to the <\/a><a data-cke-saved-href=\"https:\/\/blog-alexis.monville.com\/en\">mailing-list<\/a><a data-cke-saved-href=\"https:\/\/blog-alexis.monville.com\/en\"> here<\/a>.<\/p>\n<p>A few more things to share:<\/p>\n<p>I had the pleasure to speak at Boston Spin and UQAM in Montreal in January. I used an evolution of the talk used several times in Europe at the end of last year. I am working on the keynote talk I will use for an upcoming event. If you want to have me deliver it for your event, <a href=\"https:\/\/blog-alexis.monville.com\/en\/speaking\/\" target=\"_blank\" rel=\"noopener noreferrer\" data-cke-saved-href=\"https:\/\/blog-alexis.monville.com\/en\/speaking\/\">let&#8217;s discuss<\/a>!<\/p>\n<p>To make a connection between the Management 3.0 practices and the <a href=\"https:\/\/openpracticelibrary.com\/practice\/moving-motivators\/\" target=\"_blank\" rel=\"noopener noreferrer\" data-cke-saved-href=\"https:\/\/openpracticelibrary.com\/practice\/moving-motivators\/\">Open Practice Library<\/a>, I published the practice recommended in chapter 3 of my book. What about you try that practice?<\/p>\n<p>You have to listen to <a href=\"http:\/\/johnpoelstra.com\/exploring-ego-michael-doyle-73\/\" target=\"_blank\" rel=\"noopener noreferrer\" data-cke-saved-href=\"http:\/\/johnpoelstra.com\/exploring-ego-michael-doyle-73\/\">the latest episode of the John Poelstra Show<\/a> in which he is exploring the ego with <a href=\"https:\/\/twitter.com\/tweet_mdoyle\" target=\"_blank\" rel=\"noopener noreferrer\" data-cke-saved-href=\"https:\/\/twitter.com\/tweet_mdoyle\">Michael Doyle<\/a>.<\/p>\n<p>&nbsp;<\/p>\n<p>&nbsp;<\/p>\n<p>Header photo b<span class=\"photographer-profile\">y <a title=\"Posts by Ryan McGuire\" href=\"https:\/\/gratisography.com\/photo\/author\/ryan-mcguire\/\" rel=\"author\">Ryan McGuire<\/a><\/span><\/p>\n","protected":false},"excerpt":{"rendered":"<p>Spectre and Meltdown are among the famous microprocessors vulnerabilities. Researchers spend their days to find those vulnerabilities in the very complex systems we build. The day before the micro-architecture workshop related by Hugh Brock in this post, he organized a lunch and learn with the speakers Daniel Gruss and Daniel Genkin, who are among the [&hellip;]<\/p>\n","protected":false},"author":1,"featured_media":2765,"comment_status":"open","ping_status":"open","sticky":false,"template":"","format":"standard","meta":{"advanced_seo_description":"","jetpack_seo_html_title":"","jetpack_seo_noindex":false,"jetpack_post_was_ever_published":false,"_jetpack_newsletter_access":"","_jetpack_dont_email_post_to_subs":false,"_jetpack_newsletter_tier_id":0,"_jetpack_memberships_contains_paywalled_content":false,"_jetpack_memberships_contains_paid_content":false,"footnotes":""},"categories":[1],"tags":[],"class_list":["post-2763","post","type-post","status-publish","format-standard","has-post-thumbnail","hentry","category-all"],"jetpack_featured_media_url":"https:\/\/i0.wp.com\/blog-alexis.monville.com\/en\/wp-content\/uploads\/sites\/2\/2019\/03\/gratisography-207H-scaled.jpg?fit=2560%2C1707&ssl=1","jetpack_shortlink":"https:\/\/wp.me\/paNjQG-Iz","jetpack-related-posts":[{"id":4252,"url":"https:\/\/blog-alexis.monville.com\/en\/2023\/06\/05\/how-the-cloud-threatens-open-source-and-what-we-can-do-about-it-a-conversation-with-daniel-riek\/","url_meta":{"origin":2763,"position":0},"title":"How the Cloud Threatens Open Source and what we can do about it: A Conversation with Daniel Riek","author":"Alexis","date":"June 5, 2023","format":false,"excerpt":"Open source is everywhere. It powers the cloud. It powers our phones. It powers most of the modern software stack. So why does it feel like we are losing control? In this episode, I\u2019m joined by Daniel Riek, who works on special projects and strategy with the CTO at Red\u2026","rel":"","context":"In &quot;Le Podcast&quot;","block_context":{"text":"Le Podcast","link":"https:\/\/blog-alexis.monville.com\/en\/category\/podcast\/"},"img":{"alt_text":"","src":"https:\/\/i0.wp.com\/blog-alexis.monville.com\/en\/wp-content\/uploads\/sites\/2\/2023\/06\/Le-Podcast-Season4-Episode1-Daniel-Riek.png?fit=400%2C400&ssl=1&resize=350%2C200","width":350,"height":200},"classes":[]},{"id":634,"url":"https:\/\/blog-alexis.monville.com\/en\/2009\/08\/01\/owf-owf2009le-facteur-humain-au-coeur-de-lindustrie-du-logiciel-libre\/","url_meta":{"origin":2763,"position":1},"title":"Le facteur humain&#8230; au coeur de l&#8217;industrie du logiciel libre","author":"Alexis","date":"August 1, 2009","format":false,"excerpt":"Le FLOSS, l'OpenSource, le logiciel libre... Un truc de geek, de techos, de chevelus... Cette image est bien sur erron\u00e9e et les Directeurs des Syst\u00e8mes d'Information qui ont adopt\u00e9s des solutions sous licences libres se sont \u00e9galement fait les farouches partisants d'un mod\u00e8le qui leur permet de reprendre la ma\u00eetrise\u2026","rel":"","context":"In &quot;Interventions&quot;","block_context":{"text":"Interventions","link":"https:\/\/blog-alexis.monville.com\/en\/category\/interventions\/"},"img":{"alt_text":"OWF 2009","src":"http:\/\/openworldforum.org\/owf\/portal\/contact\/OWF_200x216.jpg\/image_preview","width":350,"height":200},"classes":[]},{"id":14,"url":"https:\/\/blog-alexis.monville.com\/en\/2006\/05\/15\/les-rendez-vous-du-cete-logiciel-libre-enjeux-et-perspectives\/","url_meta":{"origin":2763,"position":2},"title":"Les Rendez-Vous du CETE \u201cLogiciel libre : enjeux et perspectives\u201d","author":"Alexis","date":"May 15, 2006","format":false,"excerpt":"Invit\u00e9 \u00e0 repr\u00e9senter la Direction G\u00e9n\u00e9rale de la Modernisation de l'Etat lors des Conf\u00e9rences organis\u00e9es par le CETENord-Picardie : \"pour comprendre le pr\u00e9sent et construire l\u2019avenir\" A compl\u00e8ter avec le lien vers les pr\u00e9sentations de l'Adullact et du minist\u00e8re de l'\u00e9quipement et la mienne... Programme : 14h00 - Propos introductif\u2026","rel":"","context":"In &quot;Interventions&quot;","block_context":{"text":"Interventions","link":"https:\/\/blog-alexis.monville.com\/en\/category\/interventions\/"},"img":{"alt_text":"","src":"","width":0,"height":0},"classes":[]},{"id":5130,"url":"https:\/\/blog-alexis.monville.com\/en\/2024\/05\/14\/mindsets-for-the-future\/","url_meta":{"origin":2763,"position":3},"title":"Mindsets for the Future","author":"Alexis","date":"May 14, 2024","format":false,"excerpt":"Leading in a Non-Linear World: Building Wellbeing, Strategic and Innovation Mindsets for the Future Traditional linear leadership models are increasingly ineffective. Jean Gomes's book Leading in a Non-Linear World provides a comprehensive guide to understanding and adopting new mindsets necessary for thriving in our complex environment. Embracing Complexity and Uncertainty\u2026","rel":"","context":"In &quot;General&quot;","block_context":{"text":"General","link":"https:\/\/blog-alexis.monville.com\/en\/category\/all\/"},"img":{"alt_text":"","src":"https:\/\/i0.wp.com\/blog-alexis.monville.com\/en\/wp-content\/uploads\/sites\/2\/2024\/05\/53234095.jpg?fit=270%2C400&ssl=1&resize=350%2C200","width":350,"height":200},"classes":[]},{"id":251,"url":"https:\/\/blog-alexis.monville.com\/en\/2008\/11\/07\/autour-dhamlet\/","url_meta":{"origin":2763,"position":4},"title":"Autour d&#8217;Hamlet","author":"Alexis","date":"November 7, 2008","format":false,"excerpt":"J'\u00e9tais au vernissage de l'exposition \"autour d'Hamlet\" organis\u00e9 par l'\u00e9diteur carnets-livres \u00e0 la Halle Saint-Pierre. L'id\u00e9e de r\u00e9-editer des traductions d'Hamlet tr\u00e8s diff\u00e9rentes (celle de Dumas et celle de Letourneur), et m\u00eame de produire de nouvelles versions, une de l'\u00e9diteur Daniel Besace et une autre d'Ivan Sigg est g\u00e9niale !\u2026","rel":"","context":"In &quot;General&quot;","block_context":{"text":"General","link":"https:\/\/blog-alexis.monville.com\/en\/category\/all\/"},"img":{"alt_text":"","src":"","width":0,"height":0},"classes":[]},{"id":78,"url":"https:\/\/blog-alexis.monville.com\/en\/2008\/01\/05\/2008\/","url_meta":{"origin":2763,"position":5},"title":"2008","author":"Alexis","date":"January 5, 2008","format":false,"excerpt":"Le 12 d\u00e9cembre 2007, date \u00e0 laquelle s'est tenu le premier conseil de la modernisation des politiques publiques, est une premi\u00e8re \u00e9tape importante de la r\u00e9vision g\u00e9n\u00e9rale des politiques publiques. Afin d\u2019accompagner les minist\u00e8res dans leur transformation en profondeur, le nouveau directeur g\u00e9n\u00e9ral de la modernisation de l\u2019\u00c9tat, Fran\u00e7ois-Daniel Migeon,\u2026","rel":"","context":"In &quot;General&quot;","block_context":{"text":"General","link":"https:\/\/blog-alexis.monville.com\/en\/category\/all\/"},"img":{"alt_text":"","src":"","width":0,"height":0},"classes":[]}],"jetpack_sharing_enabled":true,"_links":{"self":[{"href":"https:\/\/blog-alexis.monville.com\/en\/wp-json\/wp\/v2\/posts\/2763","targetHints":{"allow":["GET"]}}],"collection":[{"href":"https:\/\/blog-alexis.monville.com\/en\/wp-json\/wp\/v2\/posts"}],"about":[{"href":"https:\/\/blog-alexis.monville.com\/en\/wp-json\/wp\/v2\/types\/post"}],"author":[{"embeddable":true,"href":"https:\/\/blog-alexis.monville.com\/en\/wp-json\/wp\/v2\/users\/1"}],"replies":[{"embeddable":true,"href":"https:\/\/blog-alexis.monville.com\/en\/wp-json\/wp\/v2\/comments?post=2763"}],"version-history":[{"count":4,"href":"https:\/\/blog-alexis.monville.com\/en\/wp-json\/wp\/v2\/posts\/2763\/revisions"}],"predecessor-version":[{"id":2768,"href":"https:\/\/blog-alexis.monville.com\/en\/wp-json\/wp\/v2\/posts\/2763\/revisions\/2768"}],"wp:featuredmedia":[{"embeddable":true,"href":"https:\/\/blog-alexis.monville.com\/en\/wp-json\/wp\/v2\/media\/2765"}],"wp:attachment":[{"href":"https:\/\/blog-alexis.monville.com\/en\/wp-json\/wp\/v2\/media?parent=2763"}],"wp:term":[{"taxonomy":"category","embeddable":true,"href":"https:\/\/blog-alexis.monville.com\/en\/wp-json\/wp\/v2\/categories?post=2763"},{"taxonomy":"post_tag","embeddable":true,"href":"https:\/\/blog-alexis.monville.com\/en\/wp-json\/wp\/v2\/tags?post=2763"}],"curies":[{"name":"wp","href":"https:\/\/api.w.org\/{rel}","templated":true}]}}