{"id":276,"date":"2008-12-05T10:27:26","date_gmt":"2008-12-05T09:27:26","guid":{"rendered":"http:\/\/alexismonville.wordpress.com\/?p=276"},"modified":"2008-12-05T10:27:26","modified_gmt":"2008-12-05T09:27:26","slug":"charter-for-compassion","status":"publish","type":"post","link":"https:\/\/blog-alexis.monville.com\/en\/2008\/12\/05\/charter-for-compassion\/","title":{"rendered":"Charter For Compassion"},"content":{"rendered":"<p><a href=\"http:\/\/charterforcompassion.com\/\"><img data-recalc-dims=\"1\" loading=\"lazy\" decoding=\"async\" data-attachment-id=\"277\" data-permalink=\"https:\/\/blog-alexis.monville.com\/en\/2008\/12\/05\/charter-for-compassion\/charterforcompassion2\/\" data-orig-file=\"https:\/\/i0.wp.com\/blog-alexis.monville.com\/en\/wp-content\/uploads\/sites\/2\/2008\/12\/charterforcompassion2.jpg?fit=450%2C290&amp;ssl=1\" data-orig-size=\"450,290\" data-comments-opened=\"1\" data-image-meta=\"{&quot;aperture&quot;:&quot;0&quot;,&quot;credit&quot;:&quot;&quot;,&quot;camera&quot;:&quot;&quot;,&quot;caption&quot;:&quot;&quot;,&quot;created_timestamp&quot;:&quot;0&quot;,&quot;copyright&quot;:&quot;&quot;,&quot;focal_length&quot;:&quot;0&quot;,&quot;iso&quot;:&quot;0&quot;,&quot;shutter_speed&quot;:&quot;0&quot;,&quot;title&quot;:&quot;&quot;}\" data-image-title=\"charterforcompassion2\" data-image-description=\"\" data-image-caption=\"\" data-large-file=\"https:\/\/i0.wp.com\/blog-alexis.monville.com\/en\/wp-content\/uploads\/sites\/2\/2008\/12\/charterforcompassion2.jpg?fit=450%2C290&amp;ssl=1\" class=\"alignleft size-full wp-image-277\" style=\"border:0 none;margin:10px\" src=\"http:\/\/alexismonville.files.wordpress.com\/2008\/12\/charterforcompassion2.jpg?resize=450%2C290\" alt=\"charterforcompassion2\" width=\"450\" height=\"290\" srcset=\"https:\/\/i0.wp.com\/blog-alexis.monville.com\/en\/wp-content\/uploads\/sites\/2\/2008\/12\/charterforcompassion2.jpg?w=450&amp;ssl=1 450w, https:\/\/i0.wp.com\/blog-alexis.monville.com\/en\/wp-content\/uploads\/sites\/2\/2008\/12\/charterforcompassion2.jpg?resize=300%2C193&amp;ssl=1 300w\" sizes=\"auto, (max-width: 450px) 100vw, 450px\" \/><\/a><\/p>\n<p><a href=\"http:\/\/charterforcompassion.com\/\" target=\"_blank\">Charter For Compassion<\/a>, est une initiative lanc\u00e9e par Karen Armstrong, qui vise \u00e0 l&#8217;application de la <a title=\"Ethique de la r\u00e9ciprocit\u00e9\" href=\"http:\/\/fr.wikipedia.org\/wiki\/%C3%89thique_de_r%C3%A9ciprocit%C3%A9\" target=\"_blank\">R\u00e8gle d&#8217;Or<\/a> dans le monde entier.<\/p>\n<p>De nombreuses personnes ont d\u00e9j\u00e0 contribu\u00e9 \u00e0 cette communaut\u00e9 en partageant leur histoire par \u00e9crit ou en vid\u00e9o.<\/p>\n<p>Karen Armstrong a re\u00e7u <a href=\"http:\/\/www.tedprize.org\/karen-armstrong\/\" target=\"_blank\">le prix TED en 2008<\/a> pour l&#8217;aider \u00e0 r\u00e9aliser ce voeux.<\/p>\n","protected":false},"excerpt":{"rendered":"<p>Charter For Compassion, est une initiative lanc\u00e9e par Karen Armstrong, qui vise \u00e0 l&#8217;application de la R\u00e8gle d&#8217;Or dans le monde entier. De nombreuses personnes ont d\u00e9j\u00e0 contribu\u00e9 \u00e0 cette communaut\u00e9 en partageant leur histoire par \u00e9crit ou en vid\u00e9o. Karen Armstrong a re\u00e7u le prix TED en 2008 pour l&#8217;aider \u00e0 r\u00e9aliser ce voeux.<\/p>\n","protected":false},"author":1,"featured_media":0,"comment_status":"open","ping_status":"open","sticky":false,"template":"","format":"standard","meta":{"advanced_seo_description":"","jetpack_seo_html_title":"","jetpack_seo_noindex":false,"jetpack_post_was_ever_published":false,"_jetpack_newsletter_access":"","_jetpack_dont_email_post_to_subs":false,"_jetpack_newsletter_tier_id":0,"_jetpack_memberships_contains_paywalled_content":false,"_jetpack_memberships_contains_paid_content":false,"footnotes":""},"categories":[5],"tags":[],"class_list":["post-276","post","type-post","status-publish","format-standard","hentry","category-explorateurs"],"jetpack_featured_media_url":"","jetpack_shortlink":"https:\/\/wp.me\/paNjQG-4s","jetpack-related-posts":[{"id":211,"url":"https:\/\/blog-alexis.monville.com\/en\/2008\/10\/14\/le-nouveau-paradigme-des-dsi\/","url_meta":{"origin":276,"position":0},"title":"Le nouveau paradigme des DSI","author":"Alexis","date":"October 14, 2008","format":false,"excerpt":"\"Le nouveau paradigme des DSI\" \u00e9tait le titre de l'intervention de Peter Hinssen (Pr\u00e9sident de Porthus.com et auparavant Entrepreneur en r\u00e9sidence chez McKinsey) lors de la r\u00e9union de rentr\u00e9e du Club 01DSI. Peter Hinssen propose dans sa pr\u00e9sentation d'aller plus loin que l'alignement du SI sur le m\u00e9tier. Il commence\u2026","rel":"","context":"In &quot;General&quot;","block_context":{"text":"General","link":"https:\/\/blog-alexis.monville.com\/en\/category\/all\/"},"img":{"alt_text":"","src":"https:\/\/i0.wp.com\/www.moma.org\/images\/collection\/FullSizes\/11663002.jpg?resize=350%2C200","width":350,"height":200},"classes":[]},{"id":90,"url":"https:\/\/blog-alexis.monville.com\/en\/2008\/04\/16\/les-tic-en-mai\/","url_meta":{"origin":276,"position":1},"title":"Les TIC en mai","author":"Alexis","date":"April 16, 2008","format":false,"excerpt":"Deux \u00e9v\u00e8nements \u00e0 noter sur les calepins pour la fin du mois de mai : Les assises nationales des TIC du secteur public qui se tiendront les 21 et 22 mai \u00e0 Nice : www.assises-tic.com avec la participation de nombreuses organisations de l'Etat et des collectivit\u00e9s. Les TIC levier de\u2026","rel":"","context":"In &quot;General&quot;","block_context":{"text":"General","link":"https:\/\/blog-alexis.monville.com\/en\/category\/all\/"},"img":{"alt_text":"","src":"","width":0,"height":0},"classes":[]},{"id":96,"url":"https:\/\/blog-alexis.monville.com\/en\/2008\/05\/28\/civilisation-du-numerique\/","url_meta":{"origin":276,"position":2},"title":"Civilisation du num\u00e9rique","author":"Alexis","date":"May 28, 2008","format":false,"excerpt":"Civilisation du num\u00e9rique : Controle et responsabilisation C'est le titre de la conf\u00e9rence que Jo\u00ebl de Rosnay a donn\u00e9e le 28 mai \u00e0 la Cit\u00e9 des Sciences, j'avais suivis les pr\u00e9c\u00e9dentes conf\u00e9rences du cycle : \"En 2030, vivrons-nous en r\u00e9seau ?\" en diff\u00e9r\u00e9 et par Internet... Cette fois, j'avais fait\u2026","rel":"","context":"In &quot;General&quot;","block_context":{"text":"General","link":"https:\/\/blog-alexis.monville.com\/en\/category\/all\/"},"img":{"alt_text":"","src":"","width":0,"height":0},"classes":[]},{"id":1814,"url":"https:\/\/blog-alexis.monville.com\/en\/2014\/03\/22\/cargo-cult\/","url_meta":{"origin":276,"position":3},"title":"Cargo Cult","author":"Alexis","date":"March 22, 2014","format":false,"excerpt":"Cargo Culte est une chanson de Serge Gainsbourg que je vous propose d'\u00e9couter en fond sonore de cet article. Le Culte du Cargo est un ensemble de rite pratiqu\u00e9 dans les iles de M\u00e9lan\u00e9sie visant \u00e0 imiter les pratiques des colons occidentaux en esp\u00e9rant les m\u00eames effets. Par exemple, construire\u2026","rel":"","context":"In &quot;General&quot;","block_context":{"text":"General","link":"https:\/\/blog-alexis.monville.com\/en\/category\/all\/"},"img":{"alt_text":"","src":"https:\/\/i0.wp.com\/blog-alexis.monville.com\/en\/wp-content\/uploads\/sites\/2\/2014\/03\/cargocult11.jpg?fit=800%2C410&ssl=1&resize=350%2C200","width":350,"height":200,"srcset":"https:\/\/i0.wp.com\/blog-alexis.monville.com\/en\/wp-content\/uploads\/sites\/2\/2014\/03\/cargocult11.jpg?fit=800%2C410&ssl=1&resize=350%2C200 1x, https:\/\/i0.wp.com\/blog-alexis.monville.com\/en\/wp-content\/uploads\/sites\/2\/2014\/03\/cargocult11.jpg?fit=800%2C410&ssl=1&resize=525%2C300 1.5x, https:\/\/i0.wp.com\/blog-alexis.monville.com\/en\/wp-content\/uploads\/sites\/2\/2014\/03\/cargocult11.jpg?fit=800%2C410&ssl=1&resize=700%2C400 2x"},"classes":[]},{"id":315,"url":"https:\/\/blog-alexis.monville.com\/en\/2009\/01\/14\/twitter-yammer-quest-ce-le-micro-blogging\/","url_meta":{"origin":276,"position":4},"title":"Qu&#8217;est-ce le micro-blogging ?","author":"Alexis","date":"January 14, 2009","format":false,"excerpt":"Qu'est-ce que le micro-blogging et \u00e0 quoi cela peut-il servir en entreprise ? C'est la question que j'avais envie de poser dans cet article en construction avant de regarder la pr\u00e9sentation qu'Emilie Ogez a post\u00e9 aujourd'hui sur son blog ! Alors plut\u00f4t que r\u00e9\u00e9crire ce qui a d\u00e9j\u00e0 \u00e9t\u00e9 dit,\u2026","rel":"","context":"In &quot;Explorateurs&quot;","block_context":{"text":"Explorateurs","link":"https:\/\/blog-alexis.monville.com\/en\/category\/explorateurs\/"},"img":{"alt_text":"","src":"https:\/\/i0.wp.com\/assets1.twitter.com\/images\/twitter_logo_s.png?resize=350%2C200","width":350,"height":200},"classes":[]},{"id":244,"url":"https:\/\/blog-alexis.monville.com\/en\/2008\/11\/02\/internet-creation\/","url_meta":{"origin":276,"position":5},"title":"Internet &#038; Cr\u00e9ation","author":"Alexis","date":"November 2, 2008","format":false,"excerpt":"Internet & Cr\u00e9ation est le dernier livre de Philippe Aigrain publi\u00e9 aux \u00e9dtions InLibroVeritas. Comment reconna\u00eetre les \u00e9changes sur internet en finan\u00e7ant la cr\u00e9ation\u00a0? Cette question est le sous-titre de ce livre. A lire pour en savoir plus sur les m\u00e9canismes d'\u00e9changes et de cr\u00e9ation, ainsi que sur le future\u2026","rel":"","context":"In &quot;Explorateurs&quot;","block_context":{"text":"Explorateurs","link":"https:\/\/blog-alexis.monville.com\/en\/category\/explorateurs\/"},"img":{"alt_text":"","src":"https:\/\/i0.wp.com\/www.ilv-edition.com\/images\/librairie\/couvertures\/internet_et_creation_thumb.jpg?resize=350%2C200","width":350,"height":200},"classes":[]}],"jetpack_sharing_enabled":true,"_links":{"self":[{"href":"https:\/\/blog-alexis.monville.com\/en\/wp-json\/wp\/v2\/posts\/276","targetHints":{"allow":["GET"]}}],"collection":[{"href":"https:\/\/blog-alexis.monville.com\/en\/wp-json\/wp\/v2\/posts"}],"about":[{"href":"https:\/\/blog-alexis.monville.com\/en\/wp-json\/wp\/v2\/types\/post"}],"author":[{"embeddable":true,"href":"https:\/\/blog-alexis.monville.com\/en\/wp-json\/wp\/v2\/users\/1"}],"replies":[{"embeddable":true,"href":"https:\/\/blog-alexis.monville.com\/en\/wp-json\/wp\/v2\/comments?post=276"}],"version-history":[{"count":0,"href":"https:\/\/blog-alexis.monville.com\/en\/wp-json\/wp\/v2\/posts\/276\/revisions"}],"wp:attachment":[{"href":"https:\/\/blog-alexis.monville.com\/en\/wp-json\/wp\/v2\/media?parent=276"}],"wp:term":[{"taxonomy":"category","embeddable":true,"href":"https:\/\/blog-alexis.monville.com\/en\/wp-json\/wp\/v2\/categories?post=276"},{"taxonomy":"post_tag","embeddable":true,"href":"https:\/\/blog-alexis.monville.com\/en\/wp-json\/wp\/v2\/tags?post=276"}],"curies":[{"name":"wp","href":"https:\/\/api.w.org\/{rel}","templated":true}]}}