{"id":270,"date":"2008-12-02T22:52:45","date_gmt":"2008-12-02T21:52:45","guid":{"rendered":"http:\/\/alexismonville.wordpress.com\/?p=270"},"modified":"2008-12-02T22:52:45","modified_gmt":"2008-12-02T21:52:45","slug":"promotion-du-logiciel-libre","status":"publish","type":"post","link":"https:\/\/blog-alexis.monville.com\/en\/2008\/12\/02\/promotion-du-logiciel-libre\/","title":{"rendered":"Promotion du logiciel libre"},"content":{"rendered":"<p>L&#8217;APRIL (Association pour la promotion du logiciel libre) m\u00e8ne actuellement une <a href=\"http:\/\/www.april.org\/adherer?referent=Alexis%20MONVILLE+%28amonville%29\" target=\"_blank\">campagne d&#8217;adh\u00e9sion<\/a> avec l&#8217;objectif d&#8217;atteindre 5000 adh\u00e9rents d&#8217;ici \u00e0 la fin de l&#8217;ann\u00e9e.<\/p>\n<p style=\"text-align:center\"><a href=\"http:\/\/www.april.org\/adherer?referent=Alexis%20MONVILLE+%28amonville%29\" target=\"_blank\"><img loading=\"lazy\" decoding=\"async\" class=\"aligncenter\" style=\"border:0 none;margin-top:10px;margin-bottom:10px\" src=\"http:\/\/www.april.org\/barre-progression\/progbar.php\" alt=\"\" width=\"416\" height=\"32\" \/><\/a><\/p>\n<p>Comme vous pouvez le constater avec cette barre de progression, l&#8217;objectif est atteignable !<\/p>\n<p>Interop\u00e9rabilit\u00e9, libert\u00e9s informatiques, ma\u00eetrise des syst\u00e8mes d&#8217;information, garantie de leurs ind\u00e9pendances vis \u00e0 vis d&#8217;acteurs externes, p\u00e9rennit\u00e9 des informations manipul\u00e9es, emploi local, sont quelques un des sujets qui justifient mon adh\u00e9sion de soutien \u00e0 cette assiociation.<\/p>\n<p>Pour \u00eatre encore d&#8217;avantage \u00e9cout\u00e9e des responsables politiques, sociaux et \u00e9conomiques, pour financer les travaux sur des dossiers toujours plus complexes, l&#8217;APRIL a besoin de votre adh\u00e9sion.<\/p>\n<p>Cette <a href=\"http:\/\/www.april.org\/fr\/association\/\" target=\"_blank\">pr\u00e9sentation <\/a>vous permettra d&#8217;en apprendre plus sur l&#8217;association et son positionnement dans l&#8217;ecosyst\u00e8me num\u00e9rique.<\/p>\n","protected":false},"excerpt":{"rendered":"<p>L&#8217;APRIL (Association pour la promotion du logiciel libre) m\u00e8ne actuellement une campagne d&#8217;adh\u00e9sion avec l&#8217;objectif d&#8217;atteindre 5000 adh\u00e9rents d&#8217;ici \u00e0 la fin de l&#8217;ann\u00e9e. Comme vous pouvez le constater avec cette barre de progression, l&#8217;objectif est atteignable ! Interop\u00e9rabilit\u00e9, libert\u00e9s informatiques, ma\u00eetrise des syst\u00e8mes d&#8217;information, garantie de leurs ind\u00e9pendances vis \u00e0 vis d&#8217;acteurs externes, p\u00e9rennit\u00e9 [&hellip;]<\/p>\n","protected":false},"author":1,"featured_media":0,"comment_status":"open","ping_status":"open","sticky":false,"template":"","format":"standard","meta":{"advanced_seo_description":"","jetpack_seo_html_title":"","jetpack_seo_noindex":false,"jetpack_post_was_ever_published":false,"_jetpack_newsletter_access":"","_jetpack_dont_email_post_to_subs":false,"_jetpack_newsletter_tier_id":0,"_jetpack_memberships_contains_paywalled_content":false,"_jetpack_memberships_contains_paid_content":false,"footnotes":""},"categories":[5],"tags":[276,321],"class_list":["post-270","post","type-post","status-publish","format-standard","hentry","category-explorateurs","tag-logiciel-libre","tag-open-source"],"jetpack_featured_media_url":"","jetpack_shortlink":"https:\/\/wp.me\/paNjQG-4m","jetpack-related-posts":[{"id":871,"url":"https:\/\/blog-alexis.monville.com\/en\/2010\/07\/29\/logiciels-libres\/","url_meta":{"origin":270,"position":0},"title":"Logiciels libres","author":"Alexis","date":"July 29, 2010","format":false,"excerpt":"Le site africain d'information et de communication StarAfrica.com propose \u00e0 pr\u00e9sent une s\u00e9lection de logiciels libres \u00e0 t\u00e9l\u00e9charger. Cette s\u00e9lection a \u00e9t\u00e9 r\u00e9alis\u00e9e par l'APRIL Association pour la promotion et la d\u00e9fense des logiciels libres dans le cadre de son projet de Catalogue Libre. En r\u00e9utilisant ce travail StarAfrica.com contribue\u2026","rel":"","context":"In &quot;General&quot;","block_context":{"text":"General","link":"https:\/\/blog-alexis.monville.com\/en\/category\/all\/"},"img":{"alt_text":"","src":"https:\/\/i0.wp.com\/blog-alexis.monville.com\/wp-content\/uploads\/sites\/2\/2010\/07\/starafrica-logiciel-libre.jpg?resize=350%2C200&ssl=1","width":350,"height":200},"classes":[]},{"id":1491,"url":"https:\/\/blog-alexis.monville.com\/en\/2012\/12\/07\/libre-vs-privateur\/","url_meta":{"origin":270,"position":1},"title":"Libre vs Privateur","author":"Alexis","date":"December 7, 2012","format":false,"excerpt":"Un titre en guise de clin d'oeil \u00e0 mes amis les Gnus (http:\/\/www.gnu.org)\u00a0! Beaucoup auraient dit \"Libre VS Propri\u00e9taire\", mais cette formulation impropre n'aurait probablement pas \u00e9t\u00e9 plus explicite. De quoi parlons-nous dans cette conversation avec Nick Barcet\u00a0? Nous parlons de la comparaison entre logiciel libre et logiciel privateur en\u2026","rel":"","context":"In &quot;General&quot;","block_context":{"text":"General","link":"https:\/\/blog-alexis.monville.com\/en\/category\/all\/"},"img":{"alt_text":"","src":"https:\/\/i0.wp.com\/blog-alexis.monville.com\/en\/wp-content\/uploads\/sites\/2\/2012\/12\/bulle-dialogue.png?fit=400%2C400&ssl=1&resize=350%2C200","width":350,"height":200},"classes":[]},{"id":643,"url":"https:\/\/blog-alexis.monville.com\/en\/2009\/09\/02\/le-facteur-humain-coeur-de-lindustrie-du-logiciel-libre\/","url_meta":{"origin":270,"position":2},"title":"Le facteur humain&#8230; coeur de l&#8217;Industrie du logiciel libre","author":"Alexis","date":"September 2, 2009","format":false,"excerpt":"Paris, le 2 octobre 2009, dans le cadre du forum mondial du libre (Open World Forum) se tiendra la conf\u00e9rence : \"Le facteur humain... coeur de l'Industrie du logiciel libre.\" Comment la dimension humaine collaborative et le mode de croissance organique du Logiciel Libre peuvent transformer en profondeur le monde\u2026","rel":"","context":"In &quot;ayeba&quot;","block_context":{"text":"ayeba","link":"https:\/\/blog-alexis.monville.com\/en\/category\/ayeba\/"},"img":{"alt_text":"OWF 2009","src":"http:\/\/openworldforum.org\/owf\/portal\/contact\/OWF_200x216.jpg\/image_preview","width":350,"height":200},"classes":[]},{"id":288,"url":"https:\/\/blog-alexis.monville.com\/en\/2008\/12\/15\/les-causeries-de-lapril\/","url_meta":{"origin":270,"position":3},"title":"Les causeries de l&#8217;April","author":"Alexis","date":"December 15, 2008","format":false,"excerpt":"La causerie de l'April du 9 d\u00e9cembre \u00e9tait consacr\u00e9e \u00e0... L'APRIL ! Ses actions pass\u00e9es et \u00e0 venir et sa campagne d'adh\u00e9sion (objectif d'atteindre 5000 adh\u00e9rents d'ici \u00e0 la fin de l'ann\u00e9e) Comme vous pouvez le constater avec cette barre de progression, l'objectif est atteignable !","rel":"","context":"In &quot;General&quot;","block_context":{"text":"General","link":"https:\/\/blog-alexis.monville.com\/en\/category\/all\/"},"img":{"alt_text":"","src":"http:\/\/www.april.org\/barre-progression\/progbar.php","width":350,"height":200},"classes":[]},{"id":666,"url":"https:\/\/blog-alexis.monville.com\/en\/2009\/10\/17\/appel-a-communication-pour-solutions-linux-2010\/","url_meta":{"origin":270,"position":4},"title":"Appel \u00e0 communication pour Solutions Linux 2010","author":"Alexis","date":"October 17, 2009","format":false,"excerpt":"Une conf\u00e9rence gratuite \"L'administration et le libre\" est propos\u00e9e lors de la prochaine \u00e9dition du salon Solutions Linux qui se d\u00e9roulera du 16 au 18 mars 2010. L'appel \u00e0 communication est publi\u00e9 et vous avez jusqu'au 6 novembre pour proposer vos interventions Pour en savoir plus vous pouvez consulter les\u2026","rel":"","context":"In &quot;International&quot;","block_context":{"text":"International","link":"https:\/\/blog-alexis.monville.com\/en\/category\/international\/"},"img":{"alt_text":"image001","src":"https:\/\/i0.wp.com\/blog-alexis.monville.com\/wp-content\/uploads\/sites\/2\/2009\/10\/image001.jpg?resize=350%2C200&ssl=1","width":350,"height":200},"classes":[]},{"id":1101,"url":"https:\/\/blog-alexis.monville.com\/en\/2011\/05\/09\/ujuo-sur-solutions-linux\/","url_meta":{"origin":270,"position":5},"title":"UJUO sur Solutions Linux","author":"Alexis","date":"May 9, 2011","format":false,"excerpt":"Ce mercredi 11 mai \u00e0 11h00, la p\u00e9dagogie de l'attention Un Jour Une Oeuvre sera pr\u00e9sent\u00e9e lors de la table-ronde : \"La diversit\u00e9 dans le libre \u00e9ducatif\". Regardons Ensemble ! Un Jour Une Oeuvre est une aventure transposant l'approche\u00a0collaborative pratiqu\u00e9e dans le monde du logiciel libre dans le but de\u00a0permettre\u2026","rel":"","context":"In &quot;ayeba&quot;","block_context":{"text":"ayeba","link":"https:\/\/blog-alexis.monville.com\/en\/category\/ayeba\/"},"img":{"alt_text":"","src":"https:\/\/i0.wp.com\/ujuo.org\/wp-content\/uploads\/HLIC\/cd47d7a5964a35b751239b7a767a98b0.gif?resize=350%2C200","width":350,"height":200},"classes":[]}],"jetpack_sharing_enabled":true,"_links":{"self":[{"href":"https:\/\/blog-alexis.monville.com\/en\/wp-json\/wp\/v2\/posts\/270","targetHints":{"allow":["GET"]}}],"collection":[{"href":"https:\/\/blog-alexis.monville.com\/en\/wp-json\/wp\/v2\/posts"}],"about":[{"href":"https:\/\/blog-alexis.monville.com\/en\/wp-json\/wp\/v2\/types\/post"}],"author":[{"embeddable":true,"href":"https:\/\/blog-alexis.monville.com\/en\/wp-json\/wp\/v2\/users\/1"}],"replies":[{"embeddable":true,"href":"https:\/\/blog-alexis.monville.com\/en\/wp-json\/wp\/v2\/comments?post=270"}],"version-history":[{"count":0,"href":"https:\/\/blog-alexis.monville.com\/en\/wp-json\/wp\/v2\/posts\/270\/revisions"}],"wp:attachment":[{"href":"https:\/\/blog-alexis.monville.com\/en\/wp-json\/wp\/v2\/media?parent=270"}],"wp:term":[{"taxonomy":"category","embeddable":true,"href":"https:\/\/blog-alexis.monville.com\/en\/wp-json\/wp\/v2\/categories?post=270"},{"taxonomy":"post_tag","embeddable":true,"href":"https:\/\/blog-alexis.monville.com\/en\/wp-json\/wp\/v2\/tags?post=270"}],"curies":[{"name":"wp","href":"https:\/\/api.w.org\/{rel}","templated":true}]}}