{"id":266,"date":"2008-11-23T09:52:41","date_gmt":"2008-11-23T08:52:41","guid":{"rendered":"http:\/\/alexismonville.wordpress.com\/?p=266"},"modified":"2008-11-23T09:52:41","modified_gmt":"2008-11-23T08:52:41","slug":"europeana","status":"publish","type":"post","link":"https:\/\/blog-alexis.monville.com\/en\/2008\/11\/23\/europeana\/","title":{"rendered":"Europeana"},"content":{"rendered":"<p><a href=\"http:\/\/alexismonville.files.wordpress.com\/2008\/11\/europeana.png\" target=\"_blank\"><img data-recalc-dims=\"1\" loading=\"lazy\" decoding=\"async\" data-attachment-id=\"267\" data-permalink=\"https:\/\/blog-alexis.monville.com\/en\/2008\/11\/23\/europeana\/europeana\/\" data-orig-file=\"https:\/\/i0.wp.com\/blog-alexis.monville.com\/en\/wp-content\/uploads\/sites\/2\/2008\/11\/europeana.png?fit=500%2C527&amp;ssl=1\" data-orig-size=\"500,527\" data-comments-opened=\"1\" data-image-meta=\"{&quot;aperture&quot;:&quot;0&quot;,&quot;credit&quot;:&quot;&quot;,&quot;camera&quot;:&quot;&quot;,&quot;caption&quot;:&quot;&quot;,&quot;created_timestamp&quot;:&quot;0&quot;,&quot;copyright&quot;:&quot;&quot;,&quot;focal_length&quot;:&quot;0&quot;,&quot;iso&quot;:&quot;0&quot;,&quot;shutter_speed&quot;:&quot;0&quot;,&quot;title&quot;:&quot;&quot;}\" data-image-title=\"europeana\" data-image-description=\"\" data-image-caption=\"\" data-large-file=\"https:\/\/i0.wp.com\/blog-alexis.monville.com\/en\/wp-content\/uploads\/sites\/2\/2008\/11\/europeana.png?fit=500%2C527&amp;ssl=1\" class=\"alignleft size-medium wp-image-267\" style=\"border:0 none;margin:10px\" src=\"http:\/\/alexismonville.files.wordpress.com\/2008\/11\/europeana.png?w=284&#038;resize=284%2C300\" alt=\"europeana\" width=\"284\" height=\"300\" srcset=\"https:\/\/i0.wp.com\/blog-alexis.monville.com\/en\/wp-content\/uploads\/sites\/2\/2008\/11\/europeana.png?w=500&amp;ssl=1 500w, https:\/\/i0.wp.com\/blog-alexis.monville.com\/en\/wp-content\/uploads\/sites\/2\/2008\/11\/europeana.png?resize=284%2C300&amp;ssl=1 284w\" sizes=\"auto, (max-width: 284px) 100vw, 284px\" \/><\/a>L&#8217;id\u00e9e de rendre accessible \u00e0 tous l&#8217;h\u00e9ritage culturel europ\u00e9en par la num\u00e9risation du patrimoine semblait \u00e0 certain une d\u00e9pense inutile pour un objet qui n&#8217;int\u00e9resserait personne&#8230;<\/p>\n<p>Je peux t\u00e9moigner, au vu de l&#8217;int\u00e9r\u00eat croissant que suscite <a href=\"http:\/\/unjouruneoeuvre.eu\">Un Jour Une \u0152uvre<\/a>, que le sujet int\u00e9resse, passionne m\u00eame, et qu&#8217;une fois les premi\u00e8res appr\u00e9hensions d\u00e9pass\u00e9es, il permet de lib\u00e9rer la cr\u00e9ativit\u00e9.<\/p>\n<p>L&#8217;affluence lors du lancement d&#8217;<a href=\"http:\/\/europeana.eu\" target=\"_blank\">Europeana<\/a> le 20 novembre a conduit \u00e0 retarder l&#8217;ouverture \u00e0 mi-d\u00e9cembre.<\/p>\n<p>Rendez-vous \u00e0 prendre, donc, avec 3.5 million d&#8217;\u0153uvres d&#8217;art ! Et avec\u00a0 un outil qui a l&#8217;ambition de <a href=\"http:\/\/www.lemondeinformatique.fr\/actualites\/lire-viviane-reding-l-ambition-est-de-faire-d-europeana-un-outil-interactif-27447.html\" target=\"_blank\">devenir un lieu d&#8217;\u00e9change interactif<\/a> !<\/p>\n<p><em>PS : &#8220;mysli kulturne&#8221; signifie &#8220;pensez culture&#8221; dans une des 23 langues de l&#8217;union disponibles sur Europeana !<\/em><\/p>\n","protected":false},"excerpt":{"rendered":"<p>L&#8217;id\u00e9e de rendre accessible \u00e0 tous l&#8217;h\u00e9ritage culturel europ\u00e9en par la num\u00e9risation du patrimoine semblait \u00e0 certain une d\u00e9pense inutile pour un objet qui n&#8217;int\u00e9resserait personne&#8230; Je peux t\u00e9moigner, au vu de l&#8217;int\u00e9r\u00eat croissant que suscite Un Jour Une \u0152uvre, que le sujet int\u00e9resse, passionne m\u00eame, et qu&#8217;une fois les premi\u00e8res appr\u00e9hensions d\u00e9pass\u00e9es, il permet [&hellip;]<\/p>\n","protected":false},"author":1,"featured_media":0,"comment_status":"open","ping_status":"open","sticky":false,"template":"","format":"standard","meta":{"advanced_seo_description":"","jetpack_seo_html_title":"","jetpack_seo_noindex":false,"jetpack_post_was_ever_published":false,"_jetpack_newsletter_access":"","_jetpack_dont_email_post_to_subs":false,"_jetpack_newsletter_tier_id":0,"_jetpack_memberships_contains_paywalled_content":false,"_jetpack_memberships_contains_paid_content":false,"footnotes":""},"categories":[12,5],"tags":[],"class_list":["post-266","post","type-post","status-publish","format-standard","hentry","category-europe","category-explorateurs"],"jetpack_featured_media_url":"","jetpack_shortlink":"https:\/\/wp.me\/paNjQG-4i","jetpack-related-posts":[{"id":83,"url":"https:\/\/blog-alexis.monville.com\/en\/2008\/03\/25\/conseil-et-numerique\/","url_meta":{"origin":266,"position":0},"title":"Conseil et num\u00e9rique","author":"Alexis","date":"March 25, 2008","format":false,"excerpt":"Quelques r\u00e9actions \u00e0 mon article sur la place de l\u2019innovation num\u00e9rique au sein des Cabinets de conseil, m\u2019encouragent \u00e0 ajouter cette suite. Ces r\u00e9actions viennent principalement de Cabinets qui ne travaillent pas au quotidien avec moi, je les ordonne du moins visible pour le client, au plus visible. L\u2019apport majeur\u2026","rel":"","context":"In &quot;General&quot;","block_context":{"text":"General","link":"https:\/\/blog-alexis.monville.com\/en\/category\/all\/"},"img":{"alt_text":"","src":"","width":0,"height":0},"classes":[]},{"id":2093,"url":"https:\/\/blog-alexis.monville.com\/en\/2015\/06\/22\/liberte-et-cie-par-le-club-de-lecture\/","url_meta":{"origin":266,"position":1},"title":"Libert\u00e9 et Cie par le club de lecture","author":"Alexis","date":"June 22, 2015","format":false,"excerpt":"Une nouvelle session de notre nouveau club de lecture \u00e0 Bordeaux se d\u00e9roulait ce samedi 20 juin 2015. Cette fois ci, un peu moins de participants que pr\u00e9vu (\u00e9tait-ce du \u00e0 un ciel trop bleu ?) Claire, Isabel, Fabrice et Patrick se joignait \u00e0 moi pour \u00e9changer autour du livre\u2026","rel":"","context":"In &quot;General&quot;","block_context":{"text":"General","link":"https:\/\/blog-alexis.monville.com\/en\/category\/all\/"},"img":{"alt_text":"","src":"https:\/\/i0.wp.com\/blog-alexis.monville.com\/en\/wp-content\/uploads\/sites\/2\/2015\/06\/2015-06-20-11.51.28-scaled.jpg?fit=891%2C1200&ssl=1&resize=350%2C200","width":350,"height":200,"srcset":"https:\/\/i0.wp.com\/blog-alexis.monville.com\/en\/wp-content\/uploads\/sites\/2\/2015\/06\/2015-06-20-11.51.28-scaled.jpg?fit=891%2C1200&ssl=1&resize=350%2C200 1x, https:\/\/i0.wp.com\/blog-alexis.monville.com\/en\/wp-content\/uploads\/sites\/2\/2015\/06\/2015-06-20-11.51.28-scaled.jpg?fit=891%2C1200&ssl=1&resize=525%2C300 1.5x, https:\/\/i0.wp.com\/blog-alexis.monville.com\/en\/wp-content\/uploads\/sites\/2\/2015\/06\/2015-06-20-11.51.28-scaled.jpg?fit=891%2C1200&ssl=1&resize=700%2C400 2x"},"classes":[]},{"id":608,"url":"https:\/\/blog-alexis.monville.com\/en\/2009\/06\/22\/une-soiree-agile-avec-le-french-scrum-user-group\/","url_meta":{"origin":266,"position":2},"title":"Une soir\u00e9e agile avec le French Scrum User Group","author":"Alexis","date":"June 22, 2009","format":false,"excerpt":"Pour sa deuxi\u00e8me r\u00e9union, le groupe des utilisateurs fran\u00e7ais de SCRUM (le French Scrum User Group) avait choisi d'organiser un WorldCaf\u00e9 dans les locaux de l'EPITA. Une quarantaine de participants pour cette soir\u00e9e en deux parties. Une premi\u00e8re partie de restitution de l'enqu\u00eate sur l'utilisation des m\u00e9thodes agiles (vous pouvez\u2026","rel":"","context":"In &quot;General&quot;","block_context":{"text":"General","link":"https:\/\/blog-alexis.monville.com\/en\/category\/all\/"},"img":{"alt_text":"","src":"http:\/\/www.frenchsug.org\/download\/attachments\/131074\/global.logo?version=2","width":350,"height":200},"classes":[]},{"id":228,"url":"https:\/\/blog-alexis.monville.com\/en\/2008\/10\/17\/camarade-de-classe\/","url_meta":{"origin":266,"position":3},"title":"Camarade de classe","author":"Alexis","date":"October 17, 2008","format":false,"excerpt":"Camarades de classe est un roman de Didier Daeninckx paru d\u00e9but 2008. Ce n'est donc pas l'actualit\u00e9 qui motive cet article, mais bien le th\u00e8me abord\u00e9 : les r\u00e9seaux sociaux, l'usage de ces r\u00e9seaux, les questions sous-jacentes que soul\u00e8ve cet usage sur notre identit\u00e9 et les traces num\u00e9riques de nos\u2026","rel":"","context":"In &quot;Explorateurs&quot;","block_context":{"text":"Explorateurs","link":"https:\/\/blog-alexis.monville.com\/en\/category\/explorateurs\/"},"img":{"alt_text":"","src":"https:\/\/alexismonville.files.wordpress.com\/2008\/10\/41vp8m0gibl_sl160_.jpg?w=350&h=200&crop=1","width":350,"height":200},"classes":[]},{"id":20,"url":"https:\/\/blog-alexis.monville.com\/en\/2006\/06\/25\/dele\/","url_meta":{"origin":266,"position":4},"title":"Groupe de Travail Franco-Chinois sur les logiciels libres","author":"Alexis","date":"June 25, 2006","format":false,"excerpt":"Membre de la d\u00e9l\u00e9gation fran\u00e7aise lors du d\u00e9placement en Chine du 17 au 25 juin 2006. L'objet principal du d\u00e9placement \u00e9tait la r\u00e9union du Groupe de travail franco-chinois sur les logiciels libres initi\u00e9 suite \u00e0 la signature de l'accord de coop\u00e9ration pour promouvoir l'usage et le d\u00e9veloppement des logiciels libres\u2026","rel":"","context":"In &quot;International&quot;","block_context":{"text":"International","link":"https:\/\/blog-alexis.monville.com\/en\/category\/international\/"},"img":{"alt_text":"","src":"","width":0,"height":0},"classes":[]},{"id":912,"url":"https:\/\/blog-alexis.monville.com\/en\/2010\/10\/03\/turn-freedom-on\/","url_meta":{"origin":266,"position":5},"title":"Turn freedom on","author":"Alexis","date":"October 3, 2010","format":false,"excerpt":"Eben Moglen a donn\u00e9e la keynote de cloture de la premi\u00e8re journ\u00e9e de l'OpenWorldForum le 30 septembre 2010. La libert\u00e9 \u00e9tait le th\u00e8me principal de l'adresse d'Eben Moglen. La libert\u00e9 apport\u00e9e par les travaux du mouvement pour le logiciel libre qui a r\u00e9ussi \u00e0 mettre de la libert\u00e9 dans de\u2026","rel":"","context":"In &quot;International&quot;","block_context":{"text":"International","link":"https:\/\/blog-alexis.monville.com\/en\/category\/international\/"},"img":{"alt_text":"","src":"https:\/\/i0.wp.com\/blog-alexis.monville.com\/wp-content\/uploads\/sites\/2\/2010\/10\/gnu-social-logo.png?resize=350%2C200&ssl=1","width":350,"height":200},"classes":[]}],"jetpack_sharing_enabled":true,"_links":{"self":[{"href":"https:\/\/blog-alexis.monville.com\/en\/wp-json\/wp\/v2\/posts\/266","targetHints":{"allow":["GET"]}}],"collection":[{"href":"https:\/\/blog-alexis.monville.com\/en\/wp-json\/wp\/v2\/posts"}],"about":[{"href":"https:\/\/blog-alexis.monville.com\/en\/wp-json\/wp\/v2\/types\/post"}],"author":[{"embeddable":true,"href":"https:\/\/blog-alexis.monville.com\/en\/wp-json\/wp\/v2\/users\/1"}],"replies":[{"embeddable":true,"href":"https:\/\/blog-alexis.monville.com\/en\/wp-json\/wp\/v2\/comments?post=266"}],"version-history":[{"count":0,"href":"https:\/\/blog-alexis.monville.com\/en\/wp-json\/wp\/v2\/posts\/266\/revisions"}],"wp:attachment":[{"href":"https:\/\/blog-alexis.monville.com\/en\/wp-json\/wp\/v2\/media?parent=266"}],"wp:term":[{"taxonomy":"category","embeddable":true,"href":"https:\/\/blog-alexis.monville.com\/en\/wp-json\/wp\/v2\/categories?post=266"},{"taxonomy":"post_tag","embeddable":true,"href":"https:\/\/blog-alexis.monville.com\/en\/wp-json\/wp\/v2\/tags?post=266"}],"curies":[{"name":"wp","href":"https:\/\/api.w.org\/{rel}","templated":true}]}}