{"id":204,"date":"2008-10-13T05:22:48","date_gmt":"2008-10-13T03:22:48","guid":{"rendered":"http:\/\/alexismonville.wordpress.com\/?p=204"},"modified":"2008-10-13T05:22:48","modified_gmt":"2008-10-13T03:22:48","slug":"un-jour-une-oeuvre-2","status":"publish","type":"post","link":"https:\/\/blog-alexis.monville.com\/en\/2008\/10\/13\/un-jour-une-oeuvre-2\/","title":{"rendered":"Un jour une \u0153uvre"},"content":{"rendered":"<p><a href=\"http:\/\/unjouruneoeuvre.eu\">Un jour une \u0153uvre<\/a> est n\u00e9 de la volont\u00e9 de r\u00e9pondre \u00e0 une question\u00a0: \u00ab\u00a0Comment faire b\u00e9n\u00e9ficier \u00e0 tous de notre h\u00e9ritage culturel ?\u00a0\u00bb. Pour d\u00e9passer cette formulation on pourrait enrichir cette question par quelques autres\u00a0: \u00ab\u00a0Comment permettre d&#8217;entrer dans une dynamique de construction\u00a0? <span> <\/span>Comment apprendre \u00e0 d\u00e9passer les apparences, \u00e0 utiliser l&#8217;\u00e9clairage du pass\u00e9.<\/p>\n<p><a href=\"http:\/\/wp.unjouruneoeuvre.eu\/2008\/06\/24\/la-mort-dadonis\/\"><img data-recalc-dims=\"1\" loading=\"lazy\" decoding=\"async\" class=\"alignleft\" style=\"border: 0 none; margin-left: 10px; margin-right: 10px;\" src=\"http:\/\/unjouruneoeuvre.files.wordpress.com\/2008\/06\/mazzuoli-death_of_adonis.jpg?w=420&#038;h=560&#038;fit=420%2C560&#038;resize=294%2C392\" alt=\"\" width=\"294\" height=\"392\" \/><\/a>Quelle est votre utilisation actuelle de notre patrimoine commun\u00a0? Quelle est votre fr\u00e9quence de visite des lieux d&#8217;expositions, mus\u00e9es, galeries, march\u00e9s\u2026\u00a0? Quelles sont les informations disponibles sur Internet qui permettent de d\u00e9couvrir des \u0153uvres, pr\u00e9parer des visites\u00a0? Quelles sont les informations autour des \u0153uvres qui aident \u00e0 leur lecture, les mettent en contexte, en permettent une appropriation pour les n\u00e9ophytes\u00a0?<\/p>\n<p>Les cloisons &#8211; entre les cr\u00e9ateurs, les conservateurs, les chercheurs, les commer\u00e7ants, les publics &#8211; bien qu&#8217;invisibles existent et emp\u00eachent une diffusion des savoirs, premi\u00e8re \u00e9tape n\u00e9cessaire \u00e0 une future co-cr\u00e9ation ?<\/p>\n<p>En partant de ces constats d&#8217;amateur, qui demandent l&#8217;\u00e9clairage de professionnels, j&#8217;ai d\u00e9cid\u00e9 de pr\u00e9senter une \u0153uvre d&#8217;art chaque jour, associ\u00e9e \u00e0 quelques liens permettant d&#8217;aller plus loin dans la d\u00e9couverte.<\/p>\n<p>Un <a href=\"http:\/\/unjouruneoeuvre.pbwiki.com\/\" target=\"_blank\">wiki<\/a> est associ\u00e9 au site Internet principal, permet de d\u00e9passer les premiers commentaires en se dirigeant vers la cr\u00e9ation de <a href=\"http:\/\/wp.unjouruneoeuvre.eu\/les-fiches-divan-sigg\/\" target=\"_blank\">fiches<\/a>, \u00e0 la fa\u00e7on de celles qu&#8217;Ivan Sigg a pr\u00e9par\u00e9es pour les \u0153uvres de Hopper, L\u00e9ger et Koons. Ces fiches encourageant \u00e0 l&#8217;attention v\u00e9ritable en r\u00e9pondant \u00e0 une premi\u00e8re question\u00a0: \u00ab\u00a0Que voit-on\u00a0?\u00a0\u00bb.<\/p>\n<p><a href=\"http:\/\/wp.unjouruneoeuvre.eu\/2008\/07\/02\/leda\/\"><img data-recalc-dims=\"1\" loading=\"lazy\" decoding=\"async\" data-attachment-id=\"207\" data-permalink=\"https:\/\/blog-alexis.monville.com\/en\/2008\/10\/13\/un-jour-une-oeuvre-2\/ujuo\/\" data-orig-file=\"https:\/\/i0.wp.com\/blog-alexis.monville.com\/en\/wp-content\/uploads\/sites\/2\/2008\/10\/ujuo.png?fit=450%2C283&amp;ssl=1\" data-orig-size=\"450,283\" data-comments-opened=\"1\" data-image-meta=\"{&quot;aperture&quot;:&quot;0&quot;,&quot;credit&quot;:&quot;&quot;,&quot;camera&quot;:&quot;&quot;,&quot;caption&quot;:&quot;&quot;,&quot;created_timestamp&quot;:&quot;0&quot;,&quot;copyright&quot;:&quot;&quot;,&quot;focal_length&quot;:&quot;0&quot;,&quot;iso&quot;:&quot;0&quot;,&quot;shutter_speed&quot;:&quot;0&quot;,&quot;title&quot;:&quot;&quot;}\" data-image-title=\"un jour une oeuvre\" data-image-description=\"\" data-image-caption=\"\" data-large-file=\"https:\/\/i0.wp.com\/blog-alexis.monville.com\/en\/wp-content\/uploads\/sites\/2\/2008\/10\/ujuo.png?fit=450%2C283&amp;ssl=1\" class=\"size-full wp-image-207 alignnone\" style=\"border: 1px solid black; margin-left: 10px; margin-right: 10px;\" src=\"http:\/\/alexismonville.files.wordpress.com\/2008\/10\/ujuo.png?resize=450%2C283\" alt=\"\" width=\"450\" height=\"283\" srcset=\"https:\/\/i0.wp.com\/blog-alexis.monville.com\/en\/wp-content\/uploads\/sites\/2\/2008\/10\/ujuo.png?w=450&amp;ssl=1 450w, https:\/\/i0.wp.com\/blog-alexis.monville.com\/en\/wp-content\/uploads\/sites\/2\/2008\/10\/ujuo.png?resize=300%2C188&amp;ssl=1 300w\" sizes=\"auto, (max-width: 450px) 100vw, 450px\" \/><\/a><\/p>\n<p>Les \u0153uvres pr\u00e9sent\u00e9es peuvent tout autant \u00eatre des tr\u00e9sors du pass\u00e9, que des cr\u00e9ations actuelles d&#8217;artistes plus ou moins c\u00e9l\u00e8bres. Le choix est guid\u00e9 par mes d\u00e9couvertes personnelles et par les propositions qui me sont faites par les visiteurs du site. Les \u0153uvres sont principalement des peintures, des sculptures et des photographies, et si les propositions de cr\u00e9ations musicales, de po\u00e9sies, de bandes dessin\u00e9es et de romans me laissent perplexes quand \u00e0 la fa\u00e7on de les pr\u00e9senter, je compte bien trouver le moyen de le faire dans le futur.<\/p>\n<p>Les premiers r\u00e9sultats apr\u00e8s cinq mois sont encourageants. Les commentaires sont plus ou moins \u00e9labor\u00e9s, mais malheureusement, la majorit\u00e9 d&#8217;entre eux sont envoy\u00e9s par messagerie \u00e9lectronique et non publi\u00e9s sur le site.<\/p>\n<p>Les personnes m&#8217;indiquant avoir fait du site leur page d&#8217;accueil ou s&#8217;\u00eatre abonn\u00e9 au flux rss ou \u00e0 la <a href=\"http:\/\/wp.unjouruneoeuvre.eu\/recevoir-par-mail\/\" target=\"_blank\">r\u00e9ception par messagerie \u00e9lectronique<\/a> sont de plus en plus nombreuses et m&#8217;incitent \u00e0 poursuivre. Celles qui ont envoy\u00e9es un petit message \u00e0 tous leur carnet d&#8217;adresse pour leur parler du site sont plus rares&#8230; mais tr\u00e8s appr\u00e9ci\u00e9es \ud83d\ude09<\/p>\n<p>Premiers signes encourageants pour cette initiative visant \u00e0 faire entrer plus de personnes dans une dynamique de cr\u00e9ation et de partage, visant \u00e0 orienter la curiosit\u00e9 vers la construction.<\/p>\n<p><strong>Comment pouvez-vous contribuer\u00a0?<\/strong><\/p>\n<p>En proposant vos commentaires sur une \u0153uvre publi\u00e9e, en proposant une \u0153uvre \u00e0 la publication, en proposant vos id\u00e9es pour d\u00e9velopper le projet, en initiant ou compl\u00e9tant une fiche, en animant une semaine consacr\u00e9e \u00e0 une th\u00e9matique qui vous tient \u00e0 c\u0153ur&#8230; et probablement de nombreuses autres choses que je n&#8217;ai pas imagin\u00e9es !<\/p>\n<p><em>La <a href=\"http:\/\/fr.wikipedia.org\/wiki\/Image:Mazzuoli-Death_of_Adonis_190degree_view_detail.jpg\" target=\"_blank\">photo de La Mort d&#8217;Adonis<\/a> (que j\u2019ai r\u00e9duite) a \u00e9t\u00e9 prise par Mak Thorpe en 1999 (Creative Commons <a href=\"http:\/\/creativecommons.org\/licenses\/by-sa\/2.5\/\" target=\"_blank\">Attribution ShareAlike 2.5<\/a>).<\/em><\/p>\n","protected":false},"excerpt":{"rendered":"<p>Un jour une \u0153uvre est n\u00e9 de la volont\u00e9 de r\u00e9pondre \u00e0 une question\u00a0: \u00ab\u00a0Comment faire b\u00e9n\u00e9ficier \u00e0 tous de notre h\u00e9ritage culturel ?\u00a0\u00bb. Pour d\u00e9passer cette formulation on pourrait enrichir cette question par quelques autres\u00a0: \u00ab\u00a0Comment permettre d&#8217;entrer dans une dynamique de construction\u00a0? Comment apprendre \u00e0 d\u00e9passer les apparences, \u00e0 utiliser l&#8217;\u00e9clairage du pass\u00e9. [&hellip;]<\/p>\n","protected":false},"author":1,"featured_media":0,"comment_status":"open","ping_status":"open","sticky":false,"template":"","format":"standard","meta":{"advanced_seo_description":"","jetpack_seo_html_title":"","jetpack_seo_noindex":false,"jetpack_post_was_ever_published":false,"_jetpack_newsletter_access":"","_jetpack_dont_email_post_to_subs":false,"_jetpack_newsletter_tier_id":0,"_jetpack_memberships_contains_paywalled_content":false,"_jetpack_memberships_contains_paid_content":false,"footnotes":""},"categories":[1],"tags":[],"class_list":["post-204","post","type-post","status-publish","format-standard","hentry","category-all"],"jetpack_featured_media_url":"","jetpack_shortlink":"https:\/\/wp.me\/paNjQG-3i","jetpack-related-posts":[{"id":101,"url":"https:\/\/blog-alexis.monville.com\/en\/2008\/06\/10\/un-jour-une-oeuvre\/","url_meta":{"origin":204,"position":0},"title":"Un jour, une \u0153uvre","author":"Alexis","date":"June 10, 2008","format":false,"excerpt":"Un jour, une \u0153uvre est le nom du site Internet que je lance aujourd'hui, 10 juin 2008. L'objectif est de pr\u00e9senter une simple photo d'une \u0153uvre d'art assortie de quelques liens \u00e0 suivre... Premier jalon d'un jeu de piste \u00e0 suivre seul, \u00e0 l'\u00e9cole, en famille, entre amis... Un jour\u2026","rel":"","context":"In &quot;General&quot;","block_context":{"text":"General","link":"https:\/\/blog-alexis.monville.com\/en\/category\/all\/"},"img":{"alt_text":"","src":"https:\/\/unjouruneoeuvre.files.wordpress.com\/2008\/06\/unjouruneoeuvre_titre_200.gif?w=350&h=200&crop=1","width":350,"height":200},"classes":[]},{"id":647,"url":"https:\/\/blog-alexis.monville.com\/en\/2009\/09\/12\/un-jour-une-oeuvre-en-direct-4\/","url_meta":{"origin":204,"position":1},"title":"Un Jour Une Oeuvre en direct","author":"Alexis","date":"September 12, 2009","format":false,"excerpt":"Ce jeudi 10 septembre 2009, l'\u00e9quipe d'Un Jour Une Oeuvre accueillait une nouvelle recrue au Palais de Tokyo ! Ne manquez pas les retours d'Ivan et Spei sur la visite, ils sont ici. Et ne manquez surtout pas la prochaine \u00e9dition qui se d\u00e9roulera au mois d'octobre en indiquant votre\u2026","rel":"","context":"In &quot;Explorateurs&quot;","block_context":{"text":"Explorateurs","link":"https:\/\/blog-alexis.monville.com\/en\/category\/explorateurs\/"},"img":{"alt_text":"alexis-ujuo-palais-tokyo","src":"https:\/\/i0.wp.com\/blog-alexis.monville.com\/files\/2009\/09\/alexis-ujuo-palais-tokyo-225x300.jpg?resize=350%2C200&ssl=1","width":350,"height":200},"classes":[]},{"id":378,"url":"https:\/\/blog-alexis.monville.com\/en\/2009\/02\/03\/un-jour-une-oeuvre-3\/","url_meta":{"origin":204,"position":2},"title":"Un Jour Une Oeuvre","author":"Alexis","date":"February 3, 2009","format":false,"excerpt":"Un Jour Une Oeuvre s'int\u00e9resse \u00e0 la peinture, la sculpture, la photographie, une \u0153uvre d\u2019art est propos\u00e9e chaque jour pour partager nos regards sur l'art. Quelques nouvelles de ce site Internet : Une nouvelle pr\u00e9sentation voulant donner plus de place aux oeuvres est en ligne depuis quelques jours (voir l'aper\u00e7u\u2026","rel":"","context":"In &quot;General&quot;","block_context":{"text":"General","link":"https:\/\/blog-alexis.monville.com\/en\/category\/all\/"},"img":{"alt_text":"ujuo","src":"https:\/\/i0.wp.com\/blog-alexis.monville.com\/wp-content\/uploads\/sites\/2\/2009\/01\/ujuo.jpg?resize=350%2C200&ssl=1","width":350,"height":200},"classes":[]},{"id":91,"url":"https:\/\/blog-alexis.monville.com\/en\/2008\/04\/17\/que-faire-de-l%e2%80%99heritage\/","url_meta":{"origin":204,"position":3},"title":"Que faire de l\u2019h\u00e9ritage ?","author":"Alexis","date":"April 17, 2008","format":false,"excerpt":"Pour \u00eatre plus pr\u00e9cis : que faire de notre h\u00e9ritage culturel ? Quelles actions mener pour donner acc\u00e8s \u00e0 cet h\u00e9ritage culturel d\u2019une incroyable richesse et diversit\u00e9 dont nous disposons en France ? Quelles actions mener pour assurer sa p\u00e9rennit\u00e9 et permettre son enrichissement continu ? L\u2019acc\u00e8s \u00e0 cet h\u00e9ritage\u2026","rel":"","context":"In &quot;General&quot;","block_context":{"text":"General","link":"https:\/\/blog-alexis.monville.com\/en\/category\/all\/"},"img":{"alt_text":"","src":"","width":0,"height":0},"classes":[]},{"id":318,"url":"https:\/\/blog-alexis.monville.com\/en\/2009\/01\/18\/un-jour-une-oeuvre-en-direct\/","url_meta":{"origin":204,"position":4},"title":"Un Jour Une Oeuvre en direct","author":"Alexis","date":"January 18, 2009","format":false,"excerpt":"14 janvier 2009, 17h00, Saint-Germain-des-Pr\u00e9s, une nouvelle session d'Un Jour Une \u0152uvre en direct commence, nous sommes quatre et nous visiterons quatre galeries. Ivan raconte notre excursion sur son blog : Alexis, Sylvie, Mana et Ivan. Mantegna m'a paru finalement beaucoup plus simple d'acc\u00e8s que ces oeuvres plus proches de\u2026","rel":"","context":"In &quot;General&quot;","block_context":{"text":"General","link":"https:\/\/blog-alexis.monville.com\/en\/category\/all\/"},"img":{"alt_text":"1967-luciano-fabro-contatto-tautologia","src":"https:\/\/i0.wp.com\/blog-alexis.monville.com\/wp-content\/uploads\/sites\/2\/2009\/01\/1967-luciano-fabro-contatto-tautologia.jpg?resize=350%2C200&ssl=1","width":350,"height":200},"classes":[]},{"id":602,"url":"https:\/\/blog-alexis.monville.com\/en\/2009\/06\/19\/un-jour-une-oeuvre-1-an\/","url_meta":{"origin":204,"position":5},"title":"Un Jour Une Oeuvre (1 an)","author":"Alexis","date":"June 19, 2009","format":false,"excerpt":"Les superbes photographies de Sylvie Le Bars m'ont donn\u00e9es envie de faire un petit article illustr\u00e9 sur le premier anniversaire du site Internet Un Jour Une Oeuvre. Pour f\u00eater cette premi\u00e8re ann\u00e9e, nous avions rendez-vous pour une cinqui\u00e8me session d'Un Jour Une Oeuvre en direct, au mus\u00e9e Eug\u00e8ne Delacroix. Spei\u2026","rel":"","context":"In &quot;General&quot;","block_context":{"text":"General","link":"https:\/\/blog-alexis.monville.com\/en\/category\/all\/"},"img":{"alt_text":"","src":"https:\/\/i0.wp.com\/farm3.static.flickr.com\/2471\/3629471432_c28076dc07_m_d.jpg?resize=350%2C200","width":350,"height":200},"classes":[]}],"jetpack_sharing_enabled":true,"_links":{"self":[{"href":"https:\/\/blog-alexis.monville.com\/en\/wp-json\/wp\/v2\/posts\/204","targetHints":{"allow":["GET"]}}],"collection":[{"href":"https:\/\/blog-alexis.monville.com\/en\/wp-json\/wp\/v2\/posts"}],"about":[{"href":"https:\/\/blog-alexis.monville.com\/en\/wp-json\/wp\/v2\/types\/post"}],"author":[{"embeddable":true,"href":"https:\/\/blog-alexis.monville.com\/en\/wp-json\/wp\/v2\/users\/1"}],"replies":[{"embeddable":true,"href":"https:\/\/blog-alexis.monville.com\/en\/wp-json\/wp\/v2\/comments?post=204"}],"version-history":[{"count":0,"href":"https:\/\/blog-alexis.monville.com\/en\/wp-json\/wp\/v2\/posts\/204\/revisions"}],"wp:attachment":[{"href":"https:\/\/blog-alexis.monville.com\/en\/wp-json\/wp\/v2\/media?parent=204"}],"wp:term":[{"taxonomy":"category","embeddable":true,"href":"https:\/\/blog-alexis.monville.com\/en\/wp-json\/wp\/v2\/categories?post=204"},{"taxonomy":"post_tag","embeddable":true,"href":"https:\/\/blog-alexis.monville.com\/en\/wp-json\/wp\/v2\/tags?post=204"}],"curies":[{"name":"wp","href":"https:\/\/api.w.org\/{rel}","templated":true}]}}