{"id":1959,"date":"2014-11-03T15:47:29","date_gmt":"2014-11-03T14:47:29","guid":{"rendered":"https:\/\/blog-alexis.monville.com\/?p=1959"},"modified":"2014-11-11T10:39:33","modified_gmt":"2014-11-11T09:39:33","slug":"1500-developpeurs-dans-mon-equipe","status":"publish","type":"post","link":"https:\/\/blog-alexis.monville.com\/en\/2014\/11\/03\/1500-developpeurs-dans-mon-equipe\/","title":{"rendered":"1500 d\u00e9veloppeurs dans mon \u00e9quipe"},"content":{"rendered":"<p><strong>1500 d\u00e9veloppeurs dans mon \u00e9quipe<\/strong> est le titre de la session que j&#8217;ai eu le plaisir de donner lors de l&#8217;\u00e9dition 2014 l&#8217;<a href=\"http:\/\/agiletourbordeaux.fr\/\" target=\"_blank\">AgileTour \u00e0 Bordeaux<\/a>.<\/p>\n<p><iframe loading=\"lazy\" width=\"560\" height=\"315\" src=\"\/\/www.youtube.com\/embed\/RsxgMKbphig\" frameborder=\"0\" allowfullscreen><\/iframe><\/p>\n<p><span style=\"color: #555555;\">J\u2019apprends l\u2019agile depuis d\u00e9j\u00e0 longtemps en pratiquant et en partageant les valeurs, principes et pratiques avec des clients et d\u2019autres pratiquants. Et c\u2019est peut-\u00eatre depuis que j\u2019interviens au contact d\u2019Openstack, un logiciel libre d\u2019infonuagique (ou si je parle en presque fran\u00e7ais \u201ca cloud open source software\u201d) que j\u2019ai appris le plus.<\/span><\/p>\n<p><span style=\"color: #555555;\">Ce que j\u2019ai appris ?\u00a0<\/span><br style=\"color: #555555;\" \/><br style=\"color: #555555;\" \/><span style=\"color: #555555;\"><a href=\"https:\/\/i0.wp.com\/blog-alexis.monville.com\/wp-content\/uploads\/sites\/2\/2014\/11\/2014-10-31-15.15.17.jpg?ssl=1\"><img data-recalc-dims=\"1\" loading=\"lazy\" decoding=\"async\" data-attachment-id=\"1962\" data-permalink=\"https:\/\/blog-alexis.monville.com\/en\/2014\/11\/03\/1500-developpeurs-dans-mon-equipe\/2014-10-31-15-15-17\/\" data-orig-file=\"https:\/\/i0.wp.com\/blog-alexis.monville.com\/en\/wp-content\/uploads\/sites\/2\/2014\/11\/2014-10-31-15.15.17.jpg?fit=2448%2C3264&amp;ssl=1\" data-orig-size=\"2448,3264\" data-comments-opened=\"1\" data-image-meta=\"{&quot;aperture&quot;:&quot;2.6&quot;,&quot;credit&quot;:&quot;&quot;,&quot;camera&quot;:&quot;GT-I9300&quot;,&quot;caption&quot;:&quot;&quot;,&quot;created_timestamp&quot;:&quot;1414768517&quot;,&quot;copyright&quot;:&quot;&quot;,&quot;focal_length&quot;:&quot;3.7&quot;,&quot;iso&quot;:&quot;125&quot;,&quot;shutter_speed&quot;:&quot;0.058823529411765&quot;,&quot;title&quot;:&quot;&quot;}\" data-image-title=\"2014-10-31 15.15.17\" data-image-description=\"\" data-image-caption=\"\" data-large-file=\"https:\/\/i0.wp.com\/blog-alexis.monville.com\/en\/wp-content\/uploads\/sites\/2\/2014\/11\/2014-10-31-15.15.17.jpg?fit=768%2C1024&amp;ssl=1\" class=\"alignright size-medium wp-image-1962\" src=\"https:\/\/i0.wp.com\/blog-alexis.monville.com\/wp-content\/uploads\/sites\/2\/2014\/11\/2014-10-31-15.15.17-225x300.jpg?resize=225%2C300&#038;ssl=1\" alt=\"2014-10-31 15.15.17\" width=\"225\" height=\"300\" srcset=\"https:\/\/i0.wp.com\/blog-alexis.monville.com\/en\/wp-content\/uploads\/sites\/2\/2014\/11\/2014-10-31-15.15.17.jpg?resize=225%2C300&amp;ssl=1 225w, https:\/\/i0.wp.com\/blog-alexis.monville.com\/en\/wp-content\/uploads\/sites\/2\/2014\/11\/2014-10-31-15.15.17.jpg?resize=768%2C1024&amp;ssl=1 768w, https:\/\/i0.wp.com\/blog-alexis.monville.com\/en\/wp-content\/uploads\/sites\/2\/2014\/11\/2014-10-31-15.15.17.jpg?w=2000&amp;ssl=1 2000w\" sizes=\"auto, (max-width: 225px) 100vw, 225px\" \/><\/a>J\u2019ai appris que l\u2019on pouvait cr\u00e9er un produit avec une \u00e9quipe de 1500 d\u00e9veloppeurs r\u00e9partis sur tous les continents, que l\u2019on pouvait avoir la certitude de d\u00e9livrer les nouvelles versions \u00e0 date fixe tous les 6 mois, que le processus de revue de code apportait beaucoup plus de b\u00e9n\u00e9fices que ce que j\u2019imaginais au d\u00e9part, que la gestion des branches de d\u00e9veloppement pouvait \u00eatre plus simple et plus efficace. J\u2019ai aussi appris que la socialisation, l\u2019accueil des nouveaux arrivants, le maintien du lien \u00e9tait une chose tr\u00e8s importante\u2026\u00a0<\/span><br style=\"color: #555555;\" \/><br style=\"color: #555555;\" \/><span style=\"color: #555555;\">L&#8217;id\u00e9e de cette session est de partager ces apprentissages pour que vous puissiez vous en inspirer dans vos organisations.<\/span><\/p>\n<p><em>Et bien sur, il ne s&#8217;agit pas de &#8220;mon&#8221; \u00e9quipe, mais de l&#8217;\u00e9quipe qui contribue \u00e0 Openstack&#8230; Et il n&#8217;\u00e9tait pas 1500, mais 1419 \u00e0 avoir contribuer \u00e0 la 10\u00e8me version JUNO publi\u00e9e le 16 octobre 2014.<\/em><\/p>\n<p><iframe loading=\"lazy\" style=\"border: 1px solid #CCC; border-width: 1px; margin-bottom: 5px; max-width: 100%;\" src=\"\/\/www.slideshare.net\/slideshow\/embed_code\/40958195\" width=\"510\" height=\"420\" frameborder=\"0\" marginwidth=\"0\" marginheight=\"0\" scrolling=\"no\" allowfullscreen=\"allowfullscreen\"> <\/iframe><\/p>\n<p>La photo d&#8217;ent\u00eate est de <a href=\"https:\/\/www.flickr.com\/photos\/annegentle\/10764298026\/in\/photolist-hpcQMh-hpbqLn-hpdnq9-hpzF2G-hpcF34-hpe6TK-hpcbAN-e3gbS9-CKaZ-8T6UZm-8T3PFP-8T3Put-ecuovL-ecuce5-ecoLMk-ecunLA-ecudUm-ecoAyV-ecua65-ecuaLC-ecuaby-ecoLpK-ecu9ZW-ecoB4g-ecoyWK-ecuo93-ecudwh-ecuohU-ecoz3c-ecudmL-ecucAG-ecoLup-ecoKFg-ecumSq-ecucQs-ecudgy-ecoLjB-ecoJhP-ecuo15-ecunaq-ecozYk-ecoJ8H-ecunA7-ecuaG1-ecoKhK-ecunVG-ecuaBf-ecoJyz-ecoAeX-ecucHd\" target=\"_blank\">Anne Gentle<\/a> (<a href=\"https:\/\/creativecommons.org\/licenses\/by-sa\/2.0\/\" target=\"_blank\">License Creative Commons 2.0<\/a>) Il s&#8217;agit de la vue de la salle pour la Keynote d&#8217;ouverture lors du Summit \u00e0 Hong Kong en Novembre 2013.<\/p>\n","protected":false},"excerpt":{"rendered":"<p>1500 d\u00e9veloppeurs dans mon \u00e9quipe est le titre de la session que j&#8217;ai eu le plaisir de donner lors de l&#8217;\u00e9dition 2014 l&#8217;AgileTour \u00e0 Bordeaux. J\u2019apprends l\u2019agile depuis d\u00e9j\u00e0 longtemps en pratiquant et en partageant les valeurs, principes et pratiques avec des clients et d\u2019autres pratiquants. Et c\u2019est peut-\u00eatre depuis que j\u2019interviens au contact d\u2019Openstack, [&hellip;]<\/p>\n","protected":false},"author":1,"featured_media":1960,"comment_status":"open","ping_status":"open","sticky":false,"template":"","format":"standard","meta":{"advanced_seo_description":"","jetpack_seo_html_title":"","jetpack_seo_noindex":false,"jetpack_post_was_ever_published":false,"_jetpack_newsletter_access":"","_jetpack_dont_email_post_to_subs":false,"_jetpack_newsletter_tier_id":0,"_jetpack_memberships_contains_paywalled_content":false,"_jetpack_memberships_contains_paid_content":false,"footnotes":""},"categories":[8],"tags":[321],"class_list":["post-1959","post","type-post","status-publish","format-standard","has-post-thumbnail","hentry","category-interventions","tag-open-source"],"jetpack_featured_media_url":"https:\/\/i0.wp.com\/blog-alexis.monville.com\/en\/wp-content\/uploads\/sites\/2\/2014\/11\/10764298026_500cb62d05_k.jpg?fit=2048%2C1365&ssl=1","jetpack_shortlink":"https:\/\/wp.me\/paNjQG-vB","jetpack-related-posts":[{"id":343,"url":"https:\/\/blog-alexis.monville.com\/en\/2009\/01\/22\/votre-carnet-dadresse-sur-votre-pc-votre-mobile-et-dans-les-nuages\/","url_meta":{"origin":1959,"position":0},"title":"Votre carnet d&#8217;adresse sur votre PC, votre mobile et dans les nuages&#8230;","author":"Alexis","date":"January 22, 2009","format":false,"excerpt":"Il y a quelques jours, j'ai parl\u00e9 ici de la synchronisation des donn\u00e9es entre un ordinateur fixe, un portable et les nuages : voir l'article sur getdropbox.com Pour certaines donn\u00e9es : le carnet d'adresses ou l'agenda par exemple, la synchronisation entre un PC fixe, un portable et un t\u00e9l\u00e9phone mobile\u2026","rel":"","context":"In &quot;Explorateurs&quot;","block_context":{"text":"Explorateurs","link":"https:\/\/blog-alexis.monville.com\/en\/category\/explorateurs\/"},"img":{"alt_text":"","src":"http:\/\/upload.wikimedia.org\/wikipedia\/en\/thumb\/e\/e3\/Plaxologo.png\/200px-Plaxologo.png","width":350,"height":200},"classes":[]},{"id":618,"url":"https:\/\/blog-alexis.monville.com\/en\/2009\/07\/05\/pour-retrouver-le-gout-du-developpement\/","url_meta":{"origin":1959,"position":1},"title":"Pour retrouver le go\u00fbt du d\u00e9veloppement","author":"Alexis","date":"July 5, 2009","format":false,"excerpt":"Pour retrouver le go\u00fbt du d\u00e9veloppement, c'est le sous-titre du dossier consacr\u00e9 au d\u00e9veloppement agile par le mensuel PROgrammez ! pour son num\u00e9ro de juin 2009. Implication de l'\u00e9quipe, am\u00e9lioration de la qualit\u00e9 des produits, am\u00e9lioration de la satisfaction des utilisateurs, limitation des d\u00e9veloppements aux fonctionnalit\u00e9s utiles, choix des m\u00e9thodes\u2026","rel":"","context":"In &quot;General&quot;","block_context":{"text":"General","link":"https:\/\/blog-alexis.monville.com\/en\/category\/all\/"},"img":{"alt_text":"","src":"https:\/\/i0.wp.com\/www.programmez.com\/img\/magazines\/120\/00001.jpg?resize=350%2C200","width":350,"height":200},"classes":[]},{"id":1298,"url":"https:\/\/blog-alexis.monville.com\/en\/2011\/12\/03\/global-day-of-coderetreat-2011\/","url_meta":{"origin":1959,"position":2},"title":"Global Day of Coderetreat 2011","author":"Alexis","date":"December 3, 2011","format":false,"excerpt":"J'ai particip\u00e9 aujourd'hui au Global Day of Coderetreat ! Il \u00e9tait organis\u00e9 \u00e0 Bordeaux par Okiwi et Arpinum. Les r\u00e8gles de cette \u00ab retraite \u00bb sont simples : coder en bin\u00f4me sessions de 45 minutes sur un seul et unique probl\u00e8me pour la journ\u00e9e, apr\u00e8s chaque session, l\u2019ensemble du code\u2026","rel":"","context":"In &quot;ayeba&quot;","block_context":{"text":"ayeba","link":"https:\/\/blog-alexis.monville.com\/en\/category\/ayeba\/"},"img":{"alt_text":"","src":"https:\/\/i0.wp.com\/blog-alexis.monville.com\/wp-content\/uploads\/sites\/2\/2011\/12\/Global-Day-of-Coderetreat-2011.png?resize=350%2C200&ssl=1","width":350,"height":200},"classes":[]},{"id":999,"url":"https:\/\/blog-alexis.monville.com\/en\/2010\/12\/14\/au-revoir-lydia\/","url_meta":{"origin":1959,"position":3},"title":"Au revoir Lydia","author":"Alexis","date":"December 14, 2010","format":false,"excerpt":"Lydia nous a quitt\u00e9 mardi dernier. Je l'ai appris aujourd'hui gr\u00e2ce \u00e0 la d\u00e9marche courageuse de Muriel que je remercie ici. Je prends conscience aujourd'hui que si j'ai c\u00f4toy\u00e9 Lydia au cours de mon pr\u00e9c\u00e9dent job, si j'ai appr\u00e9ci\u00e9 sa gentillesse et son professionnalisme, je la connaissais peu. Et je\u2026","rel":"","context":"In &quot;General&quot;","block_context":{"text":"General","link":"https:\/\/blog-alexis.monville.com\/en\/category\/all\/"},"img":{"alt_text":"","src":"","width":0,"height":0},"classes":[]},{"id":2043,"url":"https:\/\/blog-alexis.monville.com\/en\/2015\/03\/28\/club-de-lecture\/","url_meta":{"origin":1959,"position":4},"title":"Club de Lecture","author":"Alexis","date":"March 28, 2015","format":false,"excerpt":"Une session du Club de Lecture de Bordeaux s'est d\u00e9roul\u00e9e ce samedi 28 mars 2015, de 10h30 \u00e0 12h00. L'id\u00e9e de proposer cette session m'\u00e9tait venu suite \u00e0 la participation au club de Toulouse que j'ai racont\u00e9 ici. 1er RDV du Club de lecture #Bordeaux initi\u00e9 par @alexismonville avec le\u2026","rel":"","context":"In &quot;General&quot;","block_context":{"text":"General","link":"https:\/\/blog-alexis.monville.com\/en\/category\/all\/"},"img":{"alt_text":"","src":"https:\/\/i0.wp.com\/blog-alexis.monville.com\/en\/wp-content\/uploads\/sites\/2\/2015\/03\/20150328-Club-De-Lecture-Workout-e1427543334391.png?fit=1200%2C848&ssl=1&resize=350%2C200","width":350,"height":200,"srcset":"https:\/\/i0.wp.com\/blog-alexis.monville.com\/en\/wp-content\/uploads\/sites\/2\/2015\/03\/20150328-Club-De-Lecture-Workout-e1427543334391.png?fit=1200%2C848&ssl=1&resize=350%2C200 1x, https:\/\/i0.wp.com\/blog-alexis.monville.com\/en\/wp-content\/uploads\/sites\/2\/2015\/03\/20150328-Club-De-Lecture-Workout-e1427543334391.png?fit=1200%2C848&ssl=1&resize=525%2C300 1.5x, https:\/\/i0.wp.com\/blog-alexis.monville.com\/en\/wp-content\/uploads\/sites\/2\/2015\/03\/20150328-Club-De-Lecture-Workout-e1427543334391.png?fit=1200%2C848&ssl=1&resize=700%2C400 2x, https:\/\/i0.wp.com\/blog-alexis.monville.com\/en\/wp-content\/uploads\/sites\/2\/2015\/03\/20150328-Club-De-Lecture-Workout-e1427543334391.png?fit=1200%2C848&ssl=1&resize=1050%2C600 3x"},"classes":[]},{"id":1942,"url":"https:\/\/blog-alexis.monville.com\/en\/2014\/08\/25\/ale-2014-deuxieme-et-troisieme-jour\/","url_meta":{"origin":1959,"position":5},"title":"ALE 2014 &#8211; deuxi\u00e8me et troisi\u00e8me jour","author":"Alexis","date":"August 25, 2014","format":false,"excerpt":"Cet article \u00e9voque les deuxi\u00e8me et troisi\u00e8me jour\u00a0de la\u00a0non-conf\u00e9rence 2014\u00a0du\u00a0r\u00e9seau ALE\u00a0(Agile Lean Europe). Le r\u00e9sum\u00e9 du premier jour est ici. Ce deuxi\u00e8me jour de la non-conf\u00e9rence ALE 2014, d\u00e9bute par une session par Josef Scherer, Self-designing Feature Teams @BMW. Pour influer sur la culture d\u2019une grande organisation, Josef explique qu\u2019il\u2026","rel":"","context":"In &quot;Europe&quot;","block_context":{"text":"Europe","link":"https:\/\/blog-alexis.monville.com\/en\/category\/international\/europe\/"},"img":{"alt_text":"","src":"https:\/\/i0.wp.com\/blog-alexis.monville.com\/en\/wp-content\/uploads\/sites\/2\/2014\/08\/2014-08-21-09.05.06-scaled.jpg?fit=1200%2C900&ssl=1&resize=350%2C200","width":350,"height":200,"srcset":"https:\/\/i0.wp.com\/blog-alexis.monville.com\/en\/wp-content\/uploads\/sites\/2\/2014\/08\/2014-08-21-09.05.06-scaled.jpg?fit=1200%2C900&ssl=1&resize=350%2C200 1x, https:\/\/i0.wp.com\/blog-alexis.monville.com\/en\/wp-content\/uploads\/sites\/2\/2014\/08\/2014-08-21-09.05.06-scaled.jpg?fit=1200%2C900&ssl=1&resize=525%2C300 1.5x, https:\/\/i0.wp.com\/blog-alexis.monville.com\/en\/wp-content\/uploads\/sites\/2\/2014\/08\/2014-08-21-09.05.06-scaled.jpg?fit=1200%2C900&ssl=1&resize=700%2C400 2x, https:\/\/i0.wp.com\/blog-alexis.monville.com\/en\/wp-content\/uploads\/sites\/2\/2014\/08\/2014-08-21-09.05.06-scaled.jpg?fit=1200%2C900&ssl=1&resize=1050%2C600 3x"},"classes":[]}],"jetpack_sharing_enabled":true,"_links":{"self":[{"href":"https:\/\/blog-alexis.monville.com\/en\/wp-json\/wp\/v2\/posts\/1959","targetHints":{"allow":["GET"]}}],"collection":[{"href":"https:\/\/blog-alexis.monville.com\/en\/wp-json\/wp\/v2\/posts"}],"about":[{"href":"https:\/\/blog-alexis.monville.com\/en\/wp-json\/wp\/v2\/types\/post"}],"author":[{"embeddable":true,"href":"https:\/\/blog-alexis.monville.com\/en\/wp-json\/wp\/v2\/users\/1"}],"replies":[{"embeddable":true,"href":"https:\/\/blog-alexis.monville.com\/en\/wp-json\/wp\/v2\/comments?post=1959"}],"version-history":[{"count":3,"href":"https:\/\/blog-alexis.monville.com\/en\/wp-json\/wp\/v2\/posts\/1959\/revisions"}],"predecessor-version":[{"id":1974,"href":"https:\/\/blog-alexis.monville.com\/en\/wp-json\/wp\/v2\/posts\/1959\/revisions\/1974"}],"wp:featuredmedia":[{"embeddable":true,"href":"https:\/\/blog-alexis.monville.com\/en\/wp-json\/wp\/v2\/media\/1960"}],"wp:attachment":[{"href":"https:\/\/blog-alexis.monville.com\/en\/wp-json\/wp\/v2\/media?parent=1959"}],"wp:term":[{"taxonomy":"category","embeddable":true,"href":"https:\/\/blog-alexis.monville.com\/en\/wp-json\/wp\/v2\/categories?post=1959"},{"taxonomy":"post_tag","embeddable":true,"href":"https:\/\/blog-alexis.monville.com\/en\/wp-json\/wp\/v2\/tags?post=1959"}],"curies":[{"name":"wp","href":"https:\/\/api.w.org\/{rel}","templated":true}]}}