{"id":1942,"date":"2014-08-25T19:41:08","date_gmt":"2014-08-25T17:41:08","guid":{"rendered":"https:\/\/blog-alexis.monville.com\/?p=1942"},"modified":"2014-08-27T10:38:21","modified_gmt":"2014-08-27T08:38:21","slug":"ale-2014-deuxieme-et-troisieme-jour","status":"publish","type":"post","link":"https:\/\/blog-alexis.monville.com\/en\/2014\/08\/25\/ale-2014-deuxieme-et-troisieme-jour\/","title":{"rendered":"ALE 2014 &#8211; deuxi\u00e8me et troisi\u00e8me jour"},"content":{"rendered":"<p>Cet article \u00e9voque les deuxi\u00e8me et troisi\u00e8me jour\u00a0de la\u00a0<a style=\"color: #1e73be;\" href=\"http:\/\/ale2014.alenetwork.eu\/\" target=\"_blank\">non-conf\u00e9rence 2014<\/a>\u00a0du\u00a0<a style=\"color: #1e73be;\" href=\"http:\/\/alenetwork.eu\/\" target=\"_blank\">r\u00e9seau ALE<\/a>\u00a0(Agile Lean Europe). <a href=\"https:\/\/blog-alexis.monville.com\/2014\/08\/20\/ale-2014-premier-jour\/\" target=\"_blank\">Le r\u00e9sum\u00e9 du premier jour est ici<\/a>.<\/p>\n<p>Ce deuxi\u00e8me jour de la non-conf\u00e9rence ALE 2014, d\u00e9bute par une session par <a href=\"https:\/\/twitter.com\/Coach4Scrum\" target=\"_blank\">Josef Scherer<\/a>, Self-designing Feature Teams @BMW. Pour influer sur la culture d\u2019une grande organisation, Josef explique qu\u2019il est n\u00e9cessaire d\u2019\u00e9tablir une structure permettant \u00e0 la culture d\u2019exister ou d\u2019\u00e9voluer. Josef a ensuite pr\u00e9sent\u00e9 les structures d\u2019atelier permettant \u00e0 des \u00e9quipes de se recomposer en \u00e9quipe d\u00e9di\u00e9e \u00e0 des fonctionnalit\u00e9s (et non plus par role dans un processus en cascade) et cela en moins d\u2019une demi-journ\u00e9e.<\/p>\n<p><a href=\"https:\/\/twitter.com\/LeanVoices\" target=\"_blank\">Stephen Parry<\/a> prenait la suite avec un approfondissement de sa session de la veille pour cr\u00e9er une organisation en capacit\u00e9 d\u2019apprendre et de s\u2019adapter. Stephen parle ici de cr\u00e9er les conditions, le climat permettant le d\u00e9veloppement de cette culture. Stephen a pr\u00e9sent\u00e9 l\u2019application du diagnostique Climetrics mesurant le climat dans les organisations suivant 4 axes : Engaging, Learning, Leading, Improving. L\u2019exemple pr\u00e9sent\u00e9 montre que pour passer d\u2019une organisation \u00ab diriger et contr\u00f4ler \u00bb il ne s\u2019agit pas d\u2019avoir des objectifs d\u2019am\u00e9lioration continue, mais une transformation compl\u00e8te de la fa\u00e7on de faire. Comme dans les exemples de la premi\u00e8re session, ce sont les \u00e9quipes qui ont dessin\u00e9 la nouvelle organisation (et pas le management).<\/p>\n<p><a href=\"https:\/\/twitter.com\/PawelPustelnik\" target=\"_blank\">Pawe\u0142 Pustelnik<\/a> pr\u00e9sentait comment cr\u00e9er et faire croitre la culture de leur organisation <a href=\"http:\/\/www.future-processing.com\/\" target=\"_blank\">Future Processing<\/a>. La culture se voit dans l\u2019atmosph\u00e8re, dans le climat pr\u00e9sent dans l\u2019\u00e9quipe, dans les valeurs que les membres partagent.<\/p>\n<blockquote><p>Great Software\u2026 because we put people first.<\/p><\/blockquote>\n<p>J\u2019ai trouv\u00e9 int\u00e9ressante l\u2019id\u00e9e d\u2019habiller un des couloirs de l\u2019entreprise avec les \u00e9v\u00e9nements importants de l\u2019entreprise depuis sa cr\u00e9ation, ainsi que celle du mur de photo de toutes les personnes de l\u2019entreprise, \u00e9galement importante. Le support de Pawel est ici.<\/p>\n<p>J&#8217;ai malheureusement manqu\u00e9 les sessions de lightning talks (probablement le meilleur me dira plus tard <a href=\"http:\/\/areyouagile.com\/2014\/08\/ale-2014-sous-le-soleil-de-cracovie\/\" target=\"_blank\">Pablo<\/a>).<\/p>\n<p>Les sessions de <a href=\"http:\/\/www.pechakucha.org\/\" target=\"_blank\">Pecha Kucha<\/a> (20 slides x 20 secondes) \u00e9tait excellentes :<\/p>\n<ul>\n<li>Christof Braun &#8211; Trust me &#8211; this is important<\/li>\n<li>Alberto Brandolini &#8211; The final words about software estimation<\/li>\n<li>Martin Klose &#8211; Coderetreat &#8211; perfect practice makes perfect<\/li>\n<li>Pawel Brodzinski &#8211; Building Teams &#8211; We got it all wrong!<\/li>\n<\/ul>\n<p>J&#8217;ai butin\u00e9 au cours de ces sessions open space et particip\u00e9 \u00e0 une seule excellente session celle de\u00a0<a href=\"https:\/\/twitter.com\/gatoiluna\" target=\"_blank\">Sabina Abdulajeva<\/a> qui nous faisait prendre conscience de notre corps.<\/p>\n<p><a href=\"@felienne\" target=\"_blank\">Felienne Hermans<\/a>\u00a0concluait cette deuxi\u00e8me journ\u00e9e en proposant : &#8220;<a href=\"http:\/\/fr.slideshare.net\/felienne\" target=\"_blank\">Putting the science in computer science<\/a>&#8220;. C&#8217;\u00e9tait assez amusant d&#8217;essayer une approche scientifique sur une question troll : &#8220;quel est le meilleur langage de programmation ?&#8221;. Il s&#8217;av\u00e8re que la r\u00e9ponse des participants ne d\u00e9pends d&#8217;aucun des crit\u00e8res que l&#8217;on entends r\u00e9guli\u00e8rement cit\u00e9s pour d\u00e9fendre tel ou tel langage, mais d\u00e9pends principalement de la disponibilit\u00e9 de librairies open source.<\/p>\n<p>Le troisi\u00e8me jour d\u00e9butait\u00a0par la Keynote des enfants. J&#8217;ai oubli\u00e9 de pr\u00e9ciser que ALE est une conf\u00e9rence \u00e0 laquelle les \u00e9poux(ses) et les enfants sont invit\u00e9s \u00e0 participer ce qui contribue \u00e9galement \u00e0 une ambiance particuli\u00e8re. Les enfants ont donc pr\u00e9par\u00e9s une keynote au cours de laquelle l&#8217;ensemble des participants ont contribu\u00e9 \u00e0 peindre une fresque avec leurs mains.<\/p>\n<p>J&#8217;ai ensuite propos\u00e9 une session &#8220;The Agile and Open Source Way&#8221; et j&#8217;ai obtenu enfin les feedbacks qui vont me permettre de faire \u00e9voluer radicalement le contenu de la session et d&#8217;augmenter son impact et son utilit\u00e9 (un grand merci pour ceux qui ont pris le temps de me donner des feedbacks).<\/p>\n<p>C&#8217;est <a href=\"https:\/\/twitter.com\/OlafLewitz\" target=\"_blank\">Olaf Lewitz<\/a> qui a gagn\u00e9 l&#8217;opportunit\u00e9 de proposer un talk surprise. Il a choisi de nous proposer sa session &#8220;<a href=\"http:\/\/trustartist.com\/2014\/07\/31\/de-scaling-inspirations\/\" target=\"_blank\">De-scaling your organization<\/a>&#8220;. C&#8217;\u00e9tait excellent et inspirant, \u00e0 la fois sur le contenu et la fa\u00e7on de le proposer.<\/p>\n<p>Pour les lightning talks, l&#8217;\u00e9motion du moment ne fait retenir que le talk que ma fille Emma (12 ans) a donn\u00e9 (et en anglais). Merci \u00e0 tous les participants pour leur enthousiasmes et leurs retours positifs.<\/p>\n<p>Les sessions de Pecha Kucha du jour \u00e9taient excellentes \u00e9galement :<\/p>\n<ul>\n<li>Oana Juncu &#8211; Key ingredients of storytelling<\/li>\n<li>Antonio L\u00f3pez &#8211; Using Social Network Analysis for an Agile transformation<\/li>\n<li>Shannon Jean Ewan &#8211; Agile processes evolve. Agility is here to stay<\/li>\n<\/ul>\n<p>J&#8217;ai particip\u00e9 \u00e0 deux sessions open space, celle propos\u00e9e par Olaf Lewitz nous a fait d\u00e9couvrir le <a href=\"http:\/\/personalitypoker.com\/\" target=\"_blank\">personality poker<\/a>\u00a0et nous nous sommes dit avec Pablo que nous allions le traduire en fran\u00e7ais, et une en vue de la pr\u00e9paration de la conf\u00e9rence de l&#8217;ann\u00e9e prochaine :\u00a0ALE15 (oui j&#8217;y pense d\u00e9j\u00e0 et j&#8217;y serai).<\/p>\n<p><a href=\"https:\/\/twitter.com\/jenniindk\" target=\"_blank\">Jennie Jepsen<\/a>\u00a0assurait la Keynote de cloture et faisait une nouvelle fois r\u00e9f\u00e9rence \u00e0 la science (celle du fonctionnement de notre cerveau cette fois) pour expliquer nos probl\u00e9matiques de transformation. \u00a0Cela a au moins le m\u00e9rite de rappeler que lorsque l&#8217;on dit science, on dit approche scientifique et qu&#8217;avant de s&#8217;int\u00e9resser \u00e0 des r\u00e9sultats, il faut s&#8217;int\u00e9resser aux protocoles des exp\u00e9riences.<\/p>\n<p>Un grand merci \u00e0 <a href=\"http:\/\/www.future-processing.com\/\" target=\"_blank\">Future Processing<\/a> pour ces actions dans le cadre du sponsoring de cette \u00e9dition ALE : Massage (avec les masseuses qui travaillent habituellement chez eux \u00e0 temps plein), Soir\u00e9e&#8230; et j&#8217;ai m\u00eame gagn\u00e9 un cadeau en donnant une d\u00e9finition de ce qu&#8217;\u00e9tait faire du d\u00e9veloppement agile : &#8220;Build a product with all the emotions and intelligence of the team&#8221;.<\/p>\n<p>Un grand merci \u00e0 tous les participants, intervenants, organisateurs (quelque soit leurs roles) pour cette excellente \u00e9dition !<\/p>\n<p>Les liens depuis les noms des intervenants cit\u00e9s pointent sur leurs comptes Twitter, et je vous encourage \u00e0 les suivre !<\/p>\n<p>Les photos d&#8217;<a href=\"https:\/\/plus.google.com\/photos\/+OlafLewitz\/albums\/6050403155402205121\" target=\"_blank\">Olaf<\/a>, de <a href=\"https:\/\/drive.google.com\/folderview?id=0Bz5e_Xl10jAbTzhuZzZydE1GVHM&amp;usp=sharing\" target=\"_blank\">Pablo<\/a>, de <a href=\"https:\/\/plus.google.com\/photos\/118108856336032511715\/albums\/6050871643963181345\" target=\"_blank\">Tomek<\/a>, de <a href=\"https:\/\/plus.google.com\/photos\/102856172426771459336\/albums\/6050850047769530785\" target=\"_blank\">Antonio<\/a>&#8230;<\/p>\n","protected":false},"excerpt":{"rendered":"<p>Cet article \u00e9voque les deuxi\u00e8me et troisi\u00e8me jour\u00a0de la\u00a0non-conf\u00e9rence 2014\u00a0du\u00a0r\u00e9seau ALE\u00a0(Agile Lean Europe). Le r\u00e9sum\u00e9 du premier jour est ici. Ce deuxi\u00e8me jour de la non-conf\u00e9rence ALE 2014, d\u00e9bute par une session par Josef Scherer, Self-designing Feature Teams @BMW. Pour influer sur la culture d\u2019une grande organisation, Josef explique qu\u2019il est n\u00e9cessaire d\u2019\u00e9tablir une structure [&hellip;]<\/p>\n","protected":false},"author":1,"featured_media":1943,"comment_status":"open","ping_status":"open","sticky":false,"template":"","format":"standard","meta":{"advanced_seo_description":"","jetpack_seo_html_title":"","jetpack_seo_noindex":false,"jetpack_post_was_ever_published":false,"_jetpack_newsletter_access":"","_jetpack_dont_email_post_to_subs":false,"_jetpack_newsletter_tier_id":0,"_jetpack_memberships_contains_paywalled_content":false,"_jetpack_memberships_contains_paid_content":false,"footnotes":""},"categories":[12,7,8],"tags":[262,321],"class_list":["post-1942","post","type-post","status-publish","format-standard","has-post-thumbnail","hentry","category-europe","category-international","category-interventions","tag-lean","tag-open-source"],"jetpack_featured_media_url":"https:\/\/i0.wp.com\/blog-alexis.monville.com\/en\/wp-content\/uploads\/sites\/2\/2014\/08\/2014-08-21-09.05.06-scaled.jpg?fit=2560%2C1920&ssl=1","jetpack_shortlink":"https:\/\/wp.me\/paNjQG-vk","jetpack-related-posts":[{"id":1934,"url":"https:\/\/blog-alexis.monville.com\/en\/2014\/08\/20\/ale-2014-premier-jour\/","url_meta":{"origin":1942,"position":0},"title":"ALE 2014 &#8211; premier jour","author":"Alexis","date":"August 20, 2014","format":false,"excerpt":"Ce premier jour de la non-conf\u00e9rence 2014 du r\u00e9seau ALE (Agile Lean Europe) \u00e9tait particuli\u00e8rement riche ! Une richesse que je ne fais qu'effleurer dans ce compte-rendu rapide. Le programme est un mix entre des sessions pr\u00e9par\u00e9es et s\u00e9lectionn\u00e9es par les participants du sofa \"programme\" et un open space (pour\u2026","rel":"","context":"In &quot;Europe&quot;","block_context":{"text":"Europe","link":"https:\/\/blog-alexis.monville.com\/en\/category\/international\/europe\/"},"img":{"alt_text":"","src":"https:\/\/i0.wp.com\/blog-alexis.monville.com\/en\/wp-content\/uploads\/sites\/2\/2014\/08\/2014-08-20-09.28.05-scaled.jpg?fit=1200%2C900&ssl=1&resize=350%2C200","width":350,"height":200,"srcset":"https:\/\/i0.wp.com\/blog-alexis.monville.com\/en\/wp-content\/uploads\/sites\/2\/2014\/08\/2014-08-20-09.28.05-scaled.jpg?fit=1200%2C900&ssl=1&resize=350%2C200 1x, https:\/\/i0.wp.com\/blog-alexis.monville.com\/en\/wp-content\/uploads\/sites\/2\/2014\/08\/2014-08-20-09.28.05-scaled.jpg?fit=1200%2C900&ssl=1&resize=525%2C300 1.5x, https:\/\/i0.wp.com\/blog-alexis.monville.com\/en\/wp-content\/uploads\/sites\/2\/2014\/08\/2014-08-20-09.28.05-scaled.jpg?fit=1200%2C900&ssl=1&resize=700%2C400 2x, https:\/\/i0.wp.com\/blog-alexis.monville.com\/en\/wp-content\/uploads\/sites\/2\/2014\/08\/2014-08-20-09.28.05-scaled.jpg?fit=1200%2C900&ssl=1&resize=1050%2C600 3x"},"classes":[]},{"id":302,"url":"https:\/\/blog-alexis.monville.com\/en\/2008\/12\/28\/ted-kevin-kelly-5000-prochains-jours-internet\/","url_meta":{"origin":1942,"position":1},"title":"Les 5000 prochains jours de l&#8217;Internet","author":"Alexis","date":"December 28, 2008","format":false,"excerpt":"A la recherche d'une photographie pour Un Jour Une \u0152uvre, je suis tomb\u00e9 sur les photographies de Trey Ratcliff. Une illustre cet article, une autre est sur Un Jour Une \u0152uvre ce 28 d\u00e9cembre. Trey avait mis en sous-titre de sa photo sur flickr.com, une r\u00e9f\u00e9rence a une conf\u00e9rence qu'a\u2026","rel":"","context":"In &quot;Explorateurs&quot;","block_context":{"text":"Explorateurs","link":"https:\/\/blog-alexis.monville.com\/en\/category\/explorateurs\/"},"img":{"alt_text":"","src":"https:\/\/i0.wp.com\/farm4.static.flickr.com\/3294\/3078802485_b665eb38f4_m.jpg?resize=350%2C200","width":350,"height":200},"classes":[]},{"id":315,"url":"https:\/\/blog-alexis.monville.com\/en\/2009\/01\/14\/twitter-yammer-quest-ce-le-micro-blogging\/","url_meta":{"origin":1942,"position":2},"title":"Qu&#8217;est-ce le micro-blogging ?","author":"Alexis","date":"January 14, 2009","format":false,"excerpt":"Qu'est-ce que le micro-blogging et \u00e0 quoi cela peut-il servir en entreprise ? C'est la question que j'avais envie de poser dans cet article en construction avant de regarder la pr\u00e9sentation qu'Emilie Ogez a post\u00e9 aujourd'hui sur son blog ! Alors plut\u00f4t que r\u00e9\u00e9crire ce qui a d\u00e9j\u00e0 \u00e9t\u00e9 dit,\u2026","rel":"","context":"In &quot;Explorateurs&quot;","block_context":{"text":"Explorateurs","link":"https:\/\/blog-alexis.monville.com\/en\/category\/explorateurs\/"},"img":{"alt_text":"","src":"https:\/\/i0.wp.com\/assets1.twitter.com\/images\/twitter_logo_s.png?resize=350%2C200","width":350,"height":200},"classes":[]},{"id":1388,"url":"https:\/\/blog-alexis.monville.com\/en\/2012\/03\/01\/hors-de-la-crise\/","url_meta":{"origin":1942,"position":3},"title":"Hors de la Crise","author":"Alexis","date":"March 1, 2012","format":false,"excerpt":"Hors de la Crise, est un livre de William Edwards Deming dont la premi\u00e8re \u00e9dition date de 1982 (la troisi\u00e8me \u00e9dition date de 2002). Ce livre regroupe les connaissances enseign\u00e9es par Deming lors des s\u00e9minaires de 4 jours qu'il a donn\u00e9 devant plus de 100 000 personnes entre 1981 et\u2026","rel":"","context":"In &quot;ayeba&quot;","block_context":{"text":"ayeba","link":"https:\/\/blog-alexis.monville.com\/en\/category\/ayeba\/"},"img":{"alt_text":"","src":"https:\/\/i0.wp.com\/blog-alexis.monville.com\/en\/wp-content\/uploads\/sites\/2\/2012\/03\/william_edwards_deming.jpg?fit=1142%2C1061&ssl=1&resize=350%2C200","width":350,"height":200,"srcset":"https:\/\/i0.wp.com\/blog-alexis.monville.com\/en\/wp-content\/uploads\/sites\/2\/2012\/03\/william_edwards_deming.jpg?fit=1142%2C1061&ssl=1&resize=350%2C200 1x, https:\/\/i0.wp.com\/blog-alexis.monville.com\/en\/wp-content\/uploads\/sites\/2\/2012\/03\/william_edwards_deming.jpg?fit=1142%2C1061&ssl=1&resize=525%2C300 1.5x, https:\/\/i0.wp.com\/blog-alexis.monville.com\/en\/wp-content\/uploads\/sites\/2\/2012\/03\/william_edwards_deming.jpg?fit=1142%2C1061&ssl=1&resize=700%2C400 2x, https:\/\/i0.wp.com\/blog-alexis.monville.com\/en\/wp-content\/uploads\/sites\/2\/2012\/03\/william_edwards_deming.jpg?fit=1142%2C1061&ssl=1&resize=1050%2C600 3x"},"classes":[]},{"id":1637,"url":"https:\/\/blog-alexis.monville.com\/en\/2013\/07\/18\/donald-reinertsen-est-dans-le-flux\/","url_meta":{"origin":1942,"position":4},"title":"Donald Reinertsen est dans le flux","author":"Alexis","date":"July 18, 2013","format":false,"excerpt":"Donald Reinertsen est l'auteur d'un ouvrage difficile d'acc\u00e8s,\u00a0The Principles of Product Development Flow. Pour en savoir plus sur les travaux de cet auteur, je vous propose de regarder une des conf\u00e9rences qu'il a donn\u00e9 lors de Lean Kanban Central Europe en 2012. Ou de lire l'article publi\u00e9 sur MOM21 (Mouvement\u2026","rel":"","context":"In &quot;General&quot;","block_context":{"text":"General","link":"https:\/\/blog-alexis.monville.com\/en\/category\/all\/"},"img":{"alt_text":"","src":"","width":0,"height":0},"classes":[]},{"id":1964,"url":"https:\/\/blog-alexis.monville.com\/en\/2014\/11\/04\/open-space-agiletour-bordeaux\/","url_meta":{"origin":1942,"position":5},"title":"Open Space @ AgileTour Bordeaux","author":"Alexis","date":"November 4, 2014","format":false,"excerpt":"L'\u00e9dition 2014 de l'AgileTour Bordeaux se d\u00e9roulait pour la premi\u00e8re fois sur 2 jours. \u00a0Le samedi apr\u00e8s-midi \u00e9tait consacr\u00e9 \u00e0 un Open Space (ou Forum Ouvert) que l'\u00e9quipe d'organisation m'a propos\u00e9 de faciliter. Qu'est-ce qu'un Open Space ? L'Open Space est une m\u00e9thode pour structurer les conversations d'un groupe de\u2026","rel":"","context":"In &quot;Interventions&quot;","block_context":{"text":"Interventions","link":"https:\/\/blog-alexis.monville.com\/en\/category\/interventions\/"},"img":{"alt_text":"","src":"https:\/\/i0.wp.com\/blog-alexis.monville.com\/en\/wp-content\/uploads\/sites\/2\/2014\/11\/IMG_20141101_141000-scaled.jpg?fit=1200%2C900&ssl=1&resize=350%2C200","width":350,"height":200,"srcset":"https:\/\/i0.wp.com\/blog-alexis.monville.com\/en\/wp-content\/uploads\/sites\/2\/2014\/11\/IMG_20141101_141000-scaled.jpg?fit=1200%2C900&ssl=1&resize=350%2C200 1x, https:\/\/i0.wp.com\/blog-alexis.monville.com\/en\/wp-content\/uploads\/sites\/2\/2014\/11\/IMG_20141101_141000-scaled.jpg?fit=1200%2C900&ssl=1&resize=525%2C300 1.5x, https:\/\/i0.wp.com\/blog-alexis.monville.com\/en\/wp-content\/uploads\/sites\/2\/2014\/11\/IMG_20141101_141000-scaled.jpg?fit=1200%2C900&ssl=1&resize=700%2C400 2x, https:\/\/i0.wp.com\/blog-alexis.monville.com\/en\/wp-content\/uploads\/sites\/2\/2014\/11\/IMG_20141101_141000-scaled.jpg?fit=1200%2C900&ssl=1&resize=1050%2C600 3x"},"classes":[]}],"jetpack_sharing_enabled":true,"_links":{"self":[{"href":"https:\/\/blog-alexis.monville.com\/en\/wp-json\/wp\/v2\/posts\/1942","targetHints":{"allow":["GET"]}}],"collection":[{"href":"https:\/\/blog-alexis.monville.com\/en\/wp-json\/wp\/v2\/posts"}],"about":[{"href":"https:\/\/blog-alexis.monville.com\/en\/wp-json\/wp\/v2\/types\/post"}],"author":[{"embeddable":true,"href":"https:\/\/blog-alexis.monville.com\/en\/wp-json\/wp\/v2\/users\/1"}],"replies":[{"embeddable":true,"href":"https:\/\/blog-alexis.monville.com\/en\/wp-json\/wp\/v2\/comments?post=1942"}],"version-history":[{"count":7,"href":"https:\/\/blog-alexis.monville.com\/en\/wp-json\/wp\/v2\/posts\/1942\/revisions"}],"predecessor-version":[{"id":1950,"href":"https:\/\/blog-alexis.monville.com\/en\/wp-json\/wp\/v2\/posts\/1942\/revisions\/1950"}],"wp:featuredmedia":[{"embeddable":true,"href":"https:\/\/blog-alexis.monville.com\/en\/wp-json\/wp\/v2\/media\/1943"}],"wp:attachment":[{"href":"https:\/\/blog-alexis.monville.com\/en\/wp-json\/wp\/v2\/media?parent=1942"}],"wp:term":[{"taxonomy":"category","embeddable":true,"href":"https:\/\/blog-alexis.monville.com\/en\/wp-json\/wp\/v2\/categories?post=1942"},{"taxonomy":"post_tag","embeddable":true,"href":"https:\/\/blog-alexis.monville.com\/en\/wp-json\/wp\/v2\/tags?post=1942"}],"curies":[{"name":"wp","href":"https:\/\/api.w.org\/{rel}","templated":true}]}}