{"id":1934,"date":"2014-08-20T23:20:29","date_gmt":"2014-08-20T21:20:29","guid":{"rendered":"https:\/\/blog-alexis.monville.com\/?p=1934"},"modified":"2014-08-20T23:26:18","modified_gmt":"2014-08-20T21:26:18","slug":"ale-2014-premier-jour","status":"publish","type":"post","link":"https:\/\/blog-alexis.monville.com\/en\/2014\/08\/20\/ale-2014-premier-jour\/","title":{"rendered":"ALE 2014 &#8211; premier jour"},"content":{"rendered":"<p>Ce premier jour de la <a href=\"http:\/\/ale2014.alenetwork.eu\/\" target=\"_blank\">non-conf\u00e9rence 2014<\/a> du <a href=\"http:\/\/alenetwork.eu\/\" target=\"_blank\">r\u00e9seau ALE<\/a> (Agile Lean Europe) \u00e9tait particuli\u00e8rement riche ! Une richesse que je ne fais qu&#8217;effleurer dans ce compte-rendu rapide. Le programme est un mix entre des sessions pr\u00e9par\u00e9es et s\u00e9lectionn\u00e9es par les participants du sofa &#8220;programme&#8221; et un <a href=\"http:\/\/fr.wikipedia.org\/wiki\/M%C3%A9thodologie_Forum_Ouvert\" target=\"_blank\">open space<\/a> (pour ceux qui veulent contribuer aux \u00e9ditions suivantes, tout le monde peut participer aux Sofas d&#8217;organisation de la conf\u00e9rence, ce qui en fait une non-conf\u00e9rence).<\/p>\n<p>La keynote de <a href=\"https:\/\/twitter.com\/LeanVoices\" target=\"_blank\">Stephen Parry<\/a> pr\u00e9sentait l&#8217;importance de cr\u00e9er les conditions de\u00a0la confiance dans l&#8217;organisation pour lui permettre de se d\u00e9velopper. Cr\u00e9er ces conditions va\u00a0permettre \u00e0 une organisation &#8220;Commander et Contr\u00f4ler&#8221; ou plut\u00f4t comme le dit Stephen, une organisation &#8220;Diriger et Esp\u00e9rer&#8221; de passer \u00e0 une organisation &#8220;Ecouter et Adapter&#8221;. Le support de pr\u00e9sentation est publi\u00e9 <a href=\"http:\/\/www.slideshare.net\/SGParry\/trust-ale-2014-krakow-parry-public\" target=\"_blank\">ici<\/a>.<\/p>\n<p>J&#8217;ai particuli\u00e8rement appr\u00e9ci\u00e9 ensuite la pr\u00e9sentation de\u00a0<a href=\"https:\/\/twitter.com\/pheiramo\" target=\"_blank\">Petri Heiramo<\/a> sur l&#8217;\u00e9volution de l&#8217;organisation de <a href=\"http:\/\/www.futurice.com\/\" target=\"_blank\">Futurice<\/a>. La croissance de l&#8217;organisation ayant d\u00e9truit le bien \u00eatre et la performance de l&#8217;organisation, la conduite d&#8217;une transformation fa\u00e7on agile (c&#8217;est \u00e0 dire en faisant prendre les d\u00e9cisions par les personnes elles-m\u00eames) vers une organisation en Tribut (Tribes) est tr\u00e8s int\u00e9ressante. Cela va me faire une page de plus \u00e0 cr\u00e9er dans la cat\u00e9gorie &#8220;Inspiration&#8221; du wiki d&#8217;<a href=\"http:\/\/www.enovance.com\" target=\"_blank\">eNovance<\/a>\u00a0(d\u00e9sol\u00e9 cette partie est r\u00e9serv\u00e9e aux eNovancers pour l&#8217;instant). Les Tributs font de 30 \u00e0 50 personnes et doivent en tous les cas se scinder si elles atteignent la taille de 60. Les Tributs sont pluridisciplinaires de fa\u00e7on \u00e0 traiter une prestation pour un client de bout en bout. 3 \u00e0 4 chefs de tributs sont s\u00e9lectionn\u00e9s par les membres de chaque tributs pour : repr\u00e9senter la tribut \u00e0 l&#8217;ext\u00e9rieur, s&#8217;assurer de la construction des \u00e9quipes pour les projets clients, faire que les clients soient heureux, que les employ\u00e9s soient\u00a0heureux, d\u00e9finir une strat\u00e9gie de d\u00e9veloppement. Le d\u00e9veloppement des comp\u00e9tences est de la responsabilit\u00e9\u00a0de l&#8217;employ\u00e9 avec le support des chefs de tribut et des 2 personnes du HC (Human Care, ce ne sont pas des RH ici&#8230;).<\/p>\n<p>La pr\u00e9sentation de\u00a0<a href=\"https:\/\/twitter.com\/pawelwrzeszcz\" target=\"_blank\">Pawel Wrzeszcz<\/a>\u00a0(<a href=\"https:\/\/softwaremill.com\/\" target=\"_blank\">Software Mill<\/a>) expliquant comment ils ont aplati la hi\u00e9rarchie de leur entreprise de 20 personnes (20 CEOs company) tombait ensuite bien pour aborder certaines questions comme la transparence des informations. Sur la transparence des salaires leur d\u00e9marche a \u00e9t\u00e9 :<\/p>\n<ol>\n<li>ouvrir les informations comptables<\/li>\n<li>publier les salaires<\/li>\n<li>d\u00e9terminer ensemble un algorithme pertinent pour g\u00e9rer les augmentations de r\u00e9mun\u00e9ration<\/li>\n<\/ol>\n<p>Alors que des disparit\u00e9s notables existaient dans les r\u00e9mun\u00e9rations, leurs publications n&#8217;a produit une temp\u00eate qu&#8217;\u00e0 retardement. Ils ont trouv\u00e9s le moyen de g\u00e9rer cela en d\u00e9finissant un algorithme d\u00e9finissant la r\u00e9mun\u00e9ration cible de chacun, en explicitant les r\u00e8gles qui d\u00e9finissaient qui seraient augment\u00e9s en premier quand les revenus augmenteraient. Cela a permis de focaliser toute l&#8217;\u00e9quipe sur l&#8217;augmentation des revenus de l&#8217;entreprise (tout en donnant du temps pour r\u00e9sorber les \u00e9carts justifi\u00e9s seulement par les fluctuations du march\u00e9 de l&#8217;emploi dans l&#8217;IT).<\/p>\n<p>Apr\u00e8s le d\u00e9jeuner, j&#8217;enchainais avec 3 sessions de l&#8217;open space. La premi\u00e8re pour approfondir la transformation de l&#8217;organisation de Futurice, la seconde pour discuter de la difficult\u00e9 \u00e0 accepter l&#8217;incertitude des estimations dans l&#8217;entreprise (ou nous avons parl\u00e9 du processus d&#8217;\u00e9laboration de budget <a href=\"http:\/\/bbrt.org\/\" target=\"_blank\">Beyond Budgeting<\/a>) et la troisi\u00e8me pour approfondir les discussions autour de la transparence dans l&#8217;entreprise.<\/p>\n<p>Les sessions pr\u00e9par\u00e9es ont repris ensuite avec le &#8220;How to quit your job&#8221; de <a href=\"https:\/\/twitter.com\/skotlov\" target=\"_blank\">Sergey Kotlov<\/a>, que je remercie pour son id\u00e9e de capturer sa satisfaction au jour le jour en fixant un seuil, si 75% de choses \u00e9taient satisfaisantes dans la journ\u00e9e alors il choisi le vert, sinon ce sera rouge. Je pourrais ajouter une proposition pour le Happiness Index d&#8217;eNovance en disant que si 75% de choses sont satisfaisantes alors ce serait le smiley :), si 50% ce serait le \ud83d\ude10 et \u00e0 moins alors ce serait \ud83d\ude41 en associant \u00e0 cela qu&#8217;un feedback r\u00e9dig\u00e9 est appr\u00e9ciable et utile dans les 3 cas.<\/p>\n<p>L&#8217;approche de\u00a0<a href=\"https:\/\/twitter.com\/streser\" target=\"_blank\">Wiktor \u017bo\u0142nowski<\/a> nous disant que nous sommes tous g\u00e9niaux (tous les \u00eatres humains) \u00e9tait tr\u00e8s int\u00e9ressante pour faire comprendre la n\u00e9cessit\u00e9 de la confiance \u00e0 priori dans nos capacit\u00e9s, et la n\u00e9cessit\u00e9 de partager les informations dont nous disposons plut\u00f4t que d&#8217;essayer de convaincre l&#8217;autre qu&#8217;il a tort.<\/p>\n<p>J&#8217;ai appr\u00e9ci\u00e9 pour terminer la pr\u00e9sentation\u00a0#noemployees de\u00a0<a href=\"https:\/\/twitter.com\/evilbubu\" target=\"_blank\">Juha Heimonen<\/a> and <a href=\"https:\/\/twitter.com\/anttiki\" target=\"_blank\">Antti Kirjavainen<\/a>\u00a0sur leur exp\u00e9rimentation en cours chez <a href=\"http:\/\/flowa.fi\" target=\"_blank\">Flowa<\/a>.\u00a0Cela m&#8217;a rappel\u00e9 la r\u00e9flexion de <a href=\"http:\/\/www.fabrice-aimetti.fr\/\" target=\"_blank\">Fabrice Aimetti<\/a>, un des associ\u00e9s d&#8217;<a href=\"http:\/\/ayeba.fr\" target=\"_blank\">Ayeba<\/a>, \u00e9mettant l&#8217;id\u00e9e que la soci\u00e9t\u00e9 ne devrait peut-\u00eatre \u00eatre qu&#8217;une soci\u00e9t\u00e9 d&#8217;associ\u00e9s.<\/p>\n<p><a href=\"https:\/\/i0.wp.com\/blog-alexis.monville.com\/wp-content\/uploads\/sites\/2\/2014\/08\/BveHLJ-IIAAIl0i.jpg?ssl=1\"><img data-recalc-dims=\"1\" loading=\"lazy\" decoding=\"async\" data-attachment-id=\"1939\" data-permalink=\"https:\/\/blog-alexis.monville.com\/en\/2014\/08\/20\/ale-2014-premier-jour\/bvehlj-iiaail0i\/\" data-orig-file=\"https:\/\/i0.wp.com\/blog-alexis.monville.com\/en\/wp-content\/uploads\/sites\/2\/2014\/08\/BveHLJ-IIAAIl0i.jpg?fit=600%2C800&amp;ssl=1\" data-orig-size=\"600,800\" data-comments-opened=\"1\" data-image-meta=\"{&quot;aperture&quot;:&quot;0&quot;,&quot;credit&quot;:&quot;&quot;,&quot;camera&quot;:&quot;&quot;,&quot;caption&quot;:&quot;&quot;,&quot;created_timestamp&quot;:&quot;0&quot;,&quot;copyright&quot;:&quot;&quot;,&quot;focal_length&quot;:&quot;0&quot;,&quot;iso&quot;:&quot;0&quot;,&quot;shutter_speed&quot;:&quot;0&quot;,&quot;title&quot;:&quot;&quot;}\" data-image-title=\"BveHLJ-IIAAIl0i\" data-image-description=\"\" data-image-caption=\"\" data-large-file=\"https:\/\/i0.wp.com\/blog-alexis.monville.com\/en\/wp-content\/uploads\/sites\/2\/2014\/08\/BveHLJ-IIAAIl0i.jpg?fit=600%2C800&amp;ssl=1\" class=\"alignright size-medium wp-image-1939\" src=\"https:\/\/i0.wp.com\/blog-alexis.monville.com\/wp-content\/uploads\/sites\/2\/2014\/08\/BveHLJ-IIAAIl0i-225x300.jpg?resize=225%2C300&#038;ssl=1\" alt=\"BveHLJ-IIAAIl0i\" width=\"225\" height=\"300\" srcset=\"https:\/\/i0.wp.com\/blog-alexis.monville.com\/en\/wp-content\/uploads\/sites\/2\/2014\/08\/BveHLJ-IIAAIl0i.jpg?resize=225%2C300&amp;ssl=1 225w, https:\/\/i0.wp.com\/blog-alexis.monville.com\/en\/wp-content\/uploads\/sites\/2\/2014\/08\/BveHLJ-IIAAIl0i.jpg?w=600&amp;ssl=1 600w\" sizes=\"auto, (max-width: 225px) 100vw, 225px\" \/><\/a>De nombreuses choses donc, qui me donnent envie de retoucher mon intervention planifi\u00e9e vendredi matin&#8230; \u00e0 suivre donc \ud83d\ude42 Je remercie au passage <a href=\"http:\/\/www.targetprocess.com\/\" target=\"_blank\">Target Process<\/a> pour le Tshirt qu&#8217;ils ont \u00e9dit\u00e9 pour ma session !<\/p>\n<p>Les liens depuis les noms des intervenants cit\u00e9s pointent sur leurs comptes Twitter, et je vous encourage \u00e0 les suivre !<\/p>\n","protected":false},"excerpt":{"rendered":"<p>Ce premier jour de la non-conf\u00e9rence 2014 du r\u00e9seau ALE (Agile Lean Europe) \u00e9tait particuli\u00e8rement riche ! Une richesse que je ne fais qu&#8217;effleurer dans ce compte-rendu rapide. Le programme est un mix entre des sessions pr\u00e9par\u00e9es et s\u00e9lectionn\u00e9es par les participants du sofa &#8220;programme&#8221; et un open space (pour ceux qui veulent contribuer aux [&hellip;]<\/p>\n","protected":false},"author":1,"featured_media":1935,"comment_status":"open","ping_status":"open","sticky":false,"template":"","format":"standard","meta":{"advanced_seo_description":"","jetpack_seo_html_title":"","jetpack_seo_noindex":false,"jetpack_post_was_ever_published":false,"_jetpack_newsletter_access":"","_jetpack_dont_email_post_to_subs":false,"_jetpack_newsletter_tier_id":0,"_jetpack_memberships_contains_paywalled_content":false,"_jetpack_memberships_contains_paid_content":false,"footnotes":""},"categories":[12,7],"tags":[262],"class_list":["post-1934","post","type-post","status-publish","format-standard","has-post-thumbnail","hentry","category-europe","category-international","tag-lean"],"jetpack_featured_media_url":"https:\/\/i0.wp.com\/blog-alexis.monville.com\/en\/wp-content\/uploads\/sites\/2\/2014\/08\/2014-08-20-09.28.05-scaled.jpg?fit=2560%2C1920&ssl=1","jetpack_shortlink":"https:\/\/wp.me\/paNjQG-vc","jetpack-related-posts":[{"id":1942,"url":"https:\/\/blog-alexis.monville.com\/en\/2014\/08\/25\/ale-2014-deuxieme-et-troisieme-jour\/","url_meta":{"origin":1934,"position":0},"title":"ALE 2014 &#8211; deuxi\u00e8me et troisi\u00e8me jour","author":"Alexis","date":"August 25, 2014","format":false,"excerpt":"Cet article \u00e9voque les deuxi\u00e8me et troisi\u00e8me jour\u00a0de la\u00a0non-conf\u00e9rence 2014\u00a0du\u00a0r\u00e9seau ALE\u00a0(Agile Lean Europe). Le r\u00e9sum\u00e9 du premier jour est ici. Ce deuxi\u00e8me jour de la non-conf\u00e9rence ALE 2014, d\u00e9bute par une session par Josef Scherer, Self-designing Feature Teams @BMW. Pour influer sur la culture d\u2019une grande organisation, Josef explique qu\u2019il\u2026","rel":"","context":"In &quot;Europe&quot;","block_context":{"text":"Europe","link":"https:\/\/blog-alexis.monville.com\/en\/category\/international\/europe\/"},"img":{"alt_text":"","src":"https:\/\/i0.wp.com\/blog-alexis.monville.com\/en\/wp-content\/uploads\/sites\/2\/2014\/08\/2014-08-21-09.05.06-scaled.jpg?fit=1200%2C900&ssl=1&resize=350%2C200","width":350,"height":200,"srcset":"https:\/\/i0.wp.com\/blog-alexis.monville.com\/en\/wp-content\/uploads\/sites\/2\/2014\/08\/2014-08-21-09.05.06-scaled.jpg?fit=1200%2C900&ssl=1&resize=350%2C200 1x, https:\/\/i0.wp.com\/blog-alexis.monville.com\/en\/wp-content\/uploads\/sites\/2\/2014\/08\/2014-08-21-09.05.06-scaled.jpg?fit=1200%2C900&ssl=1&resize=525%2C300 1.5x, https:\/\/i0.wp.com\/blog-alexis.monville.com\/en\/wp-content\/uploads\/sites\/2\/2014\/08\/2014-08-21-09.05.06-scaled.jpg?fit=1200%2C900&ssl=1&resize=700%2C400 2x, https:\/\/i0.wp.com\/blog-alexis.monville.com\/en\/wp-content\/uploads\/sites\/2\/2014\/08\/2014-08-21-09.05.06-scaled.jpg?fit=1200%2C900&ssl=1&resize=1050%2C600 3x"},"classes":[]},{"id":1463,"url":"https:\/\/blog-alexis.monville.com\/en\/2012\/09\/07\/ale2012-quest-ce-quune-keynote\/","url_meta":{"origin":1934,"position":1},"title":"ALE2012 &#8211; qu&#8217;est-ce qu&#8217;une keynote ?","author":"Alexis","date":"September 7, 2012","format":false,"excerpt":"C'est lors d'une discussion autour d'un verre \u00e0 la sortie d'ALE que la question a \u00e9t\u00e9 abord\u00e9e. Nous partagions nos points de vue sur les Keynotes de l'\u00e9dition 2012 de la conf\u00e9rence annuelle du r\u00e9seau Agile Lean Europe (ALE Network). \"Nous\" ici ce sont Pablo, Duarte, Stephen, Oana et quelques\u2026","rel":"","context":"In &quot;General&quot;","block_context":{"text":"General","link":"https:\/\/blog-alexis.monville.com\/en\/category\/all\/"},"img":{"alt_text":"","src":"https:\/\/i0.wp.com\/blog-alexis.monville.com\/en\/wp-content\/uploads\/sites\/2\/2012\/09\/ALE2012-1-scaled.jpg?fit=1200%2C900&ssl=1&resize=350%2C200","width":350,"height":200,"srcset":"https:\/\/i0.wp.com\/blog-alexis.monville.com\/en\/wp-content\/uploads\/sites\/2\/2012\/09\/ALE2012-1-scaled.jpg?fit=1200%2C900&ssl=1&resize=350%2C200 1x, https:\/\/i0.wp.com\/blog-alexis.monville.com\/en\/wp-content\/uploads\/sites\/2\/2012\/09\/ALE2012-1-scaled.jpg?fit=1200%2C900&ssl=1&resize=525%2C300 1.5x, https:\/\/i0.wp.com\/blog-alexis.monville.com\/en\/wp-content\/uploads\/sites\/2\/2012\/09\/ALE2012-1-scaled.jpg?fit=1200%2C900&ssl=1&resize=700%2C400 2x, https:\/\/i0.wp.com\/blog-alexis.monville.com\/en\/wp-content\/uploads\/sites\/2\/2012\/09\/ALE2012-1-scaled.jpg?fit=1200%2C900&ssl=1&resize=1050%2C600 3x"},"classes":[]},{"id":77,"url":"https:\/\/blog-alexis.monville.com\/en\/2007\/12\/06\/la-fin-de-ladministration-electronique\/","url_meta":{"origin":1934,"position":2},"title":"La fin de l&#8217;administration \u00e9lectronique","author":"Alexis","date":"December 6, 2007","format":false,"excerpt":"A quelques jours de la fin du programme ADELE 2004\/2007, quelle sera la suite donn\u00e9e ? Est-ce la fin de l'administration \u00e9lectronique ? L'objectif de transformation en profondeur du service public par l'usage des technologies de l'information et de la communication (TIC) a \u00e9t\u00e9 confondu \u00e0 l'origine avec la d\u00e9mat\u00e9rialisation\u2026","rel":"","context":"In &quot;General&quot;","block_context":{"text":"General","link":"https:\/\/blog-alexis.monville.com\/en\/category\/all\/"},"img":{"alt_text":"","src":"","width":0,"height":0},"classes":[]},{"id":101,"url":"https:\/\/blog-alexis.monville.com\/en\/2008\/06\/10\/un-jour-une-oeuvre\/","url_meta":{"origin":1934,"position":3},"title":"Un jour, une \u0153uvre","author":"Alexis","date":"June 10, 2008","format":false,"excerpt":"Un jour, une \u0153uvre est le nom du site Internet que je lance aujourd'hui, 10 juin 2008. L'objectif est de pr\u00e9senter une simple photo d'une \u0153uvre d'art assortie de quelques liens \u00e0 suivre... Premier jalon d'un jeu de piste \u00e0 suivre seul, \u00e0 l'\u00e9cole, en famille, entre amis... Un jour\u2026","rel":"","context":"In &quot;General&quot;","block_context":{"text":"General","link":"https:\/\/blog-alexis.monville.com\/en\/category\/all\/"},"img":{"alt_text":"","src":"https:\/\/unjouruneoeuvre.files.wordpress.com\/2008\/06\/unjouruneoeuvre_titre_200.gif?w=350&h=200&crop=1","width":350,"height":200},"classes":[]},{"id":66,"url":"https:\/\/blog-alexis.monville.com\/en\/2007\/05\/27\/pour-un-%c2%ab-summer-of-code-%c2%bb-a-la-francaise\/","url_meta":{"origin":1934,"position":4},"title":"Pour un \u00ab Summer of Code \u00bb \u00e0 la fran\u00e7aise","author":"Alexis","date":"May 27, 2007","format":false,"excerpt":"Google organise pour la troisi\u00e8me ann\u00e9e cons\u00e9cutive, le Google Summer of Code. Le succ\u00e8s de l'\u00e9v\u00e8nement ne se d\u00e9ment pas : 600 participants pour cette ann\u00e9e 2007. Le principe est simple, des organisations proposant des \u00e9volutions de logiciels libres sont candidates pour devenir tuteurs, suite \u00e0 cela des \u00e9tudiants se\u2026","rel":"","context":"In &quot;General&quot;","block_context":{"text":"General","link":"https:\/\/blog-alexis.monville.com\/en\/category\/all\/"},"img":{"alt_text":"","src":"","width":0,"height":0},"classes":[]},{"id":1064,"url":"https:\/\/blog-alexis.monville.com\/en\/2011\/02\/05\/lift11-troisieme-jour\/","url_meta":{"origin":1934,"position":5},"title":"Lift11 : troisi\u00e8me jour","author":"Alexis","date":"February 5, 2011","format":false,"excerpt":"Hasan Elahi, a \u00e9t\u00e9 arr\u00eat\u00e9 en 2002 \u00e0 son retour aux Etats-Unis et suspect\u00e9 d'\u00eatre un terroriste... A partir de ce moment, m\u00eame une fois qu'il a \u00e9t\u00e9 d\u00e9montr\u00e9 qu'il n'\u00e9tait pas un terroriste, il devait informer le FBI de tout ses d\u00e9placements. Il a alors d\u00e9cid\u00e9, de rendre ces\u2026","rel":"","context":"In &quot;Europe&quot;","block_context":{"text":"Europe","link":"https:\/\/blog-alexis.monville.com\/en\/category\/international\/europe\/"},"img":{"alt_text":"","src":"https:\/\/i0.wp.com\/blog-alexis.monville.com\/files\/2011\/02\/IMG_0664-300x225.jpg?resize=350%2C200&ssl=1","width":350,"height":200},"classes":[]}],"jetpack_sharing_enabled":true,"_links":{"self":[{"href":"https:\/\/blog-alexis.monville.com\/en\/wp-json\/wp\/v2\/posts\/1934","targetHints":{"allow":["GET"]}}],"collection":[{"href":"https:\/\/blog-alexis.monville.com\/en\/wp-json\/wp\/v2\/posts"}],"about":[{"href":"https:\/\/blog-alexis.monville.com\/en\/wp-json\/wp\/v2\/types\/post"}],"author":[{"embeddable":true,"href":"https:\/\/blog-alexis.monville.com\/en\/wp-json\/wp\/v2\/users\/1"}],"replies":[{"embeddable":true,"href":"https:\/\/blog-alexis.monville.com\/en\/wp-json\/wp\/v2\/comments?post=1934"}],"version-history":[{"count":4,"href":"https:\/\/blog-alexis.monville.com\/en\/wp-json\/wp\/v2\/posts\/1934\/revisions"}],"predecessor-version":[{"id":1940,"href":"https:\/\/blog-alexis.monville.com\/en\/wp-json\/wp\/v2\/posts\/1934\/revisions\/1940"}],"wp:featuredmedia":[{"embeddable":true,"href":"https:\/\/blog-alexis.monville.com\/en\/wp-json\/wp\/v2\/media\/1935"}],"wp:attachment":[{"href":"https:\/\/blog-alexis.monville.com\/en\/wp-json\/wp\/v2\/media?parent=1934"}],"wp:term":[{"taxonomy":"category","embeddable":true,"href":"https:\/\/blog-alexis.monville.com\/en\/wp-json\/wp\/v2\/categories?post=1934"},{"taxonomy":"post_tag","embeddable":true,"href":"https:\/\/blog-alexis.monville.com\/en\/wp-json\/wp\/v2\/tags?post=1934"}],"curies":[{"name":"wp","href":"https:\/\/api.w.org\/{rel}","templated":true}]}}