{"id":1907,"date":"2014-06-25T09:19:41","date_gmt":"2014-06-25T07:19:41","guid":{"rendered":"https:\/\/blog-alexis.monville.com\/?p=1907"},"modified":"2014-06-25T09:22:08","modified_gmt":"2014-06-25T07:22:08","slug":"open-innovation","status":"publish","type":"post","link":"https:\/\/blog-alexis.monville.com\/en\/2014\/06\/25\/open-innovation\/","title":{"rendered":"Open Innovation"},"content":{"rendered":"<p>Ce 12 juin 2014, <a title=\"All Our Patent Are Belong To You\" href=\"http:\/\/www.teslamotors.com\/blog\/all-our-patent-are-belong-you\" target=\"_blank\">une annonce d&#8217;Elon Musk<\/a>, le CEO de Tesla Motors, est venue secouer l&#8217;\u00e9cosyst\u00e8me automobile.<\/p>\n<p>L&#8217;annonce titr\u00e9e :\u00a0<strong>All Our Patent Are Belong To You<\/strong>, d\u00e9clarait\u00a0que toute la technologie d\u00e9velopp\u00e9e et brevet\u00e9e par Tesla, \u00a0\u00e9tait \u00e0 pr\u00e9sent disponible pour qui voudrait l&#8217;utiliser, de bonne foie, dans l&#8217;esprit des projets Open Source.<\/p>\n<p>Je n&#8217;ai pas encore vu si cette annonce allait \u00eatre suivi d&#8217;une ouverture plus forte des travaux de Tesla, avec peut-\u00eatre des possibilit\u00e9s de contributions d&#8217;autres acteurs du domaine, sur une plate-forme ouverte, avec la mise en place de licence Open Source&#8230; Mais ce premier pas est d\u00e9j\u00e0 \u00e9norme.<\/p>\n<p>Cette annonce a re\u00e7u une pluie de commentaires positifs et attir\u00e9 aussi des d\u00e9tracteurs expliquant que l&#8217;int\u00e9r\u00eat de Tesla n&#8217;\u00e9tait pas qu&#8217;altruiste puisqu&#8217;ils tireraient b\u00e9n\u00e9fices de cette ouverture en faisant \u00e9merger leurs solutions comme des\u00a0standards.<\/p>\n<p>J&#8217;appr\u00e9cie \u00e9videment que ces commentaires fassent ressortir un des b\u00e9n\u00e9fices d&#8217;une approche Open Source. Celui de faire que les contributeurs \u00e0 une solution, plut\u00f4t que de gaspiller de l&#8217;\u00e9nergie \u00e0 se combattre \u00e0 coup d&#8217;incompatibilit\u00e9s, fassent \u00e9merger des standards permettant de mutualiser les ressources.<\/p>\n<p>En tant qu&#8217;utilisateur, je serai tr\u00e8s heureux de pouvoir brancher mon auto sur n&#8217;importe quel syst\u00e8me de n&#8217;importe quelle marque.<\/p>\n<p>J&#8217;en profite pour mettre en avant deux articles, le premier du <a title=\"Red Hat CEO tips his hat to Tesla\" href=\"http:\/\/www.bizjournals.com\/triangle\/blog\/techflash\/2014\/06\/red-hat-ceo-tips-his-hat-to-tesla.html?page=2\" target=\"_blank\">CEO de Red Hat tirant son chapeau \u00e0 Tesla<\/a>, le second dans <a title=\"Tesla opens up their secrets\" href=\"http:\/\/opensource.com\/business\/14\/6\/tesla-opens-patent-secrets\" target=\"_blank\">OpenSource.com revenant sur les r\u00e9actions vari\u00e9s suite \u00e0 l&#8217;annonce<\/a>.\u00a0 Et dans le premier, Jim Whitehurst parle aussi d&#8217;<a href=\"http:\/\/www.enovance.com\" target=\"_blank\">eNovance<\/a>&#8230;<\/p>\n<p>&nbsp;<\/p>\n<p><em>Le choix du titre de l&#8217;annonce est plut\u00f4t dr\u00f4le n&#8217;est-ce pas ? Si vous vous demandez pourquoi, jetez un oeil \u00e0 cela : <a href=\"http:\/\/knowyourmeme.com\/memes\/all-your-base-are-belong-to-us\" target=\"_blank\">All Your Base Are Belong To Us<\/a>.<\/em><\/p>\n","protected":false},"excerpt":{"rendered":"<p>Ce 12 juin 2014, une annonce d&#8217;Elon Musk, le CEO de Tesla Motors, est venue secouer l&#8217;\u00e9cosyst\u00e8me automobile. L&#8217;annonce titr\u00e9e :\u00a0All Our Patent Are Belong To You, d\u00e9clarait\u00a0que toute la technologie d\u00e9velopp\u00e9e et brevet\u00e9e par Tesla, \u00a0\u00e9tait \u00e0 pr\u00e9sent disponible pour qui voudrait l&#8217;utiliser, de bonne foie, dans l&#8217;esprit des projets Open Source. Je n&#8217;ai [&hellip;]<\/p>\n","protected":false},"author":1,"featured_media":1908,"comment_status":"open","ping_status":"open","sticky":false,"template":"","format":"standard","meta":{"advanced_seo_description":"","jetpack_seo_html_title":"","jetpack_seo_noindex":false,"jetpack_post_was_ever_published":false,"_jetpack_newsletter_access":"","_jetpack_dont_email_post_to_subs":false,"_jetpack_newsletter_tier_id":0,"_jetpack_memberships_contains_paywalled_content":false,"_jetpack_memberships_contains_paid_content":false,"footnotes":""},"categories":[7],"tags":[236,321],"class_list":["post-1907","post","type-post","status-publish","format-standard","has-post-thumbnail","hentry","category-international","tag-innovation","tag-open-source"],"jetpack_featured_media_url":"https:\/\/i0.wp.com\/blog-alexis.monville.com\/en\/wp-content\/uploads\/sites\/2\/2014\/06\/tesla-roadster-model-s.jpg?fit=1500%2C1001&ssl=1","jetpack_shortlink":"https:\/\/wp.me\/paNjQG-uL","jetpack-related-posts":[{"id":1422,"url":"https:\/\/blog-alexis.monville.com\/en\/2012\/04\/28\/tedxbordeaux-5\/","url_meta":{"origin":1907,"position":0},"title":"TEDxBordeaux","author":"Alexis","date":"April 28, 2012","format":false,"excerpt":"La deuxi\u00e8me r\u00e9union pl\u00e9ni\u00e8re de l'\u00e9quipe d'organisation de TEDxBordeaux 2012 s'est tenue hier au TnBA (Th\u00e9atre national de Bordeaux en Aquitaine). Bel enthousiasme pour la vingtaine de participants pr\u00e9sents ! Tr\u00e8s heureux de prendre part \u00e0 l'organisation cette ann\u00e9e encore ! TEDxBordeaux est organis\u00e9 cette ann\u00e9e sous la conduite de\u2026","rel":"","context":"In &quot;ayeba&quot;","block_context":{"text":"ayeba","link":"https:\/\/blog-alexis.monville.com\/en\/category\/ayeba\/"},"img":{"alt_text":"","src":"https:\/\/i0.wp.com\/blog-alexis.monville.com\/en\/wp-content\/uploads\/sites\/2\/2012\/04\/TEDxBordeaux_Noir_Carre.png?fit=500%2C500&ssl=1&resize=350%2C200","width":350,"height":200},"classes":[]},{"id":1079,"url":"https:\/\/blog-alexis.monville.com\/en\/2011\/03\/29\/tedxalger\/","url_meta":{"origin":1907,"position":1},"title":"TEDxAlger","author":"Alexis","date":"March 29, 2011","format":false,"excerpt":"Le 9 avril se tiendra \u00e0 Alger le premier \u00e9v\u00e9nement TEDx d'Algerie, le TEDxAlger. Fadhila Brahimi (Personal Branding) est le premier intervenant annonc\u00e9 pour cette \u00e9dition. L'organisation a propos\u00e9 un concours dont le but est de d\u00e9couvrir les intervenants et permettant de gagner sa participation \u00e0 l'\u00e9v\u00e9nement. Ce premier TEDx\u2026","rel":"","context":"In &quot;International&quot;","block_context":{"text":"International","link":"https:\/\/blog-alexis.monville.com\/en\/category\/international\/"},"img":{"alt_text":"","src":"https:\/\/i0.wp.com\/www.tedxalger.com\/templates\/gk_yourshop\/images\/style2\/logo.png?resize=350%2C200","width":350,"height":200},"classes":[]},{"id":1535,"url":"https:\/\/blog-alexis.monville.com\/en\/2013\/03\/27\/42-une-nouvelle-ecole\/","url_meta":{"origin":1907,"position":2},"title":"42, une nouvelle \u00e9cole","author":"Alexis","date":"March 27, 2013","format":false,"excerpt":"Cela fait des ann\u00e9es que j'entends parler des difficult\u00e9s de recrutement des entreprises. Je participe \u00e9galement \u00e0 cela, c'est vrai. Aujourd'hui, vient d'\u00eatre annonc\u00e9 la cr\u00e9ation d'une nouvelle \u00e9cole d'informatique, priv\u00e9e et gratuite, financ\u00e9e par des entrepreneurs ayant des besoins de recrutement. (\u00e0 moins que ce ne soit financ\u00e9 par\u2026","rel":"","context":"In &quot;General&quot;","block_context":{"text":"General","link":"https:\/\/blog-alexis.monville.com\/en\/category\/all\/"},"img":{"alt_text":"logo42-site","src":"https:\/\/i0.wp.com\/blog-alexis.monville.com\/wp-content\/uploads\/sites\/2\/2013\/03\/logo42-site.gif?resize=350%2C200&ssl=1","width":350,"height":200},"classes":[]},{"id":274,"url":"https:\/\/blog-alexis.monville.com\/en\/2008\/12\/04\/acheter-au-bon-prix\/","url_meta":{"origin":1907,"position":3},"title":"Acheter au bon prix","author":"Alexis","date":"December 4, 2008","format":false,"excerpt":"Lors d'une r\u00e9union entre acheteurs et responsables des syst\u00e8mes d'information de plusieurs organisations, il a \u00e9t\u00e9 abord\u00e9 la question du bon niveau de r\u00e9duction par rapport au tarif public des licences d'une solution informatique. Sachant que le co\u00fbt de maintenance annuel obligatoire \u00e9tait de 22% du prix initial, il \u00e9tait\u2026","rel":"","context":"In &quot;General&quot;","block_context":{"text":"General","link":"https:\/\/blog-alexis.monville.com\/en\/category\/all\/"},"img":{"alt_text":"","src":"","width":0,"height":0},"classes":[]},{"id":894,"url":"https:\/\/blog-alexis.monville.com\/en\/2010\/09\/16\/communautes-et-organisations\/","url_meta":{"origin":1907,"position":4},"title":"Communaut\u00e9s et Organisations","author":"Alexis","date":"September 16, 2010","format":false,"excerpt":"B\u00e9n\u00e9dicte Taillebois, Luc Bizeul, S\u00e9bastien Douche, Fr\u00e9d\u00e9ric Freiss et Jean-Michel Huten \u00e9taient \u00e0 La Cantine ce mercredi 15 septembre pour la r\u00e9p\u00e9tition de la conf\u00e9rence \"Comment les entreprises b\u00e9n\u00e9ficient-elles des communaut\u00e9s ?\" qui se d\u00e9roulera le 1er octobre de 11h \u00e0 12h30 durant l'OpenWorldForum. Je les remercie chaleureusement pour leurs\u2026","rel":"","context":"In &quot;Interventions&quot;","block_context":{"text":"Interventions","link":"https:\/\/blog-alexis.monville.com\/en\/category\/interventions\/"},"img":{"alt_text":"","src":"","width":0,"height":0},"classes":[]},{"id":783,"url":"https:\/\/blog-alexis.monville.com\/en\/2010\/03\/05\/la-croissance-par-le-partage\/","url_meta":{"origin":1907,"position":5},"title":"La croissance par le partage","author":"Alexis","date":"March 5, 2010","format":false,"excerpt":"Charles-H. Schulz d'Ars Aperta, a anim\u00e9 \u00a0\u00e0 La Cantine une table-ronde sur les mod\u00e8les de d\u00e9veloppement et de collaboration au sein des projets du logiciel libre : - Tristan Nitot, Mozilla Europe - Nicolas Barcet, Ubuntu (Canonical) - Louis Montagne, Bearstech - John Lejeune, Hackable Devices - Luis Belmar, Itaapy\u2026","rel":"","context":"In &quot;International&quot;","block_context":{"text":"International","link":"https:\/\/blog-alexis.monville.com\/en\/category\/international\/"},"img":{"alt_text":"","src":"","width":0,"height":0},"classes":[]}],"jetpack_sharing_enabled":true,"_links":{"self":[{"href":"https:\/\/blog-alexis.monville.com\/en\/wp-json\/wp\/v2\/posts\/1907","targetHints":{"allow":["GET"]}}],"collection":[{"href":"https:\/\/blog-alexis.monville.com\/en\/wp-json\/wp\/v2\/posts"}],"about":[{"href":"https:\/\/blog-alexis.monville.com\/en\/wp-json\/wp\/v2\/types\/post"}],"author":[{"embeddable":true,"href":"https:\/\/blog-alexis.monville.com\/en\/wp-json\/wp\/v2\/users\/1"}],"replies":[{"embeddable":true,"href":"https:\/\/blog-alexis.monville.com\/en\/wp-json\/wp\/v2\/comments?post=1907"}],"version-history":[{"count":3,"href":"https:\/\/blog-alexis.monville.com\/en\/wp-json\/wp\/v2\/posts\/1907\/revisions"}],"predecessor-version":[{"id":1911,"href":"https:\/\/blog-alexis.monville.com\/en\/wp-json\/wp\/v2\/posts\/1907\/revisions\/1911"}],"wp:featuredmedia":[{"embeddable":true,"href":"https:\/\/blog-alexis.monville.com\/en\/wp-json\/wp\/v2\/media\/1908"}],"wp:attachment":[{"href":"https:\/\/blog-alexis.monville.com\/en\/wp-json\/wp\/v2\/media?parent=1907"}],"wp:term":[{"taxonomy":"category","embeddable":true,"href":"https:\/\/blog-alexis.monville.com\/en\/wp-json\/wp\/v2\/categories?post=1907"},{"taxonomy":"post_tag","embeddable":true,"href":"https:\/\/blog-alexis.monville.com\/en\/wp-json\/wp\/v2\/tags?post=1907"}],"curies":[{"name":"wp","href":"https:\/\/api.w.org\/{rel}","templated":true}]}}