{"id":1902,"date":"2014-06-23T12:24:11","date_gmt":"2014-06-23T10:24:11","guid":{"rendered":"https:\/\/blog-alexis.monville.com\/?p=1902"},"modified":"2014-06-23T12:24:11","modified_gmt":"2014-06-23T10:24:11","slug":"fete-de-la-musique","status":"publish","type":"post","link":"https:\/\/blog-alexis.monville.com\/en\/2014\/06\/23\/fete-de-la-musique\/","title":{"rendered":"F\u00eate de la Musique"},"content":{"rendered":"<p><a href=\"http:\/\/uatea.bandcamp.com\/\"><img data-recalc-dims=\"1\" loading=\"lazy\" decoding=\"async\" data-attachment-id=\"1903\" data-permalink=\"https:\/\/blog-alexis.monville.com\/en\/2014\/06\/23\/fete-de-la-musique\/uatea\/\" data-orig-file=\"https:\/\/i0.wp.com\/blog-alexis.monville.com\/en\/wp-content\/uploads\/sites\/2\/2014\/06\/uatea.jpg?fit=600%2C600&amp;ssl=1\" data-orig-size=\"600,600\" data-comments-opened=\"1\" data-image-meta=\"{&quot;aperture&quot;:&quot;0&quot;,&quot;credit&quot;:&quot;&quot;,&quot;camera&quot;:&quot;&quot;,&quot;caption&quot;:&quot;&quot;,&quot;created_timestamp&quot;:&quot;0&quot;,&quot;copyright&quot;:&quot;&quot;,&quot;focal_length&quot;:&quot;0&quot;,&quot;iso&quot;:&quot;0&quot;,&quot;shutter_speed&quot;:&quot;0&quot;,&quot;title&quot;:&quot;&quot;}\" data-image-title=\"uatea\" data-image-description=\"\" data-image-caption=\"\" data-large-file=\"https:\/\/i0.wp.com\/blog-alexis.monville.com\/en\/wp-content\/uploads\/sites\/2\/2014\/06\/uatea.jpg?fit=600%2C600&amp;ssl=1\" class=\"alignleft size-medium wp-image-1903\" src=\"https:\/\/i0.wp.com\/blog-alexis.monville.com\/wp-content\/uploads\/sites\/2\/2014\/06\/uatea-300x300.jpg?resize=300%2C300&#038;ssl=1\" alt=\"uatea\" width=\"300\" height=\"300\" srcset=\"https:\/\/i0.wp.com\/blog-alexis.monville.com\/en\/wp-content\/uploads\/sites\/2\/2014\/06\/uatea.jpg?resize=300%2C300&amp;ssl=1 300w, https:\/\/i0.wp.com\/blog-alexis.monville.com\/en\/wp-content\/uploads\/sites\/2\/2014\/06\/uatea.jpg?resize=150%2C150&amp;ssl=1 150w, https:\/\/i0.wp.com\/blog-alexis.monville.com\/en\/wp-content\/uploads\/sites\/2\/2014\/06\/uatea.jpg?w=600&amp;ssl=1 600w\" sizes=\"auto, (max-width: 300px) 100vw, 300px\" \/><\/a><a href=\"http:\/\/uatea.bandcamp.com\/\" target=\"_blank\">UA TEA<\/a> est ma d\u00e9couverte pr\u00e9f\u00e9r\u00e9e de cette f\u00eate de la musique.<\/p>\n<p>Je vous encourage \u00e0 d\u00e9couvrir aussi \ud83d\ude42<\/p>\n","protected":false},"excerpt":{"rendered":"<p>UA TEA est ma d\u00e9couverte pr\u00e9f\u00e9r\u00e9e de cette f\u00eate de la musique. Je vous encourage \u00e0 d\u00e9couvrir aussi \ud83d\ude42<\/p>\n","protected":false},"author":1,"featured_media":1904,"comment_status":"open","ping_status":"open","sticky":false,"template":"","format":"standard","meta":{"advanced_seo_description":"","jetpack_seo_html_title":"","jetpack_seo_noindex":false,"jetpack_post_was_ever_published":false,"_jetpack_newsletter_access":"","_jetpack_dont_email_post_to_subs":false,"_jetpack_newsletter_tier_id":0,"_jetpack_memberships_contains_paywalled_content":false,"_jetpack_memberships_contains_paid_content":false,"footnotes":""},"categories":[9],"tags":[],"class_list":["post-1902","post","type-post","status-publish","format-standard","has-post-thumbnail","hentry","category-musique"],"jetpack_featured_media_url":"https:\/\/i0.wp.com\/blog-alexis.monville.com\/en\/wp-content\/uploads\/sites\/2\/2014\/06\/2014-06-21-22.30.15-scaled.jpg?fit=2560%2C1920&ssl=1","jetpack_shortlink":"https:\/\/wp.me\/paNjQG-uG","jetpack-related-posts":[{"id":950,"url":"https:\/\/blog-alexis.monville.com\/en\/2010\/11\/17\/trio-laid\/","url_meta":{"origin":1902,"position":0},"title":"Trio Laid","author":"Alexis","date":"November 17, 2010","format":false,"excerpt":"Cette illustration est celle de l'Album de d\u00e9mo du Trio Laid. Fantastique Trio Laid devrais-je dire ! Quel spectacle, quel jeu ! Je les ai d\u00e9couvert lors de l'anniversaire de l'ami Ivan (50 quand m\u00eame) et m\u00eame dans l'espace confin\u00e9 qui leur \u00e9tait r\u00e9serv\u00e9, les faciles cinquante que nous \u00e9tions\u2026","rel":"","context":"In &quot;musique&quot;","block_context":{"text":"musique","link":"https:\/\/blog-alexis.monville.com\/en\/category\/musique\/"},"img":{"alt_text":"","src":"https:\/\/i0.wp.com\/c2.ac-images.myspacecdn.com\/images02\/121\/l_65b8d47ed1c74f96bbefdb0c4950c819.jpg?resize=350%2C200","width":350,"height":200},"classes":[]},{"id":1085,"url":"https:\/\/blog-alexis.monville.com\/en\/2011\/04\/13\/tedxbordeaux-2\/","url_meta":{"origin":1902,"position":1},"title":"TEDxBordeaux","author":"Alexis","date":"April 13, 2011","format":false,"excerpt":"Ceux qui suivent ce blog (merci au fait ;-) ) le savent d\u00e9j\u00e0, je contribue avec une petite \u00e9quipe b\u00e9n\u00e9vole \u00e0 faire exister le premier TEDxBordeaux. Il se d\u00e9roulera le samedi 28 mai 2011 dans l\u2019auditorium du CAPC (Mus\u00e9e d\u2019art contemporain de Bordeaux). Suivant le principe de TED et \u00e0\u2026","rel":"","context":"In &quot;Interventions&quot;","block_context":{"text":"Interventions","link":"https:\/\/blog-alexis.monville.com\/en\/category\/interventions\/"},"img":{"alt_text":"","src":"","width":0,"height":0},"classes":[]},{"id":96,"url":"https:\/\/blog-alexis.monville.com\/en\/2008\/05\/28\/civilisation-du-numerique\/","url_meta":{"origin":1902,"position":2},"title":"Civilisation du num\u00e9rique","author":"Alexis","date":"May 28, 2008","format":false,"excerpt":"Civilisation du num\u00e9rique : Controle et responsabilisation C'est le titre de la conf\u00e9rence que Jo\u00ebl de Rosnay a donn\u00e9e le 28 mai \u00e0 la Cit\u00e9 des Sciences, j'avais suivis les pr\u00e9c\u00e9dentes conf\u00e9rences du cycle : \"En 2030, vivrons-nous en r\u00e9seau ?\" en diff\u00e9r\u00e9 et par Internet... Cette fois, j'avais fait\u2026","rel":"","context":"In &quot;General&quot;","block_context":{"text":"General","link":"https:\/\/blog-alexis.monville.com\/en\/category\/all\/"},"img":{"alt_text":"","src":"","width":0,"height":0},"classes":[]},{"id":843,"url":"https:\/\/blog-alexis.monville.com\/en\/2010\/06\/21\/carrefour-des-possibles-3\/","url_meta":{"origin":1902,"position":3},"title":"Carrefour des Possibles","author":"Alexis","date":"June 21, 2010","format":false,"excerpt":"Le prochain Carrefour des Possibles se d\u00e9roulera le 30 juin 2010 \u00e0 18h au th\u00e9\u00e2tre de l'Europ\u00e9en. Un Carrefour qui f\u00eate \u00e9galement les 10 ans de la FING ! Une \u00e9dition partant \u00e0 la rencontre des participants ayant marqu\u00e9s l'histoire des Carrefour, avec par exemple : Spark Angels, premier service\u2026","rel":"","context":"In &quot;General&quot;","block_context":{"text":"General","link":"https:\/\/blog-alexis.monville.com\/en\/category\/all\/"},"img":{"alt_text":"","src":"https:\/\/i0.wp.com\/doc.openfing.org\/FING\/LAFING\/ELEMENTS_GRAPHIQUES\/cdp_70.jpg?resize=350%2C200","width":350,"height":200},"classes":[]},{"id":1507,"url":"https:\/\/blog-alexis.monville.com\/en\/2013\/02\/01\/tyrannie-de-la-couleur\/","url_meta":{"origin":1902,"position":4},"title":"Tyrannie de la couleur","author":"Alexis","date":"February 1, 2013","format":false,"excerpt":"Cette fois c'est fait ! Il est maintenant officiellement trop tard pour que je puisse \u00e9crire un article pour vous souhaiter une excellente ann\u00e9e 2013... Mais voil\u00e0, je transgresse et vous souhaite une ann\u00e9e 2013 remplie de sant\u00e9 et de bonheur. La tyrannie de l'arc-en-ciel, est un des livres que\u2026","rel":"","context":"In &quot;General&quot;","block_context":{"text":"General","link":"https:\/\/blog-alexis.monville.com\/en\/category\/all\/"},"img":{"alt_text":"tyrannie-couleur","src":"https:\/\/i0.wp.com\/blog-alexis.monville.com\/wp-content\/uploads\/sites\/2\/2013\/02\/tyrannie-couleur.jpg?resize=350%2C200&ssl=1","width":350,"height":200},"classes":[]},{"id":188,"url":"https:\/\/blog-alexis.monville.com\/en\/2008\/10\/05\/carrefour-des-possibles\/","url_meta":{"origin":1902,"position":5},"title":"Carrefour des possibles","author":"Alexis","date":"October 5, 2008","format":false,"excerpt":"La 52\u00e8me \u00e9dition du Carrefour des possibles \u00e9tait organis\u00e9e par la FING en cl\u00f4ture de la premi\u00e8re journ\u00e9e des entretiens du nouveau monde industriel. La FING qui dans son introduction a pr\u00e9sent\u00e9e l\u2019enqu\u00eate qu\u2019elle r\u00e9alise dans le cadre du programme identit\u00e9s actives : r\u00e9v\u00e9lez votre profil 2.0. 3 coups de\u2026","rel":"","context":"In &quot;General&quot;","block_context":{"text":"General","link":"https:\/\/blog-alexis.monville.com\/en\/category\/all\/"},"img":{"alt_text":"","src":"","width":0,"height":0},"classes":[]}],"jetpack_sharing_enabled":true,"_links":{"self":[{"href":"https:\/\/blog-alexis.monville.com\/en\/wp-json\/wp\/v2\/posts\/1902","targetHints":{"allow":["GET"]}}],"collection":[{"href":"https:\/\/blog-alexis.monville.com\/en\/wp-json\/wp\/v2\/posts"}],"about":[{"href":"https:\/\/blog-alexis.monville.com\/en\/wp-json\/wp\/v2\/types\/post"}],"author":[{"embeddable":true,"href":"https:\/\/blog-alexis.monville.com\/en\/wp-json\/wp\/v2\/users\/1"}],"replies":[{"embeddable":true,"href":"https:\/\/blog-alexis.monville.com\/en\/wp-json\/wp\/v2\/comments?post=1902"}],"version-history":[{"count":1,"href":"https:\/\/blog-alexis.monville.com\/en\/wp-json\/wp\/v2\/posts\/1902\/revisions"}],"predecessor-version":[{"id":1905,"href":"https:\/\/blog-alexis.monville.com\/en\/wp-json\/wp\/v2\/posts\/1902\/revisions\/1905"}],"wp:featuredmedia":[{"embeddable":true,"href":"https:\/\/blog-alexis.monville.com\/en\/wp-json\/wp\/v2\/media\/1904"}],"wp:attachment":[{"href":"https:\/\/blog-alexis.monville.com\/en\/wp-json\/wp\/v2\/media?parent=1902"}],"wp:term":[{"taxonomy":"category","embeddable":true,"href":"https:\/\/blog-alexis.monville.com\/en\/wp-json\/wp\/v2\/categories?post=1902"},{"taxonomy":"post_tag","embeddable":true,"href":"https:\/\/blog-alexis.monville.com\/en\/wp-json\/wp\/v2\/tags?post=1902"}],"curies":[{"name":"wp","href":"https:\/\/api.w.org\/{rel}","templated":true}]}}