{"id":1898,"date":"2014-06-16T16:03:49","date_gmt":"2014-06-16T14:03:49","guid":{"rendered":"https:\/\/blog-alexis.monville.com\/?p=1898"},"modified":"2014-06-16T16:03:49","modified_gmt":"2014-06-16T14:03:49","slug":"inverser-la-pyramide","status":"publish","type":"post","link":"https:\/\/blog-alexis.monville.com\/en\/2014\/06\/16\/inverser-la-pyramide\/","title":{"rendered":"Inverser la pyramide"},"content":{"rendered":"<p>L&#8217;intervention de Vineet Nayar (CEO and vice chairman of HCL Technologies) lors des Mix Mashup est passionnante. Il raconte comment HCL est en transformation continue, et comment ils m\u00e8nent des exp\u00e9rimentations pour permettre \u00e0 chaque personne de HCL de contribuer \u00e0 cr\u00e9er un meilleur service.<\/p>\n<p>L&#8217;exp\u00e9rience de la transformation du traditionnel 360\u00b0 en rendant publique et transparente l&#8217;\u00e9valuation des manager, de la mise en place d&#8217;un syst\u00e8me de ticket d&#8217;incident que les fonctions supports doivent traiter, d&#8217;une \u00e9valuation du niveau de bonheur \u00e0 la cloture du ticket, de la cr\u00e9ation de communaut\u00e9 de passion&#8230; etc&#8230;<\/p>\n<p>A voir pour l&#8217;inspiration !<\/p>\n<p><object name=\"player\" id=\"_fp_0.2601565634831786\" width=\"700\" height=\"393\"    data=\"http:\/\/mixmashup.org\/sites\/all\/libraries\/flowplayer\/flowplayer-3.2.15.swf\"  type=\"application\/x-shockwave-flash\"><param value=\"true\" name=\"allowfullscreen\"\/><param value=\"always\" name=\"allowscriptaccess\"\/><param value=\"transparent\" name=\"wmode\"\/><param value=\"high\" name=\"quality\"\/><param name=\"movie\" value=\"http:\/\/mixmashup.org\/sites\/all\/libraries\/flowplayer\/flowplayer-3.2.15.swf\" \/><param value=\"config=%7B%22playlist%22%3A%5B%7B%22url%22%3A%22http%3A\/\/mixmashup.org\/sites\/default\/files\/media\/posts\/images\/20120619_135710.jpg%22%7D%2C%7B%22autoPlay%22%3Afalse%2C%22autoBuffering%22%3Atrue%2C%22url%22%3A%22http%3A\/\/mixmashup.org\/sites\/default\/files\/media\/posts\/videos\/vineet-nayar-mashup_0.mp4%22%7D%5D%2C%22clip%22%3A%7B%22pageUrl%22%3A%22http%3A\/\/mixmashup.org\/video\/invert-pyramid-distribute-leadership-reverse-accountability%3Futm_source%3DMIX%252BFix%26utm_campaign%3Dec96d0746b-The_MIX_Fix_June_16_2014%26utm_medium%3Demail%26utm_term%3D0_f438b7f975-ec96d0746b-16675490%22%7D%2C%22plugins%22%3A%7B%22sharing%22%3A%7B%22callType%22%3A%22default%22%2C%22share%22%3Afalse%2C%22url%22%3A%22http%3A\/\/mixmashup.org\/sites\/all\/libraries\/flowplayer\/flowplayer.sharing-3.2.14.swf%22%7D%2C%22controls%22%3A%7B%22callType%22%3A%22default%22%2C%22sliderBorder%22%3A%220%22%2C%22backgroundGradient%22%3A%22none%22%2C%22volumeSliderColor%22%3A%22%23CE262D%22%2C%22sliderColor%22%3A%22%23CE262D%22%2C%22tooltipColor%22%3A%22rgba%28255%2C%20255%2C%20255%2C%200.7%29%22%2C%22volumeBorder%22%3A%220%22%2C%22durationColor%22%3A%22%23535353%22%2C%22tooltipTextColor%22%3A%22%23000000%22%2C%22backgroundColor%22%3A%22transparent%22%2C%22timeColor%22%3A%22%23ffffff%22%7D%2C%22dock%22%3A%7B%22horizontal%22%3Atrue%7D%7D%7D\" name=\"flashvars\"\/><\/object><\/p>\n<p>As the ,  embarked on a journey to re-imagine and reinvent the nature of power, leadership, and value creation inside a vast organization. Driven by the belief that the traditional management model\u2014built to serve control-obsessed managers rather than to support customer-obsessed employees\u2014was broken, Vineet launched a series of experiments in promoting transparency, opening up the realm of strategy to all employees, and reversing accountability so managers served frontline employees.<\/p>\n","protected":false},"excerpt":{"rendered":"<p>L&#8217;intervention de Vineet Nayar (CEO and vice chairman of HCL Technologies) lors des Mix Mashup est passionnante. Il raconte comment HCL est en transformation continue, et comment ils m\u00e8nent des exp\u00e9rimentations pour permettre \u00e0 chaque personne de HCL de contribuer \u00e0 cr\u00e9er un meilleur service. L&#8217;exp\u00e9rience de la transformation du traditionnel 360\u00b0 en rendant publique [&hellip;]<\/p>\n","protected":false},"author":1,"featured_media":1899,"comment_status":"open","ping_status":"open","sticky":false,"template":"","format":"standard","meta":{"advanced_seo_description":"","jetpack_seo_html_title":"","jetpack_seo_noindex":false,"jetpack_post_was_ever_published":false,"_jetpack_newsletter_access":"","_jetpack_dont_email_post_to_subs":false,"_jetpack_newsletter_tier_id":0,"_jetpack_memberships_contains_paywalled_content":false,"_jetpack_memberships_contains_paid_content":false,"footnotes":""},"categories":[1],"tags":[284],"class_list":["post-1898","post","type-post","status-publish","format-standard","has-post-thumbnail","hentry","category-all","tag-management"],"jetpack_featured_media_url":"https:\/\/i0.wp.com\/blog-alexis.monville.com\/en\/wp-content\/uploads\/sites\/2\/2014\/06\/Capture-d%E2%80%99%C3%A9cran-2014-06-16-%C3%A0-15.57.49.png?fit=1920%2C1080&ssl=1","jetpack_shortlink":"https:\/\/wp.me\/paNjQG-uC","jetpack-related-posts":[{"id":1651,"url":"https:\/\/blog-alexis.monville.com\/en\/2013\/09\/28\/quand-la-liberte-des-salaries-fait-le-succes-des-entreprises\/","url_meta":{"origin":1898,"position":0},"title":"Quand la libert\u00e9 des salari\u00e9s fait le succ\u00e8s des entreprises","author":"Alexis","date":"September 28, 2013","format":false,"excerpt":"Le titre de cet article reprend le sous-titre du livre d'Isaac Getz et de Brian M. Carney, Libert\u00e9 & Cie. Ce livre explore les modes de fonctionnement d'une quinzaine d'entreprises \"lib\u00e9r\u00e9es\" (comme Harley-Davidson, WL Gore ou FAVI). Qu'est-ce qu'une entreprise lib\u00e9r\u00e9e ? Une entreprise ou on ne dit pas aux\u2026","rel":"","context":"In &quot;livre&quot;","block_context":{"text":"livre","link":"https:\/\/blog-alexis.monville.com\/en\/category\/livre\/"},"img":{"alt_text":"LiberteCie","src":"https:\/\/i0.wp.com\/blog-alexis.monville.com\/wp-content\/uploads\/sites\/2\/2013\/09\/LiberteCie.jpg?resize=350%2C200&ssl=1","width":350,"height":200},"classes":[]},{"id":96,"url":"https:\/\/blog-alexis.monville.com\/en\/2008\/05\/28\/civilisation-du-numerique\/","url_meta":{"origin":1898,"position":1},"title":"Civilisation du num\u00e9rique","author":"Alexis","date":"May 28, 2008","format":false,"excerpt":"Civilisation du num\u00e9rique : Controle et responsabilisation C'est le titre de la conf\u00e9rence que Jo\u00ebl de Rosnay a donn\u00e9e le 28 mai \u00e0 la Cit\u00e9 des Sciences, j'avais suivis les pr\u00e9c\u00e9dentes conf\u00e9rences du cycle : \"En 2030, vivrons-nous en r\u00e9seau ?\" en diff\u00e9r\u00e9 et par Internet... Cette fois, j'avais fait\u2026","rel":"","context":"In &quot;General&quot;","block_context":{"text":"General","link":"https:\/\/blog-alexis.monville.com\/en\/category\/all\/"},"img":{"alt_text":"","src":"","width":0,"height":0},"classes":[]},{"id":816,"url":"https:\/\/blog-alexis.monville.com\/en\/2010\/05\/09\/revenu-de-vie\/","url_meta":{"origin":1898,"position":2},"title":"Revenu de Vie","author":"Alexis","date":"May 9, 2010","format":false,"excerpt":"Avez-vous d\u00e9j\u00e0 entendu parler du Revenu de Vie ? Peut-\u00eatre \u00eates-vous d\u00e9j\u00e0 signataire de l'Appel pour un Revenu de Vie ? Peut-\u00eatre avez-vous envie d'en savoir plus avant de vous engager dans la promotion de cette \u00e9volution de notre soci\u00e9t\u00e9 ? Qu'est-ce que le Revenu de Vie ? L'id\u00e9e du\u2026","rel":"","context":"In &quot;General&quot;","block_context":{"text":"General","link":"https:\/\/blog-alexis.monville.com\/en\/category\/all\/"},"img":{"alt_text":"","src":"https:\/\/i0.wp.com\/blog-alexis.monville.com\/wp-content\/uploads\/sites\/2\/2010\/05\/pzado-pathway1.jpg?resize=350%2C200&ssl=1","width":350,"height":200},"classes":[]},{"id":2093,"url":"https:\/\/blog-alexis.monville.com\/en\/2015\/06\/22\/liberte-et-cie-par-le-club-de-lecture\/","url_meta":{"origin":1898,"position":3},"title":"Libert\u00e9 et Cie par le club de lecture","author":"Alexis","date":"June 22, 2015","format":false,"excerpt":"Une nouvelle session de notre nouveau club de lecture \u00e0 Bordeaux se d\u00e9roulait ce samedi 20 juin 2015. Cette fois ci, un peu moins de participants que pr\u00e9vu (\u00e9tait-ce du \u00e0 un ciel trop bleu ?) Claire, Isabel, Fabrice et Patrick se joignait \u00e0 moi pour \u00e9changer autour du livre\u2026","rel":"","context":"In &quot;General&quot;","block_context":{"text":"General","link":"https:\/\/blog-alexis.monville.com\/en\/category\/all\/"},"img":{"alt_text":"","src":"https:\/\/i0.wp.com\/blog-alexis.monville.com\/en\/wp-content\/uploads\/sites\/2\/2015\/06\/2015-06-20-11.51.28-scaled.jpg?fit=891%2C1200&ssl=1&resize=350%2C200","width":350,"height":200,"srcset":"https:\/\/i0.wp.com\/blog-alexis.monville.com\/en\/wp-content\/uploads\/sites\/2\/2015\/06\/2015-06-20-11.51.28-scaled.jpg?fit=891%2C1200&ssl=1&resize=350%2C200 1x, https:\/\/i0.wp.com\/blog-alexis.monville.com\/en\/wp-content\/uploads\/sites\/2\/2015\/06\/2015-06-20-11.51.28-scaled.jpg?fit=891%2C1200&ssl=1&resize=525%2C300 1.5x, https:\/\/i0.wp.com\/blog-alexis.monville.com\/en\/wp-content\/uploads\/sites\/2\/2015\/06\/2015-06-20-11.51.28-scaled.jpg?fit=891%2C1200&ssl=1&resize=700%2C400 2x"},"classes":[]},{"id":1569,"url":"https:\/\/blog-alexis.monville.com\/en\/2013\/04\/21\/radical-management\/","url_meta":{"origin":1898,"position":4},"title":"Radical Management","author":"Alexis","date":"April 21, 2013","format":false,"excerpt":"Radical Management... ou plut\u00f4t\u00a0The Leader's Guide to Radical Management: Reinventing the Workplace for the 21st Century\u00a0est le dernier ouvrage de Stephen Denning. Ce livre propose 7 principes permettant de r\u00e9inventer le management. Steve Denning utilise des exemples r\u00e9\u00e9ls d'entreprises pour illustrer les principes et d\u00e9crire les pratiques associ\u00e9es. Curieux de\u2026","rel":"","context":"In &quot;livre&quot;","block_context":{"text":"livre","link":"https:\/\/blog-alexis.monville.com\/en\/category\/livre\/"},"img":{"alt_text":"radical-management","src":"https:\/\/i0.wp.com\/blog-alexis.monville.com\/wp-content\/uploads\/sites\/2\/2013\/04\/radical-management.jpg?resize=350%2C200&ssl=1","width":350,"height":200},"classes":[]},{"id":84,"url":"https:\/\/blog-alexis.monville.com\/en\/2008\/03\/28\/strategie-dsi-2010\/","url_meta":{"origin":1898,"position":5},"title":"Strat\u00e9gie DSI 2010","author":"Alexis","date":"March 28, 2008","format":false,"excerpt":"Cette conf\u00e9rence r\u00e9unissait, \u00e0 l\u2019initiative de la soci\u00e9t\u00e9 De Gamma\u00a0: Michel Delattre, DSI Groupe La Poste Bernard Dubs, fondateur du BIT Group Jacques-Benoit Lebris, Directeur Business Intelligence Rhodia Eric Tirlemont, Ineum Consulting Gilles Martin, De Gamma Jos\u00e9 Rodrigues, De Gamma Dans le cadre du plan CIGREF 2010, Michel Delattre, a\u2026","rel":"","context":"In &quot;General&quot;","block_context":{"text":"General","link":"https:\/\/blog-alexis.monville.com\/en\/category\/all\/"},"img":{"alt_text":"","src":"","width":0,"height":0},"classes":[]}],"jetpack_sharing_enabled":true,"_links":{"self":[{"href":"https:\/\/blog-alexis.monville.com\/en\/wp-json\/wp\/v2\/posts\/1898","targetHints":{"allow":["GET"]}}],"collection":[{"href":"https:\/\/blog-alexis.monville.com\/en\/wp-json\/wp\/v2\/posts"}],"about":[{"href":"https:\/\/blog-alexis.monville.com\/en\/wp-json\/wp\/v2\/types\/post"}],"author":[{"embeddable":true,"href":"https:\/\/blog-alexis.monville.com\/en\/wp-json\/wp\/v2\/users\/1"}],"replies":[{"embeddable":true,"href":"https:\/\/blog-alexis.monville.com\/en\/wp-json\/wp\/v2\/comments?post=1898"}],"version-history":[{"count":1,"href":"https:\/\/blog-alexis.monville.com\/en\/wp-json\/wp\/v2\/posts\/1898\/revisions"}],"predecessor-version":[{"id":1900,"href":"https:\/\/blog-alexis.monville.com\/en\/wp-json\/wp\/v2\/posts\/1898\/revisions\/1900"}],"wp:featuredmedia":[{"embeddable":true,"href":"https:\/\/blog-alexis.monville.com\/en\/wp-json\/wp\/v2\/media\/1899"}],"wp:attachment":[{"href":"https:\/\/blog-alexis.monville.com\/en\/wp-json\/wp\/v2\/media?parent=1898"}],"wp:term":[{"taxonomy":"category","embeddable":true,"href":"https:\/\/blog-alexis.monville.com\/en\/wp-json\/wp\/v2\/categories?post=1898"},{"taxonomy":"post_tag","embeddable":true,"href":"https:\/\/blog-alexis.monville.com\/en\/wp-json\/wp\/v2\/tags?post=1898"}],"curies":[{"name":"wp","href":"https:\/\/api.w.org\/{rel}","templated":true}]}}