{"id":1846,"date":"2014-05-09T09:14:25","date_gmt":"2014-05-09T07:14:25","guid":{"rendered":"https:\/\/blog-alexis.monville.com\/?p=1846"},"modified":"2014-05-09T09:15:19","modified_gmt":"2014-05-09T07:15:19","slug":"acces-a-leau-potable","status":"publish","type":"post","link":"https:\/\/blog-alexis.monville.com\/en\/2014\/05\/09\/acces-a-leau-potable\/","title":{"rendered":"Acc\u00e8s \u00e0 l&#8217;eau potable"},"content":{"rendered":"<p><a href=\"http:\/\/www.un.org\/waterforlifedecade\/scarcity.shtml\" target=\"_blank\">L&#8217;acc\u00e8s \u00e0 l&#8217;eau potable est le probl\u00e8me le plus critique que l&#8217;humanit\u00e9 doit r\u00e9soudre<\/a> (non ce n&#8217;est pas la dur\u00e9e de vie de la batterie de votre t\u00e9l\u00e9phone mobile&#8230; ou l&#8217;acc\u00e8s \u00e0 la 4G&#8230;).<\/p>\n<p>Arturo Vittori a con\u00e7u un dispositif permettant de capter l&#8217;eau par condensation : le <a href=\"http:\/\/www.architectureandvision.com\/projects\/chronological\/84-projects\/art\/492-073-warkawater-2012?showall=&amp;start=5\" target=\"_blank\">WarkaWater<\/a>. Inspir\u00e9 par le Warka, un arbre que l&#8217;on trouve en Ethiopie, fabriqu\u00e9 \u00e0 partir de mat\u00e9riaux facilement disponible et d&#8217;une mise en oeuvre simple.<\/p>\n<p>Je ne parviens toujours pas \u00e0 comprendre pourquoi ce genre de projets ne sont pas notre priorit\u00e9.<\/p>\n<p><em>(d\u00e9couvert dans <a href=\"http:\/\/www.courrierinternational.com\/article\/2014\/04\/30\/eau-potable-a-regarder-et-a-boire\" target=\"_blank\">Courrier International<\/a>, d&#8217;apr\u00e8s un article de <a href=\"http:\/\/www.wired.com\/2014\/03\/warka-water-africa\/\" target=\"_blank\">Wired<\/a>)<\/em><\/p>\n","protected":false},"excerpt":{"rendered":"<p>L&#8217;acc\u00e8s \u00e0 l&#8217;eau potable est le probl\u00e8me le plus critique que l&#8217;humanit\u00e9 doit r\u00e9soudre (non ce n&#8217;est pas la dur\u00e9e de vie de la batterie de votre t\u00e9l\u00e9phone mobile&#8230; ou l&#8217;acc\u00e8s \u00e0 la 4G&#8230;). Arturo Vittori a con\u00e7u un dispositif permettant de capter l&#8217;eau par condensation : le WarkaWater. Inspir\u00e9 par le Warka, un arbre [&hellip;]<\/p>\n","protected":false},"author":1,"featured_media":1847,"comment_status":"open","ping_status":"open","sticky":false,"template":"","format":"standard","meta":{"advanced_seo_description":"","jetpack_seo_html_title":"","jetpack_seo_noindex":false,"jetpack_post_was_ever_published":false,"_jetpack_newsletter_access":"","_jetpack_dont_email_post_to_subs":false,"_jetpack_newsletter_tier_id":0,"_jetpack_memberships_contains_paywalled_content":false,"_jetpack_memberships_contains_paid_content":false,"footnotes":""},"categories":[1],"tags":[],"class_list":["post-1846","post","type-post","status-publish","format-standard","has-post-thumbnail","hentry","category-all"],"jetpack_featured_media_url":"https:\/\/i0.wp.com\/blog-alexis.monville.com\/en\/wp-content\/uploads\/sites\/2\/2014\/05\/Arturo-Vittori-WarkaWater.png?fit=997%2C502&ssl=1","jetpack_shortlink":"https:\/\/wp.me\/paNjQG-tM","jetpack-related-posts":[{"id":1585,"url":"https:\/\/blog-alexis.monville.com\/en\/2013\/06\/03\/prets-entre-particuliers\/","url_meta":{"origin":1846,"position":0},"title":"Pr\u00eats entre particuliers","author":"Alexis","date":"June 3, 2013","format":false,"excerpt":"hellomerci est un service de pr\u00eats entre particulier. Une des particularit\u00e9s du dispositif est que l'on parle ici de pr\u00eat sans int\u00e9r\u00eat. Ce qui vous motive \u00e0 pr\u00eater de l'argent n'est pas l'hypoth\u00e8se d'un b\u00e9n\u00e9fice financier, mais bien le projet uniquement et l'envie d'\u00eatre solidaire d'un porteur de projet. A\u2026","rel":"","context":"In &quot;General&quot;","block_context":{"text":"General","link":"https:\/\/blog-alexis.monville.com\/en\/category\/all\/"},"img":{"alt_text":"","src":"https:\/\/i0.wp.com\/blog-alexis.monville.com\/en\/wp-content\/uploads\/sites\/2\/2013\/06\/hellomerci-Logo-3.png?fit=1200%2C616&ssl=1&resize=350%2C200","width":350,"height":200,"srcset":"https:\/\/i0.wp.com\/blog-alexis.monville.com\/en\/wp-content\/uploads\/sites\/2\/2013\/06\/hellomerci-Logo-3.png?fit=1200%2C616&ssl=1&resize=350%2C200 1x, https:\/\/i0.wp.com\/blog-alexis.monville.com\/en\/wp-content\/uploads\/sites\/2\/2013\/06\/hellomerci-Logo-3.png?fit=1200%2C616&ssl=1&resize=525%2C300 1.5x, https:\/\/i0.wp.com\/blog-alexis.monville.com\/en\/wp-content\/uploads\/sites\/2\/2013\/06\/hellomerci-Logo-3.png?fit=1200%2C616&ssl=1&resize=700%2C400 2x, https:\/\/i0.wp.com\/blog-alexis.monville.com\/en\/wp-content\/uploads\/sites\/2\/2013\/06\/hellomerci-Logo-3.png?fit=1200%2C616&ssl=1&resize=1050%2C600 3x"},"classes":[]},{"id":91,"url":"https:\/\/blog-alexis.monville.com\/en\/2008\/04\/17\/que-faire-de-l%e2%80%99heritage\/","url_meta":{"origin":1846,"position":1},"title":"Que faire de l\u2019h\u00e9ritage ?","author":"Alexis","date":"April 17, 2008","format":false,"excerpt":"Pour \u00eatre plus pr\u00e9cis : que faire de notre h\u00e9ritage culturel ? Quelles actions mener pour donner acc\u00e8s \u00e0 cet h\u00e9ritage culturel d\u2019une incroyable richesse et diversit\u00e9 dont nous disposons en France ? Quelles actions mener pour assurer sa p\u00e9rennit\u00e9 et permettre son enrichissement continu ? L\u2019acc\u00e8s \u00e0 cet h\u00e9ritage\u2026","rel":"","context":"In &quot;General&quot;","block_context":{"text":"General","link":"https:\/\/blog-alexis.monville.com\/en\/category\/all\/"},"img":{"alt_text":"","src":"","width":0,"height":0},"classes":[]},{"id":1122,"url":"https:\/\/blog-alexis.monville.com\/en\/2011\/06\/13\/les-indignes\/","url_meta":{"origin":1846,"position":2},"title":"Les indign\u00e9s","author":"Alexis","date":"June 13, 2011","format":false,"excerpt":"A l'heure ou les indign\u00e9s quittent la place qu'ils avaient investis depuis le 15 mai \u00e0 Madrid, je reviens sur la revendication qui m'a le plus surpris : Nous voulons la d\u00e9mocratie Surpris, car ce que nous avions commun\u00e9ment admis comme des revendications de d\u00e9mocratie pour la Tunisie, l'Egypte, la\u2026","rel":"","context":"In &quot;General&quot;","block_context":{"text":"General","link":"https:\/\/blog-alexis.monville.com\/en\/category\/all\/"},"img":{"alt_text":"","src":"","width":0,"height":0},"classes":[]},{"id":640,"url":"https:\/\/blog-alexis.monville.com\/en\/2009\/08\/17\/quelles-histoires\/","url_meta":{"origin":1846,"position":3},"title":"Quelles histoires !","author":"Alexis","date":"August 17, 2009","format":false,"excerpt":"Ce ne sont que des histoires ! De toutes petites histoires, qui pourtant vont permettre de faire de grandes choses ! Je parle de \u00ab User Stories \u00bb, et je ne suis pas le seul \u00e0 m'interroger (depuis un certain temps d\u00e9j\u00e0) sur la traduction ad\u00e9quate de ces histoires d'utilisateurs\u2026","rel":"","context":"In &quot;ayeba&quot;","block_context":{"text":"ayeba","link":"https:\/\/blog-alexis.monville.com\/en\/category\/ayeba\/"},"img":{"alt_text":"user-story","src":"https:\/\/i0.wp.com\/ayeba.fr\/files\/2009\/08\/user-story.gif?resize=350%2C200","width":350,"height":200},"classes":[]},{"id":1064,"url":"https:\/\/blog-alexis.monville.com\/en\/2011\/02\/05\/lift11-troisieme-jour\/","url_meta":{"origin":1846,"position":4},"title":"Lift11 : troisi\u00e8me jour","author":"Alexis","date":"February 5, 2011","format":false,"excerpt":"Hasan Elahi, a \u00e9t\u00e9 arr\u00eat\u00e9 en 2002 \u00e0 son retour aux Etats-Unis et suspect\u00e9 d'\u00eatre un terroriste... A partir de ce moment, m\u00eame une fois qu'il a \u00e9t\u00e9 d\u00e9montr\u00e9 qu'il n'\u00e9tait pas un terroriste, il devait informer le FBI de tout ses d\u00e9placements. Il a alors d\u00e9cid\u00e9, de rendre ces\u2026","rel":"","context":"In &quot;Europe&quot;","block_context":{"text":"Europe","link":"https:\/\/blog-alexis.monville.com\/en\/category\/international\/europe\/"},"img":{"alt_text":"","src":"https:\/\/i0.wp.com\/blog-alexis.monville.com\/files\/2011\/02\/IMG_0664-300x225.jpg?resize=350%2C200&ssl=1","width":350,"height":200},"classes":[]},{"id":1101,"url":"https:\/\/blog-alexis.monville.com\/en\/2011\/05\/09\/ujuo-sur-solutions-linux\/","url_meta":{"origin":1846,"position":5},"title":"UJUO sur Solutions Linux","author":"Alexis","date":"May 9, 2011","format":false,"excerpt":"Ce mercredi 11 mai \u00e0 11h00, la p\u00e9dagogie de l'attention Un Jour Une Oeuvre sera pr\u00e9sent\u00e9e lors de la table-ronde : \"La diversit\u00e9 dans le libre \u00e9ducatif\". Regardons Ensemble ! Un Jour Une Oeuvre est une aventure transposant l'approche\u00a0collaborative pratiqu\u00e9e dans le monde du logiciel libre dans le but de\u00a0permettre\u2026","rel":"","context":"In &quot;ayeba&quot;","block_context":{"text":"ayeba","link":"https:\/\/blog-alexis.monville.com\/en\/category\/ayeba\/"},"img":{"alt_text":"","src":"https:\/\/i0.wp.com\/ujuo.org\/wp-content\/uploads\/HLIC\/cd47d7a5964a35b751239b7a767a98b0.gif?resize=350%2C200","width":350,"height":200},"classes":[]}],"jetpack_sharing_enabled":true,"_links":{"self":[{"href":"https:\/\/blog-alexis.monville.com\/en\/wp-json\/wp\/v2\/posts\/1846","targetHints":{"allow":["GET"]}}],"collection":[{"href":"https:\/\/blog-alexis.monville.com\/en\/wp-json\/wp\/v2\/posts"}],"about":[{"href":"https:\/\/blog-alexis.monville.com\/en\/wp-json\/wp\/v2\/types\/post"}],"author":[{"embeddable":true,"href":"https:\/\/blog-alexis.monville.com\/en\/wp-json\/wp\/v2\/users\/1"}],"replies":[{"embeddable":true,"href":"https:\/\/blog-alexis.monville.com\/en\/wp-json\/wp\/v2\/comments?post=1846"}],"version-history":[{"count":2,"href":"https:\/\/blog-alexis.monville.com\/en\/wp-json\/wp\/v2\/posts\/1846\/revisions"}],"predecessor-version":[{"id":1849,"href":"https:\/\/blog-alexis.monville.com\/en\/wp-json\/wp\/v2\/posts\/1846\/revisions\/1849"}],"wp:featuredmedia":[{"embeddable":true,"href":"https:\/\/blog-alexis.monville.com\/en\/wp-json\/wp\/v2\/media\/1847"}],"wp:attachment":[{"href":"https:\/\/blog-alexis.monville.com\/en\/wp-json\/wp\/v2\/media?parent=1846"}],"wp:term":[{"taxonomy":"category","embeddable":true,"href":"https:\/\/blog-alexis.monville.com\/en\/wp-json\/wp\/v2\/categories?post=1846"},{"taxonomy":"post_tag","embeddable":true,"href":"https:\/\/blog-alexis.monville.com\/en\/wp-json\/wp\/v2\/tags?post=1846"}],"curies":[{"name":"wp","href":"https:\/\/api.w.org\/{rel}","templated":true}]}}