{"id":1812,"date":"2014-03-22T19:28:38","date_gmt":"2014-03-22T18:28:38","guid":{"rendered":"https:\/\/blog-alexis.monville.com\/?p=1812"},"modified":"2014-03-22T19:28:38","modified_gmt":"2014-03-22T18:28:38","slug":"en-bande-organisee","status":"publish","type":"post","link":"https:\/\/blog-alexis.monville.com\/en\/2014\/03\/22\/en-bande-organisee\/","title":{"rendered":"En bande organis\u00e9e"},"content":{"rendered":"<p><a href=\"http:\/\/www.amazon.fr\/gp\/product\/2849902306\/ref=as_li_ss_tl?ie=UTF8&amp;camp=1642&amp;creative=19458&amp;creativeASIN=2849902306&amp;linkCode=as2&amp;tag=unjounoe-21\" target=\"_blank\">En bande organis\u00e9e<\/a> est un roman de <a href=\"http:\/\/florevasseur.com\/\" target=\"_blank\">Flore Vasseur<\/a>\u00a0qui raconte les errances de 7 amis sur fond de crise financi\u00e8re europ\u00e9enne.<\/p>\n<p>Conseillers politique, banquiers, journalistes, ils savent, cachent, d\u00e9couvrent comment l&#8217;euro se construit sur des petits arrangements bien pratique pour satisfaire aux crit\u00e8res initialement d\u00e9finis.<\/p>\n<p>Bas\u00e9 sur des faits r\u00e9els, le roman inclus des QRCode permettant d&#8217;acc\u00e9der aux r\u00e9f\u00e9rences directement. Vous pouvez consulter ces r\u00e9f\u00e9rences directement depuis <a href=\"http:\/\/florevasseur.com\/pdf\/ebo-flashcodes.pdf\" target=\"_blank\">cette page<\/a>.<\/p>\n<p>&nbsp;<\/p>\n<p>&nbsp;<\/p>\n","protected":false},"excerpt":{"rendered":"<p>En bande organis\u00e9e est un roman de Flore Vasseur\u00a0qui raconte les errances de 7 amis sur fond de crise financi\u00e8re europ\u00e9enne. Conseillers politique, banquiers, journalistes, ils savent, cachent, d\u00e9couvrent comment l&#8217;euro se construit sur des petits arrangements bien pratique pour satisfaire aux crit\u00e8res initialement d\u00e9finis. Bas\u00e9 sur des faits r\u00e9els, le roman inclus des QRCode [&hellip;]<\/p>\n","protected":false},"author":1,"featured_media":1811,"comment_status":"open","ping_status":"open","sticky":false,"template":"","format":"standard","meta":{"advanced_seo_description":"","jetpack_seo_html_title":"","jetpack_seo_noindex":false,"jetpack_post_was_ever_published":false,"_jetpack_newsletter_access":"","_jetpack_dont_email_post_to_subs":false,"_jetpack_newsletter_tier_id":0,"_jetpack_memberships_contains_paywalled_content":false,"_jetpack_memberships_contains_paid_content":false,"footnotes":""},"categories":[1],"tags":[],"class_list":["post-1812","post","type-post","status-publish","format-standard","has-post-thumbnail","hentry","category-all"],"jetpack_featured_media_url":"https:\/\/i0.wp.com\/blog-alexis.monville.com\/en\/wp-content\/uploads\/sites\/2\/2014\/03\/2014-03-22-18.22.321-scaled.jpg?fit=2560%2C1920&ssl=1","jetpack_shortlink":"https:\/\/wp.me\/paNjQG-te","jetpack-related-posts":[{"id":574,"url":"https:\/\/blog-alexis.monville.com\/en\/2009\/05\/28\/openday-zimbra\/","url_meta":{"origin":1812,"position":0},"title":"OpenDay Zimbra","author":"Alexis","date":"May 28, 2009","format":false,"excerpt":"La session OpenDay du 26 mai 2009 \u00e9tait consacr\u00e9e \u00e0 la solution de messagerie collaborative Zimbra. Une excellente session organis\u00e9e par la soci\u00e9t\u00e9 eNovance en collaboration avec Zimbra bien sur. eNovence a pr\u00e9sent\u00e9 une \u00e9tude comparative des solutions de messagerie, contact, agenda... qui justifiait leur choix Zimbra. Cela m'a bien\u2026","rel":"","context":"In &quot;General&quot;","block_context":{"text":"General","link":"https:\/\/blog-alexis.monville.com\/en\/category\/all\/"},"img":{"alt_text":"Get Zimbra email and collaboration server, hosted business email","src":"https:\/\/i0.wp.com\/www.zimbra.com\/_media\/badges\/zimbra_badge_large_1.png?resize=350%2C200","width":350,"height":200},"classes":[]},{"id":7,"url":"https:\/\/blog-alexis.monville.com\/en\/2006\/04\/04\/revenir-au-plein-emploi\/","url_meta":{"origin":1812,"position":1},"title":"Revenir au plein emploi","author":"Alexis","date":"April 4, 2006","format":false,"excerpt":"Participation aux rencontres \u00e9conomiques organis\u00e9es par l'IGPDE. Les rencontres sont anim\u00e9s par Didier Ad\u00e8s, r\u00e9dacteur en chef \u00e0 Radio-France, avec les interventions de : Pierre Cahuc, Antoine Magnier et Christophe Ramaux (orateur extra !). plus d'information sur le site de l'IGPDE","rel":"","context":"In &quot;General&quot;","block_context":{"text":"General","link":"https:\/\/blog-alexis.monville.com\/en\/category\/all\/"},"img":{"alt_text":"","src":"","width":0,"height":0},"classes":[]},{"id":12,"url":"https:\/\/blog-alexis.monville.com\/en\/2006\/05\/09\/la-fiscalite-au-service-des-politiques-economiques\/","url_meta":{"origin":1812,"position":2},"title":"La fiscalit\u00e9 au service des politiques \u00e9conomiques","author":"Alexis","date":"May 9, 2006","format":false,"excerpt":"Participation aux rencontres \u00e9conomiques organis\u00e9es par l'IGPDE (Institut de formation du Minist\u00e8re des finances). Avec les interventions de Christopher Heady, OCDE, Philippe Mills CAS et Jacques Le Cacheux, universit\u00e9 de Pau, La contradiction \u00e9tait moins pr\u00e9sente que lors de la pr\u00e9c\u00e9dente session, rendant le r\u00e9sultat moins int\u00e9ressant. plus d'information sur\u2026","rel":"","context":"In &quot;General&quot;","block_context":{"text":"General","link":"https:\/\/blog-alexis.monville.com\/en\/category\/all\/"},"img":{"alt_text":"","src":"","width":0,"height":0},"classes":[]},{"id":1569,"url":"https:\/\/blog-alexis.monville.com\/en\/2013\/04\/21\/radical-management\/","url_meta":{"origin":1812,"position":3},"title":"Radical Management","author":"Alexis","date":"April 21, 2013","format":false,"excerpt":"Radical Management... ou plut\u00f4t\u00a0The Leader's Guide to Radical Management: Reinventing the Workplace for the 21st Century\u00a0est le dernier ouvrage de Stephen Denning. Ce livre propose 7 principes permettant de r\u00e9inventer le management. Steve Denning utilise des exemples r\u00e9\u00e9ls d'entreprises pour illustrer les principes et d\u00e9crire les pratiques associ\u00e9es. Curieux de\u2026","rel":"","context":"In &quot;livre&quot;","block_context":{"text":"livre","link":"https:\/\/blog-alexis.monville.com\/en\/category\/livre\/"},"img":{"alt_text":"radical-management","src":"https:\/\/i0.wp.com\/blog-alexis.monville.com\/wp-content\/uploads\/sites\/2\/2013\/04\/radical-management.jpg?resize=350%2C200&ssl=1","width":350,"height":200},"classes":[]},{"id":571,"url":"https:\/\/blog-alexis.monville.com\/en\/2009\/05\/24\/drupal-con-paris-2009\/","url_meta":{"origin":1812,"position":4},"title":"DrupalCon Paris","author":"Alexis","date":"May 24, 2009","format":false,"excerpt":"Je viens de d\u00e9couvrir le tr\u00e8s sympathique site de la Conf\u00e9rence Drupal qui se tiendra \u00e0 Paris du 1er au 5 septembre 2009 (DrupalCon Paris 2009). Cette conf\u00e9rence est organis\u00e9e par l'association Drupal (http:\/\/association.drupal.org). Le programme est con\u00e7u pour int\u00e9resser les initi\u00e9s et les n\u00e9ophytes, les programmeurs, les designers, les\u2026","rel":"","context":"In &quot;Explorateurs&quot;","block_context":{"text":"Explorateurs","link":"https:\/\/blog-alexis.monville.com\/en\/category\/explorateurs\/"},"img":{"alt_text":"","src":"https:\/\/i0.wp.com\/paris2009.drupalcon.org\/sites\/default\/files\/imagecache\/generic_image\/banner-small.png?resize=350%2C200","width":350,"height":200},"classes":[]},{"id":711,"url":"https:\/\/blog-alexis.monville.com\/en\/2009\/12\/31\/le-facteur-humain\/","url_meta":{"origin":1812,"position":5},"title":"Le facteur humain","author":"Alexis","date":"December 31, 2009","format":false,"excerpt":"La lecture d'un billet r\u00e9cent du FramaBlog me donne l'envie de terminer 2009 en parlant \u00e0 nouveau du th\u00e8me qui m'int\u00e9resse probablement le plus : l'\u00e9volution des modes d'organisation. Ce th\u00e8me avait \u00e9t\u00e9 abord\u00e9 lors de la conf\u00e9rence Le facteur humain... au coeur de l'industrie du logiciel libre organis\u00e9e lors\u2026","rel":"","context":"In &quot;General&quot;","block_context":{"text":"General","link":"https:\/\/blog-alexis.monville.com\/en\/category\/all\/"},"img":{"alt_text":"","src":"","width":0,"height":0},"classes":[]}],"jetpack_sharing_enabled":true,"_links":{"self":[{"href":"https:\/\/blog-alexis.monville.com\/en\/wp-json\/wp\/v2\/posts\/1812","targetHints":{"allow":["GET"]}}],"collection":[{"href":"https:\/\/blog-alexis.monville.com\/en\/wp-json\/wp\/v2\/posts"}],"about":[{"href":"https:\/\/blog-alexis.monville.com\/en\/wp-json\/wp\/v2\/types\/post"}],"author":[{"embeddable":true,"href":"https:\/\/blog-alexis.monville.com\/en\/wp-json\/wp\/v2\/users\/1"}],"replies":[{"embeddable":true,"href":"https:\/\/blog-alexis.monville.com\/en\/wp-json\/wp\/v2\/comments?post=1812"}],"version-history":[{"count":1,"href":"https:\/\/blog-alexis.monville.com\/en\/wp-json\/wp\/v2\/posts\/1812\/revisions"}],"predecessor-version":[{"id":1813,"href":"https:\/\/blog-alexis.monville.com\/en\/wp-json\/wp\/v2\/posts\/1812\/revisions\/1813"}],"wp:featuredmedia":[{"embeddable":true,"href":"https:\/\/blog-alexis.monville.com\/en\/wp-json\/wp\/v2\/media\/1811"}],"wp:attachment":[{"href":"https:\/\/blog-alexis.monville.com\/en\/wp-json\/wp\/v2\/media?parent=1812"}],"wp:term":[{"taxonomy":"category","embeddable":true,"href":"https:\/\/blog-alexis.monville.com\/en\/wp-json\/wp\/v2\/categories?post=1812"},{"taxonomy":"post_tag","embeddable":true,"href":"https:\/\/blog-alexis.monville.com\/en\/wp-json\/wp\/v2\/tags?post=1812"}],"curies":[{"name":"wp","href":"https:\/\/api.w.org\/{rel}","templated":true}]}}