{"id":1801,"date":"2014-03-07T12:13:05","date_gmt":"2014-03-07T11:13:05","guid":{"rendered":"https:\/\/blog-alexis.monville.com\/?p=1801"},"modified":"2014-03-07T12:23:36","modified_gmt":"2014-03-07T11:23:36","slug":"soutenez-le-developpement-du-logiciel-libre","status":"publish","type":"post","link":"https:\/\/blog-alexis.monville.com\/en\/2014\/03\/07\/soutenez-le-developpement-du-logiciel-libre\/","title":{"rendered":"Soutenez le d\u00e9veloppement du logiciel libre"},"content":{"rendered":"<p><a href=\"http:\/\/april.org\/campagne\"><br \/>\n<img data-recalc-dims=\"1\" loading=\"lazy\" decoding=\"async\" class=\"alignleft\" alt=\"Priorit\u00e9 au Logiciel Libre! Je soutiens l'April.\" src=\"https:\/\/i0.wp.com\/april.org\/campagne\/images\/priorite-logiciel-libre-je-soutiens-april_p.png?resize=240%2C200\" width=\"240\" height=\"200\" \/><br \/>\n<\/a>En lisant ce billet, vous pouvez \u00eatre dans plusieurs situations :<\/p>\n<ul>\n<li>Vous connaissez le logiciel libre, vous en utilisez, et vous ne voyez pas pourquoi il est n\u00e9cessaire de le soutenir,<\/li>\n<li>Vous connaissez le logiciel libre, mais ne voyez pas pourquoi il est n\u00e9cessaire d&#8217;agir pour le promouvoir et parfois pour le d\u00e9fendre,<\/li>\n<li>Vous ne connaissez par le logiciel libre, et donc&#8230;<\/li>\n<\/ul>\n<p>Dans tous les cas, je vous invite \u00e0 essayer d&#8217;en savoir plus, et \u00e0 d\u00e9couvrir pourquoi il est indispensable de soutenir le logiciel libre et pourquoi je vous invite \u00e0 <a href=\"http:\/\/www.april.org\/adherer?referent=amonville\" target=\"_blank\">soutenir l&#8217;April<\/a>.<\/p>\n<p>Ou bien :<\/p>\n<ul>\n<li>Vous connaissez le logiciel libre, vous en utilisez et vous soutenez d\u00e9j\u00e0 l&#8217;april,<\/li>\n<li>Ou dans une autre situation, mais vous avez compris mon intention n&#8217;est-ce pas ?<\/li>\n<\/ul>\n<p>&nbsp;<\/p>\n<p>&nbsp;<\/p>\n","protected":false},"excerpt":{"rendered":"<p>En lisant ce billet, vous pouvez \u00eatre dans plusieurs situations : Vous connaissez le logiciel libre, vous en utilisez, et vous ne voyez pas pourquoi il est n\u00e9cessaire de le soutenir, Vous connaissez le logiciel libre, mais ne voyez pas pourquoi il est n\u00e9cessaire d&#8217;agir pour le promouvoir et parfois pour le d\u00e9fendre, Vous ne [&hellip;]<\/p>\n","protected":false},"author":1,"featured_media":0,"comment_status":"open","ping_status":"open","sticky":false,"template":"","format":"standard","meta":{"advanced_seo_description":"","jetpack_seo_html_title":"","jetpack_seo_noindex":false,"jetpack_post_was_ever_published":false,"_jetpack_newsletter_access":"","_jetpack_dont_email_post_to_subs":false,"_jetpack_newsletter_tier_id":0,"_jetpack_memberships_contains_paywalled_content":false,"_jetpack_memberships_contains_paid_content":false,"footnotes":""},"categories":[1],"tags":[276],"class_list":["post-1801","post","type-post","status-publish","format-standard","hentry","category-all","tag-logiciel-libre"],"jetpack_featured_media_url":"","jetpack_shortlink":"https:\/\/wp.me\/paNjQG-t3","jetpack-related-posts":[{"id":948,"url":"https:\/\/blog-alexis.monville.com\/en\/2010\/11\/15\/logiciels-libres-a-partager-sans-compter\/","url_meta":{"origin":1801,"position":0},"title":"Logiciels libres \u00e0 partager sans compter !","author":"Alexis","date":"November 15, 2010","format":false,"excerpt":"Cette affiche est le support d'une nouvelle campagne en faveur du logiciel libre dans l'\u00e9ducation. Bravo \u00e0 l'auteur, Antoine Bardelli ! Faites passer ! L'affiche est disponible en de nombreux formats pour impression ou web. En bas \u00e0 droite, les logos de l'April et de Framasoft que vous pouvez (devez\u2026","rel":"","context":"In &quot;General&quot;","block_context":{"text":"General","link":"https:\/\/blog-alexis.monville.com\/en\/category\/all\/"},"img":{"alt_text":"","src":"https:\/\/i0.wp.com\/blog-alexis.monville.com\/files\/2010\/11\/logiciel_libre_a_partager-212x300.png?resize=350%2C200&ssl=1","width":350,"height":200},"classes":[]},{"id":796,"url":"https:\/\/blog-alexis.monville.com\/en\/2010\/03\/11\/logiciel-libre\/","url_meta":{"origin":1801,"position":1},"title":"Logiciel libre","author":"Alexis","date":"March 11, 2010","format":false,"excerpt":"En quelques mots aujourd'hui pour : vous inviter \u00e0 noter dans vos agendas que le Salon Solutions Linux se tiendra \u00e0 la porte de Versailles du 16 au 18 mars, je vous souhaite nombreux pour la conf\u00e9rence Administration et Libre le 17 mars \u00e0 9h00, vous encourager \u00e0 r\u00e9agir \u00e0\u2026","rel":"","context":"In &quot;Interventions&quot;","block_context":{"text":"Interventions","link":"https:\/\/blog-alexis.monville.com\/en\/category\/interventions\/"},"img":{"alt_text":"","src":"","width":0,"height":0},"classes":[]},{"id":807,"url":"https:\/\/blog-alexis.monville.com\/en\/2010\/05\/02\/logiciel-libre-et-amelioration-des-methodes-de-travail\/","url_meta":{"origin":1801,"position":2},"title":"Logiciel libre et am\u00e9lioration des m\u00e9thodes de travail","author":"Alexis","date":"May 2, 2010","format":false,"excerpt":"Qu'apporte le logiciel libre ou l'open source au sein de l'entreprise ?\u00a0Quelles influences ces technologies ont-elles sur l'efficacit\u00e9 du syst\u00e8me d'information ? Peut-on parler dans le logiciel libre uniquement de l'aspect fonctionnel et des co\u00fbts ? Existe-t-il une diff\u00e9rence entre le mod\u00e8le de d\u00e9veloppement et le mod\u00e8le de diffusion ?\u2026","rel":"","context":"In &quot;General&quot;","block_context":{"text":"General","link":"https:\/\/blog-alexis.monville.com\/en\/category\/all\/"},"img":{"alt_text":"","src":"https:\/\/i0.wp.com\/blog-alexis.monville.com\/files\/2010\/05\/solutions-linux-2-300x188.png?resize=350%2C200&ssl=1","width":350,"height":200},"classes":[]},{"id":666,"url":"https:\/\/blog-alexis.monville.com\/en\/2009\/10\/17\/appel-a-communication-pour-solutions-linux-2010\/","url_meta":{"origin":1801,"position":3},"title":"Appel \u00e0 communication pour Solutions Linux 2010","author":"Alexis","date":"October 17, 2009","format":false,"excerpt":"Une conf\u00e9rence gratuite \"L'administration et le libre\" est propos\u00e9e lors de la prochaine \u00e9dition du salon Solutions Linux qui se d\u00e9roulera du 16 au 18 mars 2010. L'appel \u00e0 communication est publi\u00e9 et vous avez jusqu'au 6 novembre pour proposer vos interventions Pour en savoir plus vous pouvez consulter les\u2026","rel":"","context":"In &quot;International&quot;","block_context":{"text":"International","link":"https:\/\/blog-alexis.monville.com\/en\/category\/international\/"},"img":{"alt_text":"image001","src":"https:\/\/i0.wp.com\/blog-alexis.monville.com\/wp-content\/uploads\/sites\/2\/2009\/10\/image001.jpg?resize=350%2C200&ssl=1","width":350,"height":200},"classes":[]},{"id":270,"url":"https:\/\/blog-alexis.monville.com\/en\/2008\/12\/02\/promotion-du-logiciel-libre\/","url_meta":{"origin":1801,"position":4},"title":"Promotion du logiciel libre","author":"Alexis","date":"December 2, 2008","format":false,"excerpt":"L'APRIL (Association pour la promotion du logiciel libre) m\u00e8ne actuellement une campagne d'adh\u00e9sion avec l'objectif d'atteindre 5000 adh\u00e9rents d'ici \u00e0 la fin de l'ann\u00e9e. Comme vous pouvez le constater avec cette barre de progression, l'objectif est atteignable ! Interop\u00e9rabilit\u00e9, libert\u00e9s informatiques, ma\u00eetrise des syst\u00e8mes d'information, garantie de leurs ind\u00e9pendances vis\u2026","rel":"","context":"In &quot;Explorateurs&quot;","block_context":{"text":"Explorateurs","link":"https:\/\/blog-alexis.monville.com\/en\/category\/explorateurs\/"},"img":{"alt_text":"","src":"http:\/\/www.april.org\/barre-progression\/progbar.php","width":350,"height":200},"classes":[]},{"id":967,"url":"https:\/\/blog-alexis.monville.com\/en\/2010\/12\/02\/menottes-numeriques\/","url_meta":{"origin":1801,"position":5},"title":"Menottes num\u00e9riques","author":"Alexis","date":"December 2, 2010","format":false,"excerpt":"Des menottes num\u00e9riques ? Qu'est-ce que cela peut vouloir dire ? Pourquoi donc faire r\u00e9f\u00e9rence \u00e0 des menottes pour parler des DRM (Digital Rights Management) soit gestion des droits num\u00e9riques. Mais de quel droit parle-t-on ? Le droit de l'auteur, de l'ayant-droit ou celui de l'utilisateur ? A moins que\u2026","rel":"","context":"In &quot;General&quot;","block_context":{"text":"General","link":"https:\/\/blog-alexis.monville.com\/en\/category\/all\/"},"img":{"alt_text":"","src":"https:\/\/i0.wp.com\/www.april.org\/sites\/default\/files\/synthese_DRM_April.png?resize=350%2C200","width":350,"height":200},"classes":[]}],"jetpack_sharing_enabled":true,"_links":{"self":[{"href":"https:\/\/blog-alexis.monville.com\/en\/wp-json\/wp\/v2\/posts\/1801","targetHints":{"allow":["GET"]}}],"collection":[{"href":"https:\/\/blog-alexis.monville.com\/en\/wp-json\/wp\/v2\/posts"}],"about":[{"href":"https:\/\/blog-alexis.monville.com\/en\/wp-json\/wp\/v2\/types\/post"}],"author":[{"embeddable":true,"href":"https:\/\/blog-alexis.monville.com\/en\/wp-json\/wp\/v2\/users\/1"}],"replies":[{"embeddable":true,"href":"https:\/\/blog-alexis.monville.com\/en\/wp-json\/wp\/v2\/comments?post=1801"}],"version-history":[{"count":1,"href":"https:\/\/blog-alexis.monville.com\/en\/wp-json\/wp\/v2\/posts\/1801\/revisions"}],"predecessor-version":[{"id":1802,"href":"https:\/\/blog-alexis.monville.com\/en\/wp-json\/wp\/v2\/posts\/1801\/revisions\/1802"}],"wp:attachment":[{"href":"https:\/\/blog-alexis.monville.com\/en\/wp-json\/wp\/v2\/media?parent=1801"}],"wp:term":[{"taxonomy":"category","embeddable":true,"href":"https:\/\/blog-alexis.monville.com\/en\/wp-json\/wp\/v2\/categories?post=1801"},{"taxonomy":"post_tag","embeddable":true,"href":"https:\/\/blog-alexis.monville.com\/en\/wp-json\/wp\/v2\/tags?post=1801"}],"curies":[{"name":"wp","href":"https:\/\/api.w.org\/{rel}","templated":true}]}}