{"id":1781,"date":"2014-02-25T16:44:00","date_gmt":"2014-02-25T15:44:00","guid":{"rendered":"https:\/\/blog-alexis.monville.com\/?p=1781"},"modified":"2014-02-25T16:45:14","modified_gmt":"2014-02-25T15:45:14","slug":"pedagogie-agile","status":"publish","type":"post","link":"https:\/\/blog-alexis.monville.com\/en\/2014\/02\/25\/pedagogie-agile\/","title":{"rendered":"P\u00e9dagogie agile"},"content":{"rendered":"<p>Une petite note pour pr\u00e9senter en une vid\u00e9o et un lien, l&#8217;approche de <a href=\"http:\/\/pedagogieagile.com\/\" target=\"_blank\">p\u00e9dagogie agile<\/a> propos\u00e9e par <a href=\"https:\/\/twitter.com\/cdenhartigh\" target=\"_blank\">Christian den Hartigh<\/a>. <\/p>\n<p>Vous pouvez lire les articles de son blog ici : <a href=\"http:\/\/pedagogieagile.com\/\" target=\"_blank\">http:\/\/pedagogieagile.com\/<\/a><br \/>\nVous d\u00e9couvrirez ainsi comment il met en oeuvre un kanban avec ses \u00e9l\u00e8ves, alterne l&#8217;apprentissage individuel et l&#8217;apprentissage en groupe, et bien d&#8217;autres choses&#8230;<\/p>\n<p><iframe loading=\"lazy\" src=\"\/\/player.vimeo.com\/video\/45850107\" width=\"500\" height=\"375\" frameborder=\"0\" webkitallowfullscreen mozallowfullscreen allowfullscreen><\/iframe> <\/p>\n<p><a href=\"http:\/\/vimeo.com\/45850107\">Agile et Kanban<\/a> from <a href=\"http:\/\/vimeo.com\/user6687697\">christiandh<\/a> on <a href=\"https:\/\/vimeo.com\">Vimeo<\/a>.<\/p>\n<p>Christian \u00e9tait en visite ces deux derniers jours chez <a href=\"http:\/\/www.enovance.com\" target=\"_blank\">eNovance<\/a>&#8230; Et je suis impatient de constater l&#8217;impact qu&#8217;aura eu cette visite autant pour lui que pour les personnes d&#8217;eNovance !<\/p>\n","protected":false},"excerpt":{"rendered":"<p>Une petite note pour pr\u00e9senter en une vid\u00e9o et un lien, l&#8217;approche de p\u00e9dagogie agile propos\u00e9e par Christian den Hartigh. Vous pouvez lire les articles de son blog ici : http:\/\/pedagogieagile.com\/ Vous d\u00e9couvrirez ainsi comment il met en oeuvre un kanban avec ses \u00e9l\u00e8ves, alterne l&#8217;apprentissage individuel et l&#8217;apprentissage en groupe, et bien d&#8217;autres choses&#8230; [&hellip;]<\/p>\n","protected":false},"author":1,"featured_media":1782,"comment_status":"open","ping_status":"open","sticky":false,"template":"","format":"standard","meta":{"advanced_seo_description":"","jetpack_seo_html_title":"","jetpack_seo_noindex":false,"jetpack_post_was_ever_published":false,"_jetpack_newsletter_access":"","_jetpack_dont_email_post_to_subs":false,"_jetpack_newsletter_tier_id":0,"_jetpack_memberships_contains_paywalled_content":false,"_jetpack_memberships_contains_paid_content":false,"footnotes":""},"categories":[1],"tags":[],"class_list":["post-1781","post","type-post","status-publish","format-standard","has-post-thumbnail","hentry","category-all"],"jetpack_featured_media_url":"https:\/\/i0.wp.com\/blog-alexis.monville.com\/en\/wp-content\/uploads\/sites\/2\/2014\/02\/cropped-kanban-mai.jpg?fit=960%2C260&ssl=1","jetpack_shortlink":"https:\/\/wp.me\/paNjQG-sJ","jetpack-related-posts":[{"id":1637,"url":"https:\/\/blog-alexis.monville.com\/en\/2013\/07\/18\/donald-reinertsen-est-dans-le-flux\/","url_meta":{"origin":1781,"position":0},"title":"Donald Reinertsen est dans le flux","author":"Alexis","date":"July 18, 2013","format":false,"excerpt":"Donald Reinertsen est l'auteur d'un ouvrage difficile d'acc\u00e8s,\u00a0The Principles of Product Development Flow. Pour en savoir plus sur les travaux de cet auteur, je vous propose de regarder une des conf\u00e9rences qu'il a donn\u00e9 lors de Lean Kanban Central Europe en 2012. Ou de lire l'article publi\u00e9 sur MOM21 (Mouvement\u2026","rel":"","context":"In &quot;General&quot;","block_context":{"text":"General","link":"https:\/\/blog-alexis.monville.com\/en\/category\/all\/"},"img":{"alt_text":"","src":"","width":0,"height":0},"classes":[]},{"id":894,"url":"https:\/\/blog-alexis.monville.com\/en\/2010\/09\/16\/communautes-et-organisations\/","url_meta":{"origin":1781,"position":1},"title":"Communaut\u00e9s et Organisations","author":"Alexis","date":"September 16, 2010","format":false,"excerpt":"B\u00e9n\u00e9dicte Taillebois, Luc Bizeul, S\u00e9bastien Douche, Fr\u00e9d\u00e9ric Freiss et Jean-Michel Huten \u00e9taient \u00e0 La Cantine ce mercredi 15 septembre pour la r\u00e9p\u00e9tition de la conf\u00e9rence \"Comment les entreprises b\u00e9n\u00e9ficient-elles des communaut\u00e9s ?\" qui se d\u00e9roulera le 1er octobre de 11h \u00e0 12h30 durant l'OpenWorldForum. Je les remercie chaleureusement pour leurs\u2026","rel":"","context":"In &quot;Interventions&quot;","block_context":{"text":"Interventions","link":"https:\/\/blog-alexis.monville.com\/en\/category\/interventions\/"},"img":{"alt_text":"","src":"","width":0,"height":0},"classes":[]},{"id":618,"url":"https:\/\/blog-alexis.monville.com\/en\/2009\/07\/05\/pour-retrouver-le-gout-du-developpement\/","url_meta":{"origin":1781,"position":2},"title":"Pour retrouver le go\u00fbt du d\u00e9veloppement","author":"Alexis","date":"July 5, 2009","format":false,"excerpt":"Pour retrouver le go\u00fbt du d\u00e9veloppement, c'est le sous-titre du dossier consacr\u00e9 au d\u00e9veloppement agile par le mensuel PROgrammez ! pour son num\u00e9ro de juin 2009. Implication de l'\u00e9quipe, am\u00e9lioration de la qualit\u00e9 des produits, am\u00e9lioration de la satisfaction des utilisateurs, limitation des d\u00e9veloppements aux fonctionnalit\u00e9s utiles, choix des m\u00e9thodes\u2026","rel":"","context":"In &quot;General&quot;","block_context":{"text":"General","link":"https:\/\/blog-alexis.monville.com\/en\/category\/all\/"},"img":{"alt_text":"","src":"https:\/\/i0.wp.com\/www.programmez.com\/img\/magazines\/120\/00001.jpg?resize=350%2C200","width":350,"height":200},"classes":[]},{"id":961,"url":"https:\/\/blog-alexis.monville.com\/en\/2010\/11\/21\/un-jour-une-oeuvre-au-carrefour-des-possibles\/","url_meta":{"origin":1781,"position":3},"title":"Un Jour Une Oeuvre au Carrefour des Possibles !","author":"Alexis","date":"November 21, 2010","format":false,"excerpt":"Un Jour Une Oeuvre (UJUO) sera pr\u00e9sent\u00e9 au Carrefour des Possibles du 29 novembre 2010. J\u2019ai d\u00e9j\u00e0 eu le plaisir de r\u00e9p\u00e9ter devant les regards attentifs d\u2019Ivan et Jean-Fran\u00e7ois et leurs retours m\u2019ont permis d\u2019\u00eatre \u00abassez \u00e0 l\u2019aise\u00bb lors du brief de s\u00e9lection. Je vous encourage \u00e0 r\u00e9server votre date\u2026","rel":"","context":"In &quot;Interventions&quot;","block_context":{"text":"Interventions","link":"https:\/\/blog-alexis.monville.com\/en\/category\/interventions\/"},"img":{"alt_text":"","src":"https:\/\/i0.wp.com\/blog-alexis.monville.com\/wp-content\/uploads\/sites\/2\/2010\/11\/logo-ujuo-200.gif?resize=350%2C200&ssl=1","width":350,"height":200},"classes":[]},{"id":1852,"url":"https:\/\/blog-alexis.monville.com\/en\/2014\/05\/09\/kanban-pour-lit\/","url_meta":{"origin":1781,"position":4},"title":"Kanban pour l&#8217;IT","author":"Alexis","date":"May 9, 2014","format":false,"excerpt":"Il y a presque 2 ans, j'avais \u00e9crit un petit article pour annoncer l'arriv\u00e9e du livre Kanban pour l'IT de Laurent Morisseau. Je viens de recevoir la deuxi\u00e8me \u00e9dition de l'ouvrage (merci\u00a0@lmorisseau). Premi\u00e8re impression ? Le livre est 2 fois plus gros ! L'explication de l'auteur est simple, la premi\u00e8re\u2026","rel":"","context":"In &quot;livre&quot;","block_context":{"text":"livre","link":"https:\/\/blog-alexis.monville.com\/en\/category\/livre\/"},"img":{"alt_text":"","src":"https:\/\/i0.wp.com\/blog-alexis.monville.com\/en\/wp-content\/uploads\/sites\/2\/2014\/05\/4QkLw90fUG8Tpefqs3rlH3JMewxoTL7ISAHj6_wj3Ao.jpg?fit=768%2C1024&ssl=1&resize=350%2C200","width":350,"height":200,"srcset":"https:\/\/i0.wp.com\/blog-alexis.monville.com\/en\/wp-content\/uploads\/sites\/2\/2014\/05\/4QkLw90fUG8Tpefqs3rlH3JMewxoTL7ISAHj6_wj3Ao.jpg?fit=768%2C1024&ssl=1&resize=350%2C200 1x, https:\/\/i0.wp.com\/blog-alexis.monville.com\/en\/wp-content\/uploads\/sites\/2\/2014\/05\/4QkLw90fUG8Tpefqs3rlH3JMewxoTL7ISAHj6_wj3Ao.jpg?fit=768%2C1024&ssl=1&resize=525%2C300 1.5x, https:\/\/i0.wp.com\/blog-alexis.monville.com\/en\/wp-content\/uploads\/sites\/2\/2014\/05\/4QkLw90fUG8Tpefqs3rlH3JMewxoTL7ISAHj6_wj3Ao.jpg?fit=768%2C1024&ssl=1&resize=700%2C400 2x"},"classes":[]},{"id":1746,"url":"https:\/\/blog-alexis.monville.com\/en\/2014\/02\/09\/agile-games-france\/","url_meta":{"origin":1781,"position":5},"title":"Agile Games France","author":"Alexis","date":"February 9, 2014","format":false,"excerpt":"La troisi\u00e8me \u00e9dition de l'Open Space consacr\u00e9 aux jeux d'entreprises agile s'est d\u00e9roul\u00e9e \u00e0 Lyon les 7 et 8 f\u00e9vrier. Le succ\u00e8s des 2 pr\u00e9c\u00e9dentes \u00e9ditions (\u00e0 Nantes en 2012 et \u00e0 Avignon en 2013) ainsi que la limite \u00e0 60 personnes ont fait que les places \u00e9taient vendues en\u2026","rel":"","context":"In &quot;General&quot;","block_context":{"text":"General","link":"https:\/\/blog-alexis.monville.com\/en\/category\/all\/"},"img":{"alt_text":"","src":"https:\/\/i0.wp.com\/blog-alexis.monville.com\/en\/wp-content\/uploads\/sites\/2\/2014\/02\/2014-02-07-11.34.08-scaled.jpg?fit=1200%2C900&ssl=1&resize=350%2C200","width":350,"height":200,"srcset":"https:\/\/i0.wp.com\/blog-alexis.monville.com\/en\/wp-content\/uploads\/sites\/2\/2014\/02\/2014-02-07-11.34.08-scaled.jpg?fit=1200%2C900&ssl=1&resize=350%2C200 1x, https:\/\/i0.wp.com\/blog-alexis.monville.com\/en\/wp-content\/uploads\/sites\/2\/2014\/02\/2014-02-07-11.34.08-scaled.jpg?fit=1200%2C900&ssl=1&resize=525%2C300 1.5x, https:\/\/i0.wp.com\/blog-alexis.monville.com\/en\/wp-content\/uploads\/sites\/2\/2014\/02\/2014-02-07-11.34.08-scaled.jpg?fit=1200%2C900&ssl=1&resize=700%2C400 2x, https:\/\/i0.wp.com\/blog-alexis.monville.com\/en\/wp-content\/uploads\/sites\/2\/2014\/02\/2014-02-07-11.34.08-scaled.jpg?fit=1200%2C900&ssl=1&resize=1050%2C600 3x"},"classes":[]}],"jetpack_sharing_enabled":true,"_links":{"self":[{"href":"https:\/\/blog-alexis.monville.com\/en\/wp-json\/wp\/v2\/posts\/1781","targetHints":{"allow":["GET"]}}],"collection":[{"href":"https:\/\/blog-alexis.monville.com\/en\/wp-json\/wp\/v2\/posts"}],"about":[{"href":"https:\/\/blog-alexis.monville.com\/en\/wp-json\/wp\/v2\/types\/post"}],"author":[{"embeddable":true,"href":"https:\/\/blog-alexis.monville.com\/en\/wp-json\/wp\/v2\/users\/1"}],"replies":[{"embeddable":true,"href":"https:\/\/blog-alexis.monville.com\/en\/wp-json\/wp\/v2\/comments?post=1781"}],"version-history":[{"count":3,"href":"https:\/\/blog-alexis.monville.com\/en\/wp-json\/wp\/v2\/posts\/1781\/revisions"}],"predecessor-version":[{"id":1785,"href":"https:\/\/blog-alexis.monville.com\/en\/wp-json\/wp\/v2\/posts\/1781\/revisions\/1785"}],"wp:featuredmedia":[{"embeddable":true,"href":"https:\/\/blog-alexis.monville.com\/en\/wp-json\/wp\/v2\/media\/1782"}],"wp:attachment":[{"href":"https:\/\/blog-alexis.monville.com\/en\/wp-json\/wp\/v2\/media?parent=1781"}],"wp:term":[{"taxonomy":"category","embeddable":true,"href":"https:\/\/blog-alexis.monville.com\/en\/wp-json\/wp\/v2\/categories?post=1781"},{"taxonomy":"post_tag","embeddable":true,"href":"https:\/\/blog-alexis.monville.com\/en\/wp-json\/wp\/v2\/tags?post=1781"}],"curies":[{"name":"wp","href":"https:\/\/api.w.org\/{rel}","templated":true}]}}