{"id":178,"date":"2008-09-26T21:36:05","date_gmt":"2008-09-26T20:36:05","guid":{"rendered":"http:\/\/alexismonville.wordpress.com\/?p=178"},"modified":"2008-09-26T21:36:05","modified_gmt":"2008-09-26T20:36:05","slug":"lusage-de-linternet-dans-le-monde","status":"publish","type":"post","link":"https:\/\/blog-alexis.monville.com\/en\/2008\/09\/26\/lusage-de-linternet-dans-le-monde\/","title":{"rendered":"L&#8217;usage de l&#8217;Internet dans le monde"},"content":{"rendered":"<p><a href=\"http:\/\/www.bytelevel.com\/map\/ccTLD.html\"><img data-recalc-dims=\"1\" loading=\"lazy\" decoding=\"async\" class=\"alignnone\" src=\"https:\/\/i0.wp.com\/www.bytelevel.com\/map\/images\/ccTLD_600b.jpg?resize=600%2C402\" alt=\"\" width=\"600\" height=\"402\" \/><\/a><\/p>\n<p>Une autre fa\u00e7on de voir le monde, la taille des extensions est relative \u00e0 la population de chaque pays sauf pour l&#8217;Inde et la Chine r\u00e9duite \u00e0 30%.<\/p>\n<p>Au d\u00e9part j&#8217;avais imagin\u00e9 que c&#8217;\u00e9tait le nombre d&#8217;utilisateurs d&#8217;Internet&#8230; avant de lire la l\u00e9gende sur le site de <a href=\"http:\/\/www.bytelevel.com\/map\/ccTLD.html\" target=\"_blank\">Byte Level Research<\/a>.<\/p>\n","protected":false},"excerpt":{"rendered":"<p>Une autre fa\u00e7on de voir le monde, la taille des extensions est relative \u00e0 la population de chaque pays sauf pour l&#8217;Inde et la Chine r\u00e9duite \u00e0 30%. Au d\u00e9part j&#8217;avais imagin\u00e9 que c&#8217;\u00e9tait le nombre d&#8217;utilisateurs d&#8217;Internet&#8230; avant de lire la l\u00e9gende sur le site de Byte Level Research.<\/p>\n","protected":false},"author":1,"featured_media":0,"comment_status":"open","ping_status":"open","sticky":false,"template":"","format":"standard","meta":{"advanced_seo_description":"","jetpack_seo_html_title":"","jetpack_seo_noindex":false,"jetpack_post_was_ever_published":false,"_jetpack_newsletter_access":"","_jetpack_dont_email_post_to_subs":false,"_jetpack_newsletter_tier_id":0,"_jetpack_memberships_contains_paywalled_content":false,"_jetpack_memberships_contains_paid_content":false,"footnotes":""},"categories":[1],"tags":[],"class_list":["post-178","post","type-post","status-publish","format-standard","hentry","category-all"],"jetpack_featured_media_url":"","jetpack_shortlink":"https:\/\/wp.me\/paNjQG-2S","jetpack-related-posts":[{"id":1605,"url":"https:\/\/blog-alexis.monville.com\/en\/2013\/06\/24\/changer-le-monde\/","url_meta":{"origin":178,"position":0},"title":"Changer le monde ?","author":"Alexis","date":"June 24, 2013","format":false,"excerpt":"J'avais cet ouvrage dans ma liste de lecture depuis assez longtemps, mais... Bref, j'ai profit\u00e9 qu'il soit disponible sur le stand des goodies de DARE13 (j'en profite que l'id\u00e9e du stand commun pour tous les goodies de la conf\u00e9rence, ou chaque participant peut venir choisir les goodies qu'il ram\u00e8nera chez\u2026","rel":"","context":"In &quot;International&quot;","block_context":{"text":"International","link":"https:\/\/blog-alexis.monville.com\/en\/category\/international\/"},"img":{"alt_text":"how-to-change-the-world","src":"https:\/\/i0.wp.com\/blog-alexis.monville.com\/wp-content\/uploads\/sites\/2\/2013\/06\/how-to-change-the-world.png?resize=350%2C200&ssl=1","width":350,"height":200},"classes":[]},{"id":1828,"url":"https:\/\/blog-alexis.monville.com\/en\/2014\/04\/22\/developper-des-produits-avec-des-equipes-distribuees\/","url_meta":{"origin":178,"position":1},"title":"D\u00e9velopper des produits avec des \u00e9quipes distribu\u00e9es","author":"Alexis","date":"April 22, 2014","format":false,"excerpt":"Apr\u00e8s la conf\u00e9rence que j'ai donn\u00e9 le 10 avril pour le ScrumDay, je suis en train de pr\u00e9parer celle que je donnerais lors de Mix-IT le 30 avril 2014. Le r\u00e9sum\u00e9 de la session est assez similaire entre les deux, voici celui du ScrumDay : De nos jours, presque tout\u2026","rel":"","context":"In &quot;Interventions&quot;","block_context":{"text":"Interventions","link":"https:\/\/blog-alexis.monville.com\/en\/category\/interventions\/"},"img":{"alt_text":"","src":"https:\/\/i0.wp.com\/blog-alexis.monville.com\/en\/wp-content\/uploads\/sites\/2\/2014\/04\/mixit-banner.png?fit=800%2C270&ssl=1&resize=350%2C200","width":350,"height":200,"srcset":"https:\/\/i0.wp.com\/blog-alexis.monville.com\/en\/wp-content\/uploads\/sites\/2\/2014\/04\/mixit-banner.png?fit=800%2C270&ssl=1&resize=350%2C200 1x, https:\/\/i0.wp.com\/blog-alexis.monville.com\/en\/wp-content\/uploads\/sites\/2\/2014\/04\/mixit-banner.png?fit=800%2C270&ssl=1&resize=525%2C300 1.5x, https:\/\/i0.wp.com\/blog-alexis.monville.com\/en\/wp-content\/uploads\/sites\/2\/2014\/04\/mixit-banner.png?fit=800%2C270&ssl=1&resize=700%2C400 2x"},"classes":[]},{"id":1232,"url":"https:\/\/blog-alexis.monville.com\/en\/2011\/10\/12\/99\/","url_meta":{"origin":178,"position":2},"title":"99%","author":"Alexis","date":"October 12, 2011","format":false,"excerpt":"Le mouvement d'indignation contre le status quo d'une situation injuste qui profite \u00e0 1% de la population mondiale grandi et se coordonne grace \u00e0 Internet. Au point que cette coordination inqui\u00e8te et fait craindre \u00e0 certains un automne \u00e0 l'image du \"printemps arabe\". La prochaine \u00e9tape est une manifestation mondiale\u2026","rel":"","context":"In &quot;General&quot;","block_context":{"text":"General","link":"https:\/\/blog-alexis.monville.com\/en\/category\/all\/"},"img":{"alt_text":"","src":"https:\/\/i0.wp.com\/blog-alexis.monville.com\/wp-content\/uploads\/sites\/2\/2011\/10\/rrss-02-300x300.png?resize=350%2C200&ssl=1","width":350,"height":200},"classes":[]},{"id":1034,"url":"https:\/\/blog-alexis.monville.com\/en\/2011\/02\/03\/lift11-premiere-journee\/","url_meta":{"origin":178,"position":3},"title":"Lift11 : premi\u00e8re journ\u00e9e","author":"Alexis","date":"February 3, 2011","format":false,"excerpt":"Arriv\u00e9e \u00e0 Lift juste avant le d\u00e9jeuner, premi\u00e8re impression tr\u00e8s positive, les gens que je croise sont tranquilles et accueillants. Je d\u00e9jeune avec une partie de l'\u00e9quipe qui fait la r\u00e9gie, ce qui me permet d'apprendre pourquoi les micro-casques c'est si compliqu\u00e9... et pourquoi il n'y en a pas en\u2026","rel":"","context":"In &quot;Europe&quot;","block_context":{"text":"Europe","link":"https:\/\/blog-alexis.monville.com\/en\/category\/international\/europe\/"},"img":{"alt_text":"","src":"https:\/\/i0.wp.com\/blog-alexis.monville.com\/files\/2011\/02\/IMG_0581-300x300.jpg?resize=350%2C200&ssl=1","width":350,"height":200},"classes":[]},{"id":1998,"url":"https:\/\/blog-alexis.monville.com\/en\/2015\/01\/26\/un-changement-bon\/","url_meta":{"origin":178,"position":4},"title":"Un changement bon","author":"Alexis","date":"January 26, 2015","format":false,"excerpt":"L'id\u00e9e de Kaizen, est de publier un magazine permettant de diffuser des id\u00e9es positives pour permettre de changer le monde pas \u00e0 pas. Ce magazine existe depuis 3 ans et r\u00e9uni une petite communaut\u00e9 de 70000 lecteurs. Le projet de financement auquel je vous invite \u00e0 participer permettra de financer\u2026","rel":"","context":"In &quot;General&quot;","block_context":{"text":"General","link":"https:\/\/blog-alexis.monville.com\/en\/category\/all\/"},"img":{"alt_text":"","src":"https:\/\/i0.wp.com\/blog-alexis.monville.com\/en\/wp-content\/uploads\/sites\/2\/2015\/01\/kaizen.jpg?fit=540%2C295&ssl=1&resize=350%2C200","width":350,"height":200,"srcset":"https:\/\/i0.wp.com\/blog-alexis.monville.com\/en\/wp-content\/uploads\/sites\/2\/2015\/01\/kaizen.jpg?fit=540%2C295&ssl=1&resize=350%2C200 1x, https:\/\/i0.wp.com\/blog-alexis.monville.com\/en\/wp-content\/uploads\/sites\/2\/2015\/01\/kaizen.jpg?fit=540%2C295&ssl=1&resize=525%2C300 1.5x"},"classes":[]},{"id":643,"url":"https:\/\/blog-alexis.monville.com\/en\/2009\/09\/02\/le-facteur-humain-coeur-de-lindustrie-du-logiciel-libre\/","url_meta":{"origin":178,"position":5},"title":"Le facteur humain&#8230; coeur de l&#8217;Industrie du logiciel libre","author":"Alexis","date":"September 2, 2009","format":false,"excerpt":"Paris, le 2 octobre 2009, dans le cadre du forum mondial du libre (Open World Forum) se tiendra la conf\u00e9rence : \"Le facteur humain... coeur de l'Industrie du logiciel libre.\" Comment la dimension humaine collaborative et le mode de croissance organique du Logiciel Libre peuvent transformer en profondeur le monde\u2026","rel":"","context":"In &quot;ayeba&quot;","block_context":{"text":"ayeba","link":"https:\/\/blog-alexis.monville.com\/en\/category\/ayeba\/"},"img":{"alt_text":"OWF 2009","src":"http:\/\/openworldforum.org\/owf\/portal\/contact\/OWF_200x216.jpg\/image_preview","width":350,"height":200},"classes":[]}],"jetpack_sharing_enabled":true,"_links":{"self":[{"href":"https:\/\/blog-alexis.monville.com\/en\/wp-json\/wp\/v2\/posts\/178","targetHints":{"allow":["GET"]}}],"collection":[{"href":"https:\/\/blog-alexis.monville.com\/en\/wp-json\/wp\/v2\/posts"}],"about":[{"href":"https:\/\/blog-alexis.monville.com\/en\/wp-json\/wp\/v2\/types\/post"}],"author":[{"embeddable":true,"href":"https:\/\/blog-alexis.monville.com\/en\/wp-json\/wp\/v2\/users\/1"}],"replies":[{"embeddable":true,"href":"https:\/\/blog-alexis.monville.com\/en\/wp-json\/wp\/v2\/comments?post=178"}],"version-history":[{"count":0,"href":"https:\/\/blog-alexis.monville.com\/en\/wp-json\/wp\/v2\/posts\/178\/revisions"}],"wp:attachment":[{"href":"https:\/\/blog-alexis.monville.com\/en\/wp-json\/wp\/v2\/media?parent=178"}],"wp:term":[{"taxonomy":"category","embeddable":true,"href":"https:\/\/blog-alexis.monville.com\/en\/wp-json\/wp\/v2\/categories?post=178"},{"taxonomy":"post_tag","embeddable":true,"href":"https:\/\/blog-alexis.monville.com\/en\/wp-json\/wp\/v2\/tags?post=178"}],"curies":[{"name":"wp","href":"https:\/\/api.w.org\/{rel}","templated":true}]}}