{"id":1776,"date":"2014-02-16T16:29:05","date_gmt":"2014-02-16T15:29:05","guid":{"rendered":"https:\/\/blog-alexis.monville.com\/?p=1776"},"modified":"2014-02-16T16:29:05","modified_gmt":"2014-02-16T15:29:05","slug":"devenir-fournisseur-dacces-internet","status":"publish","type":"post","link":"https:\/\/blog-alexis.monville.com\/en\/2014\/02\/16\/devenir-fournisseur-dacces-internet\/","title":{"rendered":"Devenir fournisseur d&#8217;acc\u00e8s Internet"},"content":{"rendered":"<p><a href=\"https:\/\/i0.wp.com\/blog-alexis.monville.com\/wp-content\/uploads\/sites\/2\/2014\/02\/TEDxBordeaux-JulienRabier.png?ssl=1\"><img data-recalc-dims=\"1\" loading=\"lazy\" decoding=\"async\" data-attachment-id=\"1778\" data-permalink=\"https:\/\/blog-alexis.monville.com\/en\/2014\/02\/16\/devenir-fournisseur-dacces-internet\/tedxbordeaux-julienrabier\/\" data-orig-file=\"https:\/\/i0.wp.com\/blog-alexis.monville.com\/en\/wp-content\/uploads\/sites\/2\/2014\/02\/TEDxBordeaux-JulienRabier.png?fit=443%2C353&amp;ssl=1\" data-orig-size=\"443,353\" data-comments-opened=\"1\" data-image-meta=\"{&quot;aperture&quot;:&quot;0&quot;,&quot;credit&quot;:&quot;&quot;,&quot;camera&quot;:&quot;&quot;,&quot;caption&quot;:&quot;&quot;,&quot;created_timestamp&quot;:&quot;0&quot;,&quot;copyright&quot;:&quot;&quot;,&quot;focal_length&quot;:&quot;0&quot;,&quot;iso&quot;:&quot;0&quot;,&quot;shutter_speed&quot;:&quot;0&quot;,&quot;title&quot;:&quot;&quot;}\" data-image-title=\"TEDxBordeaux-JulienRabier\" data-image-description=\"\" data-image-caption=\"\" data-large-file=\"https:\/\/i0.wp.com\/blog-alexis.monville.com\/en\/wp-content\/uploads\/sites\/2\/2014\/02\/TEDxBordeaux-JulienRabier.png?fit=443%2C353&amp;ssl=1\" class=\"alignleft size-medium wp-image-1778\" alt=\"TEDxBordeaux-JulienRabier\" src=\"https:\/\/i0.wp.com\/blog-alexis.monville.com\/wp-content\/uploads\/sites\/2\/2014\/02\/TEDxBordeaux-JulienRabier-300x239.png?resize=300%2C239&#038;ssl=1\" width=\"300\" height=\"239\" srcset=\"https:\/\/i0.wp.com\/blog-alexis.monville.com\/en\/wp-content\/uploads\/sites\/2\/2014\/02\/TEDxBordeaux-JulienRabier.png?resize=300%2C239&amp;ssl=1 300w, https:\/\/i0.wp.com\/blog-alexis.monville.com\/en\/wp-content\/uploads\/sites\/2\/2014\/02\/TEDxBordeaux-JulienRabier.png?w=443&amp;ssl=1 443w\" sizes=\"auto, (max-width: 300px) 100vw, 300px\" \/><\/a>Si vous \u00e9tiez au TEDxBordeaux en 2013, vous avez rencontr\u00e9 Julien Rabier pour son talk\u00a0<a href=\"http:\/\/www.youtube.com\/watch?v=izwFkHbgK-s&amp;list=PLZeXXzXSxEfIy7H2AAd9wzFq-m6-7vdPZ\" target=\"_blank\">Une libert\u00e9 de surfer<\/a>.<\/p>\n<p>Il a donn\u00e9 <a href=\"http:\/\/media.ccc.de\/browse\/congress\/2013\/30C3_-_5391_-_en_-_saal_6_-_201312291130_-_y_u_no_isp_taking_back_the_net_-_taziden.html\" target=\"_blank\">une conf\u00e9rence lors du 30\u00e8me CCC<\/a> (Chaos Communication Congress) qui a \u00e9t\u00e9 l&#8217;occasion de renforcer l&#8217;initiative <a href=\"https:\/\/www.diyisp.org\/dokuwiki\/doku.php?id=about\" target=\"_blank\">DIY ISP<\/a> [le son au d\u00e9but de la conf\u00e9rence est mauvais, mais il s&#8217;am\u00e9liore apr\u00e8s quelques minutes].<\/p>\n<p>Cette initiative permet de mutualiser les ressources n\u00e9cessaires pour devenir fournisseur d&#8217;acc\u00e8s Internet. Et si vous regardez <a href=\"http:\/\/db.ffdn.org\/\" target=\"_blank\">cette carte<\/a>, vous verrez que vous ne serez pas seul \u00e0 vous lancer !<\/p>\n<p>Et vous pourrez contribuer \u00e0 reprendre le contr\u00f4le d&#8217;Internet&#8230;<\/p>\n<p>&nbsp;<\/p>\n<p><em>L&#8217;image d&#8217;ent\u00eate provient de l&#8217;article Wikipedia sur Internet :\u00a0<a href=\"http:\/\/en.wikipedia.org\/wiki\/File:Internet_map_1024_-_transparent.png\" target=\"_blank\">http:\/\/en.wikipedia.org\/wiki\/File:Internet_map_1024_-_transparent.png<\/a><\/em><\/p>\n","protected":false},"excerpt":{"rendered":"<p>Si vous \u00e9tiez au TEDxBordeaux en 2013, vous avez rencontr\u00e9 Julien Rabier pour son talk\u00a0Une libert\u00e9 de surfer. Il a donn\u00e9 une conf\u00e9rence lors du 30\u00e8me CCC (Chaos Communication Congress) qui a \u00e9t\u00e9 l&#8217;occasion de renforcer l&#8217;initiative DIY ISP [le son au d\u00e9but de la conf\u00e9rence est mauvais, mais il s&#8217;am\u00e9liore apr\u00e8s quelques minutes]. Cette [&hellip;]<\/p>\n","protected":false},"author":1,"featured_media":1777,"comment_status":"open","ping_status":"open","sticky":false,"template":"","format":"standard","meta":{"advanced_seo_description":"","jetpack_seo_html_title":"","jetpack_seo_noindex":false,"jetpack_post_was_ever_published":false,"_jetpack_newsletter_access":"","_jetpack_dont_email_post_to_subs":false,"_jetpack_newsletter_tier_id":0,"_jetpack_memberships_contains_paywalled_content":false,"_jetpack_memberships_contains_paid_content":false,"footnotes":""},"categories":[1],"tags":[],"class_list":["post-1776","post","type-post","status-publish","format-standard","has-post-thumbnail","hentry","category-all"],"jetpack_featured_media_url":"https:\/\/i0.wp.com\/blog-alexis.monville.com\/en\/wp-content\/uploads\/sites\/2\/2014\/02\/Internet_map_1024_-_transparent.png?fit=1280%2C1280&ssl=1","jetpack_shortlink":"https:\/\/wp.me\/paNjQG-sE","jetpack-related-posts":[{"id":1793,"url":"https:\/\/blog-alexis.monville.com\/en\/2014\/03\/02\/une-carte-pour-vous\/","url_meta":{"origin":1776,"position":0},"title":"Une carte pour vous","author":"Alexis","date":"March 2, 2014","format":false,"excerpt":"Connaissez-vous le service Mapbox ? Il permet de cr\u00e9er des cartes personnalis\u00e9es, comme celle-ci pour la nouvelle adresse des bureaux d'eNovance \u00e0 Paris : Ou comme celle-ci pour la nouvelle adresse des bureaux d'Ayeba \u00e0 Bordeaux : Mapbox utilise Openstreetmap (le Wikipedia des cartes) pour fournir son service : https:\/\/www.mapbox.com\/openstreetmap\/","rel":"","context":"In &quot;ayeba&quot;","block_context":{"text":"ayeba","link":"https:\/\/blog-alexis.monville.com\/en\/category\/ayeba\/"},"img":{"alt_text":"","src":"https:\/\/i0.wp.com\/blog-alexis.monville.com\/en\/wp-content\/uploads\/sites\/2\/2014\/03\/carte.png?fit=1200%2C360&ssl=1&resize=350%2C200","width":350,"height":200,"srcset":"https:\/\/i0.wp.com\/blog-alexis.monville.com\/en\/wp-content\/uploads\/sites\/2\/2014\/03\/carte.png?fit=1200%2C360&ssl=1&resize=350%2C200 1x, https:\/\/i0.wp.com\/blog-alexis.monville.com\/en\/wp-content\/uploads\/sites\/2\/2014\/03\/carte.png?fit=1200%2C360&ssl=1&resize=525%2C300 1.5x, https:\/\/i0.wp.com\/blog-alexis.monville.com\/en\/wp-content\/uploads\/sites\/2\/2014\/03\/carte.png?fit=1200%2C360&ssl=1&resize=700%2C400 2x, https:\/\/i0.wp.com\/blog-alexis.monville.com\/en\/wp-content\/uploads\/sites\/2\/2014\/03\/carte.png?fit=1200%2C360&ssl=1&resize=1050%2C600 3x"},"classes":[]},{"id":96,"url":"https:\/\/blog-alexis.monville.com\/en\/2008\/05\/28\/civilisation-du-numerique\/","url_meta":{"origin":1776,"position":1},"title":"Civilisation du num\u00e9rique","author":"Alexis","date":"May 28, 2008","format":false,"excerpt":"Civilisation du num\u00e9rique : Controle et responsabilisation C'est le titre de la conf\u00e9rence que Jo\u00ebl de Rosnay a donn\u00e9e le 28 mai \u00e0 la Cit\u00e9 des Sciences, j'avais suivis les pr\u00e9c\u00e9dentes conf\u00e9rences du cycle : \"En 2030, vivrons-nous en r\u00e9seau ?\" en diff\u00e9r\u00e9 et par Internet... Cette fois, j'avais fait\u2026","rel":"","context":"In &quot;General&quot;","block_context":{"text":"General","link":"https:\/\/blog-alexis.monville.com\/en\/category\/all\/"},"img":{"alt_text":"","src":"","width":0,"height":0},"classes":[]},{"id":520,"url":"https:\/\/blog-alexis.monville.com\/en\/2009\/05\/14\/ted-le-sous-titrage-des-conferences-a-commence\/","url_meta":{"origin":1776,"position":2},"title":"TED &#8211; Le sous-titrage des conf\u00e9rences a commenc\u00e9 !","author":"Alexis","date":"May 14, 2009","format":false,"excerpt":"Le site Internet ted.com pr\u00e9sente les enregistrements des conf\u00e9rences organis\u00e9es depuis... 1984. A d\u00e9couvrir absolument, avec par exemple Hans Rossling pr\u00e9sentant des statistiques comme vous n'en avez jamais vu, ou Lawrence Lessig parlant de la loi et de la cr\u00e9ativit\u00e9. Un projet de traduction a commenc\u00e9 depuis quelques temps et\u2026","rel":"","context":"In &quot;Explorateurs&quot;","block_context":{"text":"Explorateurs","link":"https:\/\/blog-alexis.monville.com\/en\/category\/explorateurs\/"},"img":{"alt_text":"","src":"https:\/\/i0.wp.com\/www.ted.com\/images\/ted_logo.gif?resize=350%2C200","width":350,"height":200},"classes":[]},{"id":1026,"url":"https:\/\/blog-alexis.monville.com\/en\/2011\/01\/16\/irma\/","url_meta":{"origin":1776,"position":3},"title":"Irma","author":"Alexis","date":"January 16, 2011","format":false,"excerpt":"D\u00e9couverte de la g\u00e9niale Irma lors de TEDxParis hier ! Une chanson entre deux conf\u00e9rences et surtout un mini concert lors de la soir\u00e9e au Scopitone ! Son premier album, financ\u00e9 par 416 producteurs sur MyMajorCompany, sera dans les bacs le 28 f\u00e9vrier 2011. Vous pouvez \u00e9galement d\u00e9couvrir de nombreux\u2026","rel":"","context":"In &quot;General&quot;","block_context":{"text":"General","link":"https:\/\/blog-alexis.monville.com\/en\/category\/all\/"},"img":{"alt_text":"","src":"https:\/\/i0.wp.com\/blog-alexis.monville.com\/files\/2011\/01\/Irma-300x208.png?resize=350%2C200&ssl=1","width":350,"height":200},"classes":[]},{"id":666,"url":"https:\/\/blog-alexis.monville.com\/en\/2009\/10\/17\/appel-a-communication-pour-solutions-linux-2010\/","url_meta":{"origin":1776,"position":4},"title":"Appel \u00e0 communication pour Solutions Linux 2010","author":"Alexis","date":"October 17, 2009","format":false,"excerpt":"Une conf\u00e9rence gratuite \"L'administration et le libre\" est propos\u00e9e lors de la prochaine \u00e9dition du salon Solutions Linux qui se d\u00e9roulera du 16 au 18 mars 2010. L'appel \u00e0 communication est publi\u00e9 et vous avez jusqu'au 6 novembre pour proposer vos interventions Pour en savoir plus vous pouvez consulter les\u2026","rel":"","context":"In &quot;International&quot;","block_context":{"text":"International","link":"https:\/\/blog-alexis.monville.com\/en\/category\/international\/"},"img":{"alt_text":"image001","src":"https:\/\/i0.wp.com\/blog-alexis.monville.com\/wp-content\/uploads\/sites\/2\/2009\/10\/image001.jpg?resize=350%2C200&ssl=1","width":350,"height":200},"classes":[]},{"id":55,"url":"https:\/\/blog-alexis.monville.com\/en\/2007\/03\/24\/de-lusage-du-mail\/","url_meta":{"origin":1776,"position":5},"title":"de l\u2019usage du mail","author":"Alexis","date":"March 24, 2007","format":false,"excerpt":"Cet article est une \u00e9bauche que je compl\u00e9terai... Pour paraphraser une remarque \u00e9mise lors de l'invention du t\u00e9l\u00e9phone.... Le courrier \u00e9lectronique a tant de d\u00e9faut que l'on ne peut le consid\u00e9rer comme un outil de communication. Le courriel est le service le plus utilis\u00e9 aujourd'hui sur Internet, l'usage continue de\u2026","rel":"","context":"In &quot;General&quot;","block_context":{"text":"General","link":"https:\/\/blog-alexis.monville.com\/en\/category\/all\/"},"img":{"alt_text":"","src":"","width":0,"height":0},"classes":[]}],"jetpack_sharing_enabled":true,"_links":{"self":[{"href":"https:\/\/blog-alexis.monville.com\/en\/wp-json\/wp\/v2\/posts\/1776","targetHints":{"allow":["GET"]}}],"collection":[{"href":"https:\/\/blog-alexis.monville.com\/en\/wp-json\/wp\/v2\/posts"}],"about":[{"href":"https:\/\/blog-alexis.monville.com\/en\/wp-json\/wp\/v2\/types\/post"}],"author":[{"embeddable":true,"href":"https:\/\/blog-alexis.monville.com\/en\/wp-json\/wp\/v2\/users\/1"}],"replies":[{"embeddable":true,"href":"https:\/\/blog-alexis.monville.com\/en\/wp-json\/wp\/v2\/comments?post=1776"}],"version-history":[{"count":1,"href":"https:\/\/blog-alexis.monville.com\/en\/wp-json\/wp\/v2\/posts\/1776\/revisions"}],"predecessor-version":[{"id":1779,"href":"https:\/\/blog-alexis.monville.com\/en\/wp-json\/wp\/v2\/posts\/1776\/revisions\/1779"}],"wp:featuredmedia":[{"embeddable":true,"href":"https:\/\/blog-alexis.monville.com\/en\/wp-json\/wp\/v2\/media\/1777"}],"wp:attachment":[{"href":"https:\/\/blog-alexis.monville.com\/en\/wp-json\/wp\/v2\/media?parent=1776"}],"wp:term":[{"taxonomy":"category","embeddable":true,"href":"https:\/\/blog-alexis.monville.com\/en\/wp-json\/wp\/v2\/categories?post=1776"},{"taxonomy":"post_tag","embeddable":true,"href":"https:\/\/blog-alexis.monville.com\/en\/wp-json\/wp\/v2\/tags?post=1776"}],"curies":[{"name":"wp","href":"https:\/\/api.w.org\/{rel}","templated":true}]}}