{"id":1759,"date":"2014-02-13T15:44:37","date_gmt":"2014-02-13T14:44:37","guid":{"rendered":"https:\/\/blog-alexis.monville.com\/?p=1759"},"modified":"2014-02-14T08:11:48","modified_gmt":"2014-02-14T07:11:48","slug":"prenons-de-lavance-sur-notre-temps","status":"publish","type":"post","link":"https:\/\/blog-alexis.monville.com\/en\/2014\/02\/13\/prenons-de-lavance-sur-notre-temps\/","title":{"rendered":"Prenons de l&#8217;avance sur notre temps"},"content":{"rendered":"<p><img data-recalc-dims=\"1\" loading=\"lazy\" decoding=\"async\" data-attachment-id=\"1761\" data-permalink=\"https:\/\/blog-alexis.monville.com\/en\/2014\/02\/13\/prenons-de-lavance-sur-notre-temps\/semaine-innovation-marques-2014\/\" data-orig-file=\"https:\/\/i0.wp.com\/blog-alexis.monville.com\/en\/wp-content\/uploads\/sites\/2\/2014\/02\/semaine-innovation-marques-2014.jpg?fit=280%2C401&amp;ssl=1\" data-orig-size=\"280,401\" data-comments-opened=\"1\" data-image-meta=\"{&quot;aperture&quot;:&quot;0&quot;,&quot;credit&quot;:&quot;&quot;,&quot;camera&quot;:&quot;&quot;,&quot;caption&quot;:&quot;&quot;,&quot;created_timestamp&quot;:&quot;0&quot;,&quot;copyright&quot;:&quot;&quot;,&quot;focal_length&quot;:&quot;0&quot;,&quot;iso&quot;:&quot;0&quot;,&quot;shutter_speed&quot;:&quot;0&quot;,&quot;title&quot;:&quot;&quot;}\" data-image-title=\"semaine-innovation-marques-2014\" data-image-description=\"\" data-image-caption=\"\" data-large-file=\"https:\/\/i0.wp.com\/blog-alexis.monville.com\/en\/wp-content\/uploads\/sites\/2\/2014\/02\/semaine-innovation-marques-2014.jpg?fit=280%2C401&amp;ssl=1\" class=\"alignleft size-medium wp-image-1761\" alt=\"semaine-innovation-marques-2014\" src=\"https:\/\/i0.wp.com\/blog-alexis.monville.com\/wp-content\/uploads\/sites\/2\/2014\/02\/semaine-innovation-marques-2014-209x300.jpg?resize=209%2C300&#038;ssl=1\" width=\"209\" height=\"300\" srcset=\"https:\/\/i0.wp.com\/blog-alexis.monville.com\/en\/wp-content\/uploads\/sites\/2\/2014\/02\/semaine-innovation-marques-2014.jpg?resize=209%2C300&amp;ssl=1 209w, https:\/\/i0.wp.com\/blog-alexis.monville.com\/en\/wp-content\/uploads\/sites\/2\/2014\/02\/semaine-innovation-marques-2014.jpg?w=280&amp;ssl=1 280w\" sizes=\"auto, (max-width: 209px) 100vw, 209px\" \/>J\u2019ai eu le plaisir d\u2019\u00eatre invit\u00e9 par les \u00e9l\u00e8ves de l\u2019ISEG Marketing et Communication (MCS2) \u00e0 d\u00e9battre sur le th\u00e8me de l\u2019innovation avec C\u00e9line Patrier, fondatrice de OriginBy. Ce d\u00e9bat cl\u00f4ture la semaine innovation et marques organis\u00e9e \u00e0 Bordeaux.<\/p>\n<p>Je souhaite remercier l\u2019ISEG et les \u00e9l\u00e8ves pour l\u2019organisation et pour l\u2019accueil chaleureux. Un grand merci \u00e9galement aux animateurs<\/p>\n<p>Clarisse Bodineau et\u00a0Phillipe Rozier\u00a0pour leurs prestations et leurs excellentes questions !<\/p>\n<p><a href=\"http:\/\/t.co\/8dwOlSJfx8\"><img data-recalc-dims=\"1\" loading=\"lazy\" decoding=\"async\" data-attachment-id=\"1762\" data-permalink=\"https:\/\/blog-alexis.monville.com\/en\/2014\/02\/13\/prenons-de-lavance-sur-notre-temps\/capture-decran-2014-02-13-a-08-44-19\/\" data-orig-file=\"https:\/\/i0.wp.com\/blog-alexis.monville.com\/en\/wp-content\/uploads\/sites\/2\/2014\/02\/Capture-d%E2%80%99%C3%A9cran-2014-02-13-%C3%A0-08.44.19.png?fit=458%2C226&amp;ssl=1\" data-orig-size=\"458,226\" data-comments-opened=\"1\" data-image-meta=\"{&quot;aperture&quot;:&quot;0&quot;,&quot;credit&quot;:&quot;&quot;,&quot;camera&quot;:&quot;&quot;,&quot;caption&quot;:&quot;&quot;,&quot;created_timestamp&quot;:&quot;0&quot;,&quot;copyright&quot;:&quot;&quot;,&quot;focal_length&quot;:&quot;0&quot;,&quot;iso&quot;:&quot;0&quot;,&quot;shutter_speed&quot;:&quot;0&quot;,&quot;title&quot;:&quot;&quot;}\" data-image-title=\"Capture d\u2019\u00e9cran 2014-02-13 \u00e0 08.44.19\" data-image-description=\"\" data-image-caption=\"\" data-large-file=\"https:\/\/i0.wp.com\/blog-alexis.monville.com\/en\/wp-content\/uploads\/sites\/2\/2014\/02\/Capture-d%E2%80%99%C3%A9cran-2014-02-13-%C3%A0-08.44.19.png?fit=458%2C226&amp;ssl=1\" class=\"alignleft size-medium wp-image-1762\" alt=\"idea\" src=\"https:\/\/i0.wp.com\/blog-alexis.monville.com\/wp-content\/uploads\/sites\/2\/2014\/02\/Capture-d%E2%80%99%C3%A9cran-2014-02-13-%C3%A0-08.44.19-300x148.png?resize=300%2C148&#038;ssl=1\" width=\"300\" height=\"148\" srcset=\"https:\/\/i0.wp.com\/blog-alexis.monville.com\/en\/wp-content\/uploads\/sites\/2\/2014\/02\/Capture-d%E2%80%99%C3%A9cran-2014-02-13-%C3%A0-08.44.19.png?resize=300%2C148&amp;ssl=1 300w, https:\/\/i0.wp.com\/blog-alexis.monville.com\/en\/wp-content\/uploads\/sites\/2\/2014\/02\/Capture-d%E2%80%99%C3%A9cran-2014-02-13-%C3%A0-08.44.19.png?w=458&amp;ssl=1 458w\" sizes=\"auto, (max-width: 300px) 100vw, 300px\" \/><\/a><img data-recalc-dims=\"1\" loading=\"lazy\" decoding=\"async\" data-attachment-id=\"1764\" data-permalink=\"https:\/\/blog-alexis.monville.com\/en\/2014\/02\/13\/prenons-de-lavance-sur-notre-temps\/capture-decran-2014-02-13-a-08-47-32\/\" data-orig-file=\"https:\/\/i0.wp.com\/blog-alexis.monville.com\/en\/wp-content\/uploads\/sites\/2\/2014\/02\/Capture-d%E2%80%99%C3%A9cran-2014-02-13-%C3%A0-08.47.32.png?fit=602%2C194&amp;ssl=1\" data-orig-size=\"602,194\" data-comments-opened=\"1\" data-image-meta=\"{&quot;aperture&quot;:&quot;0&quot;,&quot;credit&quot;:&quot;&quot;,&quot;camera&quot;:&quot;&quot;,&quot;caption&quot;:&quot;&quot;,&quot;created_timestamp&quot;:&quot;0&quot;,&quot;copyright&quot;:&quot;&quot;,&quot;focal_length&quot;:&quot;0&quot;,&quot;iso&quot;:&quot;0&quot;,&quot;shutter_speed&quot;:&quot;0&quot;,&quot;title&quot;:&quot;&quot;}\" data-image-title=\"Capture d\u2019\u00e9cran 2014-02-13 \u00e0 08.47.32\" data-image-description=\"\" data-image-caption=\"\" data-large-file=\"https:\/\/i0.wp.com\/blog-alexis.monville.com\/en\/wp-content\/uploads\/sites\/2\/2014\/02\/Capture-d%E2%80%99%C3%A9cran-2014-02-13-%C3%A0-08.47.32.png?fit=602%2C194&amp;ssl=1\" class=\"size-medium wp-image-1764 alignright\" alt=\"tweet S\u00e9vanne\" src=\"https:\/\/i0.wp.com\/blog-alexis.monville.com\/wp-content\/uploads\/sites\/2\/2014\/02\/Capture-d%E2%80%99%C3%A9cran-2014-02-13-%C3%A0-08.47.32-300x96.png?resize=300%2C96&#038;ssl=1\" width=\"300\" height=\"96\" srcset=\"https:\/\/i0.wp.com\/blog-alexis.monville.com\/en\/wp-content\/uploads\/sites\/2\/2014\/02\/Capture-d%E2%80%99%C3%A9cran-2014-02-13-%C3%A0-08.47.32.png?resize=300%2C96&amp;ssl=1 300w, https:\/\/i0.wp.com\/blog-alexis.monville.com\/en\/wp-content\/uploads\/sites\/2\/2014\/02\/Capture-d%E2%80%99%C3%A9cran-2014-02-13-%C3%A0-08.47.32.png?w=602&amp;ssl=1 602w\" sizes=\"auto, (max-width: 300px) 100vw, 300px\" \/><\/p>\n<p>Premi\u00e8re question donc : il s\u2019agissait de d\u00e9finir l\u2019innovation, ou plus t\u00f4t de se positionner par rapport \u00e0 la d\u00e9finition donn\u00e9e par ce petit film diffus\u00e9 en lancement de la conf\u00e9rence. Le tweet de <a href=\"https:\/\/twitter.com\/sevanneheaven\" target=\"_blank\">@sevanneheaven<\/a> r\u00e9sume bien mon propos : \u00ab L\u2019innovation n\u2019est jamais solitaire, on observe le monde autour de soi, on travaille ensemble pour aller plus loin \u00bb.<\/p>\n<p>La question suivante se r\u00e9f\u00e9rait aux ressources n\u00e9cessaires pour l\u2019innovation outils ? machines ? m\u00e9thodes ? interrogeaient les animateurs\u2026 Ce que nous avons besoin d\u2019avoir pour innover, ce sont une grande diversit\u00e9 de personnes, regroup\u00e9es dans des conditions favorables. Pour expliquer ce que peut signifier des conditions favorables, j\u2019utilisais une caricature : enfermer quelqu\u2019un dans un bureau et menacer le d\u2019une sanction si il n\u2019a pas innov\u00e9 dans l\u2019heure\u2026<\/p>\n<p>Cela me permettait \u00e9galement d\u2019expliciter l\u2019organisation n\u00e9cessaire pour favoriser la collaboration entre les personnes, la lib\u00e9ration et le d\u00e9veloppement des talents, permettant la cr\u00e9ativit\u00e9 et l\u2019innovation\u2026 et donc de parler de mon r\u00f4le de <a href=\"https:\/\/blog-alexis.monville.com\/2014\/01\/28\/chief-agility-officer\/\" target=\"_blank\">Chief Agility Officer<\/a> chez <a href=\"http:\/\/www.enovance.com\" target=\"_blank\">eNovance<\/a>.<\/p>\n<p><img data-recalc-dims=\"1\" loading=\"lazy\" decoding=\"async\" data-attachment-id=\"1765\" data-permalink=\"https:\/\/blog-alexis.monville.com\/en\/2014\/02\/13\/prenons-de-lavance-sur-notre-temps\/capture-decran-2014-02-13-a-09-04-42\/\" data-orig-file=\"https:\/\/i0.wp.com\/blog-alexis.monville.com\/en\/wp-content\/uploads\/sites\/2\/2014\/02\/Capture-d%E2%80%99%C3%A9cran-2014-02-13-%C3%A0-09.04.42.png?fit=598%2C194&amp;ssl=1\" data-orig-size=\"598,194\" data-comments-opened=\"1\" data-image-meta=\"{&quot;aperture&quot;:&quot;0&quot;,&quot;credit&quot;:&quot;&quot;,&quot;camera&quot;:&quot;&quot;,&quot;caption&quot;:&quot;&quot;,&quot;created_timestamp&quot;:&quot;0&quot;,&quot;copyright&quot;:&quot;&quot;,&quot;focal_length&quot;:&quot;0&quot;,&quot;iso&quot;:&quot;0&quot;,&quot;shutter_speed&quot;:&quot;0&quot;,&quot;title&quot;:&quot;&quot;}\" data-image-title=\"Capture d\u2019\u00e9cran 2014-02-13 \u00e0 09.04.42\" data-image-description=\"\" data-image-caption=\"\" data-large-file=\"https:\/\/i0.wp.com\/blog-alexis.monville.com\/en\/wp-content\/uploads\/sites\/2\/2014\/02\/Capture-d%E2%80%99%C3%A9cran-2014-02-13-%C3%A0-09.04.42.png?fit=598%2C194&amp;ssl=1\" class=\"size-medium wp-image-1765 alignright\" alt=\"Tweet @GuillaumeCo\" src=\"https:\/\/i0.wp.com\/blog-alexis.monville.com\/wp-content\/uploads\/sites\/2\/2014\/02\/Capture-d%E2%80%99%C3%A9cran-2014-02-13-%C3%A0-09.04.42-300x97.png?resize=300%2C97&#038;ssl=1\" width=\"300\" height=\"97\" srcset=\"https:\/\/i0.wp.com\/blog-alexis.monville.com\/en\/wp-content\/uploads\/sites\/2\/2014\/02\/Capture-d%E2%80%99%C3%A9cran-2014-02-13-%C3%A0-09.04.42.png?resize=300%2C97&amp;ssl=1 300w, https:\/\/i0.wp.com\/blog-alexis.monville.com\/en\/wp-content\/uploads\/sites\/2\/2014\/02\/Capture-d%E2%80%99%C3%A9cran-2014-02-13-%C3%A0-09.04.42.png?w=598&amp;ssl=1 598w\" sizes=\"auto, (max-width: 300px) 100vw, 300px\" \/><\/p>\n<p>Une question sur les cycles d\u2019innovation et les secteurs permettait d\u2019\u00e9voquer quelques acteurs venant innover dans des diff\u00e9rents secteurs comme le r\u00e9sume le tweet de <a href=\"https:\/\/twitter.com\/GuillaumCo\" target=\"_blank\">@GuillaumCo<\/a> : \u00ab @alexismonville nous a cit\u00e9 entre autre @enovance, @TeslaMotors, @ulule, @XeroxCorp, 1083 denim #innoviseg #Bordeaux \u00bb (Je pr\u00e9cise que <a href=\"https:\/\/blog-alexis.monville.com\/2014\/01\/31\/1083-borne-in-france\/\">1083<\/a>, ce sont des jeans et des chaussures fabriqu\u00e9es en France, dont le d\u00e9marrage a \u00e9t\u00e9 financ\u00e9 en crowdfunding sur ulule)\u2026 Et j\u2019ajoute que j\u2019ai oubli\u00e9 de parler de <a href=\"https:\/\/blog-alexis.monville.com\/2013\/09\/28\/quand-la-liberte-des-salaries-fait-le-succes-des-entreprises\/\">Favi<\/a>, une fonderie fran\u00e7aise qui innove dans la Somme depuis plus de 30 ans&#8230;<\/p>\n<p><a href=\"http:\/\/www.fastcompany.com\/most-innovative-companies\/2014 \"><img data-recalc-dims=\"1\" loading=\"lazy\" decoding=\"async\" data-attachment-id=\"1767\" data-permalink=\"https:\/\/blog-alexis.monville.com\/en\/2014\/02\/13\/prenons-de-lavance-sur-notre-temps\/capture-decran-2014-02-13-a-08-25-32\/\" data-orig-file=\"https:\/\/i0.wp.com\/blog-alexis.monville.com\/en\/wp-content\/uploads\/sites\/2\/2014\/02\/Capture-d%E2%80%99%C3%A9cran-2014-02-13-%C3%A0-08.25.32.png?fit=1244%2C384&amp;ssl=1\" data-orig-size=\"1244,384\" data-comments-opened=\"1\" data-image-meta=\"{&quot;aperture&quot;:&quot;0&quot;,&quot;credit&quot;:&quot;&quot;,&quot;camera&quot;:&quot;&quot;,&quot;caption&quot;:&quot;&quot;,&quot;created_timestamp&quot;:&quot;0&quot;,&quot;copyright&quot;:&quot;&quot;,&quot;focal_length&quot;:&quot;0&quot;,&quot;iso&quot;:&quot;0&quot;,&quot;shutter_speed&quot;:&quot;0&quot;,&quot;title&quot;:&quot;&quot;}\" data-image-title=\"Capture d\u2019\u00e9cran 2014-02-13 \u00e0 08.25.32\" data-image-description=\"\" data-image-caption=\"\" data-large-file=\"https:\/\/i0.wp.com\/blog-alexis.monville.com\/en\/wp-content\/uploads\/sites\/2\/2014\/02\/Capture-d%E2%80%99%C3%A9cran-2014-02-13-%C3%A0-08.25.32.png?fit=1024%2C316&amp;ssl=1\" class=\"alignleft size-medium wp-image-1767\" alt=\"Capture d\u2019\u00e9cran 2014-02-13 \u00e0 08.25.32\" src=\"https:\/\/i0.wp.com\/blog-alexis.monville.com\/wp-content\/uploads\/sites\/2\/2014\/02\/Capture-d%E2%80%99%C3%A9cran-2014-02-13-%C3%A0-08.25.32-300x92.png?resize=300%2C92&#038;ssl=1\" width=\"300\" height=\"92\" srcset=\"https:\/\/i0.wp.com\/blog-alexis.monville.com\/en\/wp-content\/uploads\/sites\/2\/2014\/02\/Capture-d%E2%80%99%C3%A9cran-2014-02-13-%C3%A0-08.25.32.png?resize=300%2C92&amp;ssl=1 300w, https:\/\/i0.wp.com\/blog-alexis.monville.com\/en\/wp-content\/uploads\/sites\/2\/2014\/02\/Capture-d%E2%80%99%C3%A9cran-2014-02-13-%C3%A0-08.25.32.png?resize=1024%2C316&amp;ssl=1 1024w, https:\/\/i0.wp.com\/blog-alexis.monville.com\/en\/wp-content\/uploads\/sites\/2\/2014\/02\/Capture-d%E2%80%99%C3%A9cran-2014-02-13-%C3%A0-08.25.32.png?w=1244&amp;ssl=1 1244w\" sizes=\"auto, (max-width: 300px) 100vw, 300px\" \/><\/a>Une derni\u00e8re question sur les innovations \u00e0 venir, me permettait de pointer que le d\u00e9but d\u2019ann\u00e9e est une p\u00e9riode propice aux classements, que cela pourrait \u00eatre une bonne source pour observer ce que les autres trouvent innovant, avec <a href=\"http:\/\/www.fastcompany.com\/most-innovative-companies\/2014 \" target=\"_blank\">le classement de FastCompany<\/a> par exemple positionnant Google en t\u00eate probablement \u00e0 cause de son investissement dans : \u00ab la fin de la mort \u00bb\u2026<\/p>\n<p><img data-recalc-dims=\"1\" loading=\"lazy\" decoding=\"async\" data-attachment-id=\"1763\" data-permalink=\"https:\/\/blog-alexis.monville.com\/en\/2014\/02\/13\/prenons-de-lavance-sur-notre-temps\/innovation-alexis-monville-celine-patrier\/\" data-orig-file=\"https:\/\/i0.wp.com\/blog-alexis.monville.com\/en\/wp-content\/uploads\/sites\/2\/2014\/02\/innovation-alexis-monville-celine-patrier.jpg?fit=2448%2C3264&amp;ssl=1\" data-orig-size=\"2448,3264\" data-comments-opened=\"1\" data-image-meta=\"{&quot;aperture&quot;:&quot;0&quot;,&quot;credit&quot;:&quot;&quot;,&quot;camera&quot;:&quot;&quot;,&quot;caption&quot;:&quot;&quot;,&quot;created_timestamp&quot;:&quot;0&quot;,&quot;copyright&quot;:&quot;&quot;,&quot;focal_length&quot;:&quot;0&quot;,&quot;iso&quot;:&quot;0&quot;,&quot;shutter_speed&quot;:&quot;0&quot;,&quot;title&quot;:&quot;&quot;}\" data-image-title=\"innovation-alexis-monville-celine-patrier\" data-image-description=\"\" data-image-caption=\"\" data-large-file=\"https:\/\/i0.wp.com\/blog-alexis.monville.com\/en\/wp-content\/uploads\/sites\/2\/2014\/02\/innovation-alexis-monville-celine-patrier.jpg?fit=768%2C1024&amp;ssl=1\" class=\"alignleft size-medium wp-image-1763\" alt=\"innovation-alexis-monville-celine-patrier\" src=\"https:\/\/i0.wp.com\/blog-alexis.monville.com\/wp-content\/uploads\/sites\/2\/2014\/02\/innovation-alexis-monville-celine-patrier-225x300.jpg?resize=225%2C300&#038;ssl=1\" width=\"225\" height=\"300\" srcset=\"https:\/\/i0.wp.com\/blog-alexis.monville.com\/en\/wp-content\/uploads\/sites\/2\/2014\/02\/innovation-alexis-monville-celine-patrier.jpg?resize=225%2C300&amp;ssl=1 225w, https:\/\/i0.wp.com\/blog-alexis.monville.com\/en\/wp-content\/uploads\/sites\/2\/2014\/02\/innovation-alexis-monville-celine-patrier.jpg?resize=768%2C1024&amp;ssl=1 768w, https:\/\/i0.wp.com\/blog-alexis.monville.com\/en\/wp-content\/uploads\/sites\/2\/2014\/02\/innovation-alexis-monville-celine-patrier.jpg?w=2000&amp;ssl=1 2000w\" sizes=\"auto, (max-width: 225px) 100vw, 225px\" \/><\/p>\n<p><em>La photo est de <a href=\"https:\/\/twitter.com\/isabelmonville\" target=\"_blank\">@isabelmonville<\/a> et l\u2019id\u00e9e de parler de la fin de la mort m\u2019est venue car ma fille Emma a r\u00e9pondu candidement \u00e0 ma question sur ce qui \u00e9tait important pour elle : la vie, la famille, les amis\u2026 C\u2019est donc bien les domaine o\u00f9 il faut innover pour la prochaine g\u00e9n\u00e9ration \ud83d\ude42<\/em><\/p>\n","protected":false},"excerpt":{"rendered":"<p>J\u2019ai eu le plaisir d\u2019\u00eatre invit\u00e9 par les \u00e9l\u00e8ves de l\u2019ISEG Marketing et Communication (MCS2) \u00e0 d\u00e9battre sur le th\u00e8me de l\u2019innovation avec C\u00e9line Patrier, fondatrice de OriginBy. Ce d\u00e9bat cl\u00f4ture la semaine innovation et marques organis\u00e9e \u00e0 Bordeaux. Je souhaite remercier l\u2019ISEG et les \u00e9l\u00e8ves pour l\u2019organisation et pour l\u2019accueil chaleureux. Un grand merci [&hellip;]<\/p>\n","protected":false},"author":1,"featured_media":1773,"comment_status":"open","ping_status":"open","sticky":false,"template":"","format":"standard","meta":{"advanced_seo_description":"","jetpack_seo_html_title":"","jetpack_seo_noindex":false,"jetpack_post_was_ever_published":false,"_jetpack_newsletter_access":"","_jetpack_dont_email_post_to_subs":false,"_jetpack_newsletter_tier_id":0,"_jetpack_memberships_contains_paywalled_content":false,"_jetpack_memberships_contains_paid_content":false,"footnotes":""},"categories":[1],"tags":[236],"class_list":["post-1759","post","type-post","status-publish","format-standard","has-post-thumbnail","hentry","category-all","tag-innovation"],"jetpack_featured_media_url":"https:\/\/i0.wp.com\/blog-alexis.monville.com\/en\/wp-content\/uploads\/sites\/2\/2014\/02\/Semaine-de-linnovation-et-des-marques1.jpg?fit=1024%2C1224&ssl=1","jetpack_shortlink":"https:\/\/wp.me\/paNjQG-sn","jetpack-related-posts":[{"id":233,"url":"https:\/\/blog-alexis.monville.com\/en\/2008\/10\/19\/les-explorateurs-au-forum\/","url_meta":{"origin":1759,"position":0},"title":"Les Explorateurs au Forum&#8230;","author":"Alexis","date":"October 19, 2008","format":false,"excerpt":"Les 17 et 18 octobre, les Explorateurs du web avaient rendez-vous au Forum des Associations de la ville de Paris. De nombreuses rencontres passionnantes, des questions, des id\u00e9es sur les usages du web (qui pour beaucoup est la premi\u00e8re version qu'ils voient et pour qui, donc, l'expression web 2.0 n'a\u2026","rel":"","context":"In &quot;Explorateurs&quot;","block_context":{"text":"Explorateurs","link":"https:\/\/blog-alexis.monville.com\/en\/category\/explorateurs\/"},"img":{"alt_text":"","src":"https:\/\/i0.wp.com\/lh6.ggpht.com\/monville.alexis\/SPsY6YwlyDI\/AAAAAAAACDA\/D-9xHDRk2eA\/s144\/explorateurs-forum-association.jpg?resize=350%2C200","width":350,"height":200},"classes":[]},{"id":688,"url":"https:\/\/blog-alexis.monville.com\/en\/2009\/11\/21\/acces-aux-donnees-publiques\/","url_meta":{"origin":1759,"position":1},"title":"Acc\u00e8s aux donn\u00e9es publiques","author":"Alexis","date":"November 21, 2009","format":false,"excerpt":"La premi\u00e8re fois que j'ai vu\u00a0Hans Rossling d\u00e9voiler des statistiques extraordinaires lors d'une session TED, je me suis dit que \"nous\" tenions une d\u00e9monstration de l'int\u00e9r\u00eat de donner acc\u00e8s aux donn\u00e9es publiques afin que \"nous\" puissions tous les utiliser. Depuis, les choses ont \u00e9volu\u00e9es et de nombreux pays ont fait\u2026","rel":"","context":"In &quot;Interventions&quot;","block_context":{"text":"Interventions","link":"https:\/\/blog-alexis.monville.com\/en\/category\/interventions\/"},"img":{"alt_text":"","src":"https:\/\/i0.wp.com\/lacantine.org\/\/uploads\/9\/opendatcamp_OKV5_R.png?resize=350%2C200","width":350,"height":200},"classes":[]},{"id":66,"url":"https:\/\/blog-alexis.monville.com\/en\/2007\/05\/27\/pour-un-%c2%ab-summer-of-code-%c2%bb-a-la-francaise\/","url_meta":{"origin":1759,"position":2},"title":"Pour un \u00ab Summer of Code \u00bb \u00e0 la fran\u00e7aise","author":"Alexis","date":"May 27, 2007","format":false,"excerpt":"Google organise pour la troisi\u00e8me ann\u00e9e cons\u00e9cutive, le Google Summer of Code. Le succ\u00e8s de l'\u00e9v\u00e8nement ne se d\u00e9ment pas : 600 participants pour cette ann\u00e9e 2007. Le principe est simple, des organisations proposant des \u00e9volutions de logiciels libres sont candidates pour devenir tuteurs, suite \u00e0 cela des \u00e9tudiants se\u2026","rel":"","context":"In &quot;General&quot;","block_context":{"text":"General","link":"https:\/\/blog-alexis.monville.com\/en\/category\/all\/"},"img":{"alt_text":"","src":"","width":0,"height":0},"classes":[]},{"id":912,"url":"https:\/\/blog-alexis.monville.com\/en\/2010\/10\/03\/turn-freedom-on\/","url_meta":{"origin":1759,"position":3},"title":"Turn freedom on","author":"Alexis","date":"October 3, 2010","format":false,"excerpt":"Eben Moglen a donn\u00e9e la keynote de cloture de la premi\u00e8re journ\u00e9e de l'OpenWorldForum le 30 septembre 2010. La libert\u00e9 \u00e9tait le th\u00e8me principal de l'adresse d'Eben Moglen. La libert\u00e9 apport\u00e9e par les travaux du mouvement pour le logiciel libre qui a r\u00e9ussi \u00e0 mettre de la libert\u00e9 dans de\u2026","rel":"","context":"In &quot;International&quot;","block_context":{"text":"International","link":"https:\/\/blog-alexis.monville.com\/en\/category\/international\/"},"img":{"alt_text":"","src":"https:\/\/i0.wp.com\/blog-alexis.monville.com\/wp-content\/uploads\/sites\/2\/2010\/10\/gnu-social-logo.png?resize=350%2C200&ssl=1","width":350,"height":200},"classes":[]},{"id":1064,"url":"https:\/\/blog-alexis.monville.com\/en\/2011\/02\/05\/lift11-troisieme-jour\/","url_meta":{"origin":1759,"position":4},"title":"Lift11 : troisi\u00e8me jour","author":"Alexis","date":"February 5, 2011","format":false,"excerpt":"Hasan Elahi, a \u00e9t\u00e9 arr\u00eat\u00e9 en 2002 \u00e0 son retour aux Etats-Unis et suspect\u00e9 d'\u00eatre un terroriste... A partir de ce moment, m\u00eame une fois qu'il a \u00e9t\u00e9 d\u00e9montr\u00e9 qu'il n'\u00e9tait pas un terroriste, il devait informer le FBI de tout ses d\u00e9placements. Il a alors d\u00e9cid\u00e9, de rendre ces\u2026","rel":"","context":"In &quot;Europe&quot;","block_context":{"text":"Europe","link":"https:\/\/blog-alexis.monville.com\/en\/category\/international\/europe\/"},"img":{"alt_text":"","src":"https:\/\/i0.wp.com\/blog-alexis.monville.com\/files\/2011\/02\/IMG_0664-300x225.jpg?resize=350%2C200&ssl=1","width":350,"height":200},"classes":[]},{"id":91,"url":"https:\/\/blog-alexis.monville.com\/en\/2008\/04\/17\/que-faire-de-l%e2%80%99heritage\/","url_meta":{"origin":1759,"position":5},"title":"Que faire de l\u2019h\u00e9ritage ?","author":"Alexis","date":"April 17, 2008","format":false,"excerpt":"Pour \u00eatre plus pr\u00e9cis : que faire de notre h\u00e9ritage culturel ? Quelles actions mener pour donner acc\u00e8s \u00e0 cet h\u00e9ritage culturel d\u2019une incroyable richesse et diversit\u00e9 dont nous disposons en France ? Quelles actions mener pour assurer sa p\u00e9rennit\u00e9 et permettre son enrichissement continu ? L\u2019acc\u00e8s \u00e0 cet h\u00e9ritage\u2026","rel":"","context":"In &quot;General&quot;","block_context":{"text":"General","link":"https:\/\/blog-alexis.monville.com\/en\/category\/all\/"},"img":{"alt_text":"","src":"","width":0,"height":0},"classes":[]}],"jetpack_sharing_enabled":true,"_links":{"self":[{"href":"https:\/\/blog-alexis.monville.com\/en\/wp-json\/wp\/v2\/posts\/1759","targetHints":{"allow":["GET"]}}],"collection":[{"href":"https:\/\/blog-alexis.monville.com\/en\/wp-json\/wp\/v2\/posts"}],"about":[{"href":"https:\/\/blog-alexis.monville.com\/en\/wp-json\/wp\/v2\/types\/post"}],"author":[{"embeddable":true,"href":"https:\/\/blog-alexis.monville.com\/en\/wp-json\/wp\/v2\/users\/1"}],"replies":[{"embeddable":true,"href":"https:\/\/blog-alexis.monville.com\/en\/wp-json\/wp\/v2\/comments?post=1759"}],"version-history":[{"count":6,"href":"https:\/\/blog-alexis.monville.com\/en\/wp-json\/wp\/v2\/posts\/1759\/revisions"}],"predecessor-version":[{"id":1775,"href":"https:\/\/blog-alexis.monville.com\/en\/wp-json\/wp\/v2\/posts\/1759\/revisions\/1775"}],"wp:featuredmedia":[{"embeddable":true,"href":"https:\/\/blog-alexis.monville.com\/en\/wp-json\/wp\/v2\/media\/1773"}],"wp:attachment":[{"href":"https:\/\/blog-alexis.monville.com\/en\/wp-json\/wp\/v2\/media?parent=1759"}],"wp:term":[{"taxonomy":"category","embeddable":true,"href":"https:\/\/blog-alexis.monville.com\/en\/wp-json\/wp\/v2\/categories?post=1759"},{"taxonomy":"post_tag","embeddable":true,"href":"https:\/\/blog-alexis.monville.com\/en\/wp-json\/wp\/v2\/tags?post=1759"}],"curies":[{"name":"wp","href":"https:\/\/api.w.org\/{rel}","templated":true}]}}