{"id":1738,"date":"2014-01-31T12:46:50","date_gmt":"2014-01-31T11:46:50","guid":{"rendered":"https:\/\/blog-alexis.monville.com\/?p=1738"},"modified":"2014-01-31T12:59:51","modified_gmt":"2014-01-31T11:59:51","slug":"1083-borne-in-france","status":"publish","type":"post","link":"https:\/\/blog-alexis.monville.com\/en\/2014\/01\/31\/1083-borne-in-france\/","title":{"rendered":"1083 &#8211; Borne in France"},"content":{"rendered":"<p><img data-recalc-dims=\"1\" loading=\"lazy\" decoding=\"async\" data-attachment-id=\"1739\" data-permalink=\"https:\/\/blog-alexis.monville.com\/en\/2014\/01\/31\/1083-borne-in-france\/2014-01-30-18-09-14\/\" data-orig-file=\"https:\/\/i0.wp.com\/blog-alexis.monville.com\/en\/wp-content\/uploads\/sites\/2\/2014\/01\/2014-01-30-18.09.14-scaled.jpg?fit=1920%2C2560&amp;ssl=1\" data-orig-size=\"1920,2560\" data-comments-opened=\"1\" data-image-meta=\"{&quot;aperture&quot;:&quot;2.65&quot;,&quot;credit&quot;:&quot;&quot;,&quot;camera&quot;:&quot;GT-I9300&quot;,&quot;caption&quot;:&quot;&quot;,&quot;created_timestamp&quot;:&quot;1391105354&quot;,&quot;copyright&quot;:&quot;&quot;,&quot;focal_length&quot;:&quot;3.7&quot;,&quot;iso&quot;:&quot;75&quot;,&quot;shutter_speed&quot;:&quot;0.037037037037037&quot;,&quot;title&quot;:&quot;&quot;,&quot;orientation&quot;:&quot;1&quot;}\" data-image-title=\"2014-01-30 18.09.14\" data-image-description=\"\" data-image-caption=\"\" data-large-file=\"https:\/\/i0.wp.com\/blog-alexis.monville.com\/en\/wp-content\/uploads\/sites\/2\/2014\/01\/2014-01-30-18.09.14-scaled.jpg?fit=768%2C1024&amp;ssl=1\" src=\"https:\/\/i0.wp.com\/blog-alexis.monville.com\/wp-content\/uploads\/sites\/2\/2014\/01\/2014-01-30-18.09.14-225x300.jpg?resize=225%2C300&#038;ssl=1\" alt=\"2014-01-30 18.09.14\" width=\"225\" height=\"300\" class=\"alignleft size-medium wp-image-1739\" srcset=\"https:\/\/i0.wp.com\/blog-alexis.monville.com\/en\/wp-content\/uploads\/sites\/2\/2014\/01\/2014-01-30-18.09.14-scaled.jpg?resize=225%2C300&amp;ssl=1 225w, https:\/\/i0.wp.com\/blog-alexis.monville.com\/en\/wp-content\/uploads\/sites\/2\/2014\/01\/2014-01-30-18.09.14-scaled.jpg?resize=768%2C1024&amp;ssl=1 768w, https:\/\/i0.wp.com\/blog-alexis.monville.com\/en\/wp-content\/uploads\/sites\/2\/2014\/01\/2014-01-30-18.09.14-scaled.jpg?resize=1152%2C1536&amp;ssl=1 1152w, https:\/\/i0.wp.com\/blog-alexis.monville.com\/en\/wp-content\/uploads\/sites\/2\/2014\/01\/2014-01-30-18.09.14-scaled.jpg?resize=1536%2C2048&amp;ssl=1 1536w, https:\/\/i0.wp.com\/blog-alexis.monville.com\/en\/wp-content\/uploads\/sites\/2\/2014\/01\/2014-01-30-18.09.14-scaled.jpg?resize=1200%2C1600&amp;ssl=1 1200w, https:\/\/i0.wp.com\/blog-alexis.monville.com\/en\/wp-content\/uploads\/sites\/2\/2014\/01\/2014-01-30-18.09.14-scaled.jpg?resize=1980%2C2640&amp;ssl=1 1980w, https:\/\/i0.wp.com\/blog-alexis.monville.com\/en\/wp-content\/uploads\/sites\/2\/2014\/01\/2014-01-30-18.09.14-scaled.jpg?w=1920&amp;ssl=1 1920w\" sizes=\"auto, (max-width: 225px) 100vw, 225px\" \/>Relever le d\u00e9fi de fabriquer des jeans et des baskets eco-con\u00e7us en France ? C&#8217;est le pari de <a href=\"http:\/\/www.1083.fr\/\" target=\"_blank\">1083<\/a> !<\/p>\n<p><img data-recalc-dims=\"1\" loading=\"lazy\" decoding=\"async\" data-attachment-id=\"1741\" data-permalink=\"https:\/\/blog-alexis.monville.com\/en\/2014\/01\/31\/1083-borne-in-france\/logo1083\/\" data-orig-file=\"https:\/\/i0.wp.com\/blog-alexis.monville.com\/en\/wp-content\/uploads\/sites\/2\/2014\/01\/logo1083.jpg?fit=129%2C155&amp;ssl=1\" data-orig-size=\"129,155\" data-comments-opened=\"1\" data-image-meta=\"{&quot;aperture&quot;:&quot;0&quot;,&quot;credit&quot;:&quot;&quot;,&quot;camera&quot;:&quot;&quot;,&quot;caption&quot;:&quot;&quot;,&quot;created_timestamp&quot;:&quot;0&quot;,&quot;copyright&quot;:&quot;&quot;,&quot;focal_length&quot;:&quot;0&quot;,&quot;iso&quot;:&quot;0&quot;,&quot;shutter_speed&quot;:&quot;0&quot;,&quot;title&quot;:&quot;&quot;}\" data-image-title=\"logo1083\" data-image-description=\"\" data-image-caption=\"\" data-large-file=\"https:\/\/i0.wp.com\/blog-alexis.monville.com\/en\/wp-content\/uploads\/sites\/2\/2014\/01\/logo1083.jpg?fit=129%2C155&amp;ssl=1\" src=\"https:\/\/i0.wp.com\/blog-alexis.monville.com\/wp-content\/uploads\/sites\/2\/2014\/01\/logo1083.jpg?resize=129%2C155&#038;ssl=1\" alt=\"logo1083\" width=\"129\" height=\"155\" class=\"alignright size-full wp-image-1741\" \/>Apr\u00e8s avoir particip\u00e9 \u00e0 la phase de pr\u00e9commande via <a href=\"http:\/\/fr.ulule.com\/1083\/\" target=\"_blank\">ulule<\/a>, j&#8217;ai re\u00e7u mon jean et mes baskets. J&#8217;apprends dans le petit mot qui accompagne ma commande que les choses se passent entre Roanne, Romans et Marseille&#8230; et que le denim des jeans, viens du &#8220;serg\u00e9 de Nimes&#8221;&#8230;<\/p>\n<p>J&#8217;arr\u00eate les &#8220;et&#8221; et vous invite \u00e0 d\u00e9couvrir cela ici : <a href=\"http:\/\/www.1083.fr\/\" target=\"_blank\">1083.fr<\/a><\/p>\n","protected":false},"excerpt":{"rendered":"<p>Relever le d\u00e9fi de fabriquer des jeans et des baskets eco-con\u00e7us en France ? C&#8217;est le pari de 1083 ! Apr\u00e8s avoir particip\u00e9 \u00e0 la phase de pr\u00e9commande via ulule, j&#8217;ai re\u00e7u mon jean et mes baskets. J&#8217;apprends dans le petit mot qui accompagne ma commande que les choses se passent entre Roanne, Romans et [&hellip;]<\/p>\n","protected":false},"author":1,"featured_media":1739,"comment_status":"open","ping_status":"open","sticky":false,"template":"","format":"standard","meta":{"advanced_seo_description":"","jetpack_seo_html_title":"","jetpack_seo_noindex":false,"jetpack_post_was_ever_published":false,"_jetpack_newsletter_access":"","_jetpack_dont_email_post_to_subs":false,"_jetpack_newsletter_tier_id":0,"_jetpack_memberships_contains_paywalled_content":false,"_jetpack_memberships_contains_paid_content":false,"footnotes":""},"categories":[1],"tags":[],"class_list":["post-1738","post","type-post","status-publish","format-standard","has-post-thumbnail","hentry","category-all"],"jetpack_featured_media_url":"https:\/\/i0.wp.com\/blog-alexis.monville.com\/en\/wp-content\/uploads\/sites\/2\/2014\/01\/2014-01-30-18.09.14-scaled.jpg?fit=1920%2C2560&ssl=1","jetpack_shortlink":"https:\/\/wp.me\/paNjQG-s2","jetpack-related-posts":[{"id":1759,"url":"https:\/\/blog-alexis.monville.com\/en\/2014\/02\/13\/prenons-de-lavance-sur-notre-temps\/","url_meta":{"origin":1738,"position":0},"title":"Prenons de l&#8217;avance sur notre temps","author":"Alexis","date":"February 13, 2014","format":false,"excerpt":"J\u2019ai eu le plaisir d\u2019\u00eatre invit\u00e9 par les \u00e9l\u00e8ves de l\u2019ISEG Marketing et Communication (MCS2) \u00e0 d\u00e9battre sur le th\u00e8me de l\u2019innovation avec C\u00e9line Patrier, fondatrice de OriginBy. Ce d\u00e9bat cl\u00f4ture la semaine innovation et marques organis\u00e9e \u00e0 Bordeaux. Je souhaite remercier l\u2019ISEG et les \u00e9l\u00e8ves pour l\u2019organisation et pour\u2026","rel":"","context":"In &quot;General&quot;","block_context":{"text":"General","link":"https:\/\/blog-alexis.monville.com\/en\/category\/all\/"},"img":{"alt_text":"","src":"https:\/\/i0.wp.com\/blog-alexis.monville.com\/en\/wp-content\/uploads\/sites\/2\/2014\/02\/Semaine-de-linnovation-et-des-marques1.jpg?fit=1004%2C1200&ssl=1&resize=350%2C200","width":350,"height":200,"srcset":"https:\/\/i0.wp.com\/blog-alexis.monville.com\/en\/wp-content\/uploads\/sites\/2\/2014\/02\/Semaine-de-linnovation-et-des-marques1.jpg?fit=1004%2C1200&ssl=1&resize=350%2C200 1x, https:\/\/i0.wp.com\/blog-alexis.monville.com\/en\/wp-content\/uploads\/sites\/2\/2014\/02\/Semaine-de-linnovation-et-des-marques1.jpg?fit=1004%2C1200&ssl=1&resize=525%2C300 1.5x, https:\/\/i0.wp.com\/blog-alexis.monville.com\/en\/wp-content\/uploads\/sites\/2\/2014\/02\/Semaine-de-linnovation-et-des-marques1.jpg?fit=1004%2C1200&ssl=1&resize=700%2C400 2x"},"classes":[]},{"id":742,"url":"https:\/\/blog-alexis.monville.com\/en\/2010\/02\/02\/ladministration-et-le-libre\/","url_meta":{"origin":1738,"position":1},"title":"L&#8217;administration et le libre","author":"Alexis","date":"February 2, 2010","format":false,"excerpt":"La conf\u00e9rence sur l'administration et le libre se tiendra le mercredi 17 mars de 9h00-12h30 (Salle Rubis) dans le cadre du salon solutions linux. La France est parmi les pays europ\u00e9ens celui qui utilise et d\u00e9veloppe le plus les logiciels libres pour les besoins de service public. En continuit\u00e9 des\u2026","rel":"","context":"In &quot;Interventions&quot;","block_context":{"text":"Interventions","link":"https:\/\/blog-alexis.monville.com\/en\/category\/interventions\/"},"img":{"alt_text":"","src":"https:\/\/i0.wp.com\/www.solutionslinux.fr\/linux\/images\/logo.gif?resize=350%2C200","width":350,"height":200},"classes":[]},{"id":68,"url":"https:\/\/blog-alexis.monville.com\/en\/2007\/06\/10\/assemblee-generale-du-cube\/","url_meta":{"origin":1738,"position":2},"title":"Assembl\u00e9e g\u00e9n\u00e9rale du CUBE","author":"Alexis","date":"June 10, 2007","format":false,"excerpt":"J'\u00e9tais invit\u00e9 \u00e0 pr\u00e9senter la place des logiciels libres dans la modernisation de l'Etat lors de l'assembl\u00e9e g\u00e9n\u00e9rale du Club des utilisateurs Bull europ\u00e9ens. 15H00 Comp\u00e9titivit\u00e9 europ\u00e9enne : l\u2019enjeu des technologies de l\u2019information et l\u2019opportunit\u00e9 des logiciels libres Bernard Carayon, D\u00e9put\u00e9, Pr\u00e9sident de la Fondation Promoth\u00e9us et auteur du rapport\u2026","rel":"","context":"In &quot;International&quot;","block_context":{"text":"International","link":"https:\/\/blog-alexis.monville.com\/en\/category\/international\/"},"img":{"alt_text":"","src":"","width":0,"height":0},"classes":[]},{"id":98,"url":"https:\/\/blog-alexis.monville.com\/en\/2008\/06\/05\/donnees-personnelles-risques-et-opportunites\/","url_meta":{"origin":1738,"position":3},"title":"Donn\u00e9es personnelles : risques et opportunit\u00e9s","author":"Alexis","date":"June 5, 2008","format":false,"excerpt":"Voici le th\u00e8me de cette table ronde organis\u00e9e par le Club S\u00e9nat anim\u00e9e par son Secr\u00e9taire g\u00e9n\u00e9ral adjoint Jean-R\u00e9mi GRATADOUR : Ma\u00eetre Alain BENSOUSSAN, avocat, Cabinet Bensoussan, auteur de \u00ab Informatique et libert\u00e9s \u00bb (Francis Lefebvre), commentera l'\u00e9volution juridique du concept de donn\u00e9es personnelles sur Internet. Monsieur J\u00e9r\u00f4me BOUTEILLER, r\u00e9dacteur\u2026","rel":"","context":"In &quot;General&quot;","block_context":{"text":"General","link":"https:\/\/blog-alexis.monville.com\/en\/category\/all\/"},"img":{"alt_text":"","src":"","width":0,"height":0},"classes":[]},{"id":80,"url":"https:\/\/blog-alexis.monville.com\/en\/2008\/03\/10\/it-outsourcing-2008\/","url_meta":{"origin":1738,"position":4},"title":"IT Outsourcing 2008","author":"Alexis","date":"March 10, 2008","format":false,"excerpt":"Invit\u00e9 \u00e0 cet \u00e9v\u00e8nement annuel, j\u2019esp\u00e9rais trouver de la mati\u00e8re pour alimenter la politique d\u2019externalisation de nos organisations. Je n\u2019ai pas \u00e9t\u00e9 d\u00e9\u00e7u et une fois de plus, comme souvent dans ce genre d\u2019\u00e9v\u00e9nement, en marge du programme officiel. Si les chiffres du march\u00e9 d\u2019Outsourcing pr\u00e9sent\u00e9 par IDC sont en\u2026","rel":"","context":"In &quot;General&quot;","block_context":{"text":"General","link":"https:\/\/blog-alexis.monville.com\/en\/category\/all\/"},"img":{"alt_text":"","src":"","width":0,"height":0},"classes":[]},{"id":1410,"url":"https:\/\/blog-alexis.monville.com\/en\/2012\/04\/18\/on-ma-prete-un-appareil-photo\/","url_meta":{"origin":1738,"position":5},"title":"On m\u2019a pr\u00eat\u00e9 un appareil photo","author":"Alexis","date":"April 18, 2012","format":false,"excerpt":"Sur le web, ce genre de titre appelle a une description du dernier gadget haut de gamme... Dans mon cas c\u2019est un peu diff\u00e9rent, c\u2019est un boitier venant du pass\u00e9 que Jean-Fran\u00e7ois m\u2019a pr\u00eat\u00e9. L\u2019objectif \u00e9tait de r\u00e9aliser 4 clich\u00e9s le week-end pass\u00e9. J\u2019en ai fait 2. Et je me\u2026","rel":"","context":"In &quot;General&quot;","block_context":{"text":"General","link":"https:\/\/blog-alexis.monville.com\/en\/category\/all\/"},"img":{"alt_text":"","src":"https:\/\/i0.wp.com\/blog-alexis.monville.com\/en\/wp-content\/uploads\/sites\/2\/2012\/04\/agfa-jean-francois-vallet.jpg?fit=500%2C333&ssl=1&resize=350%2C200","width":350,"height":200},"classes":[]}],"jetpack_sharing_enabled":true,"_links":{"self":[{"href":"https:\/\/blog-alexis.monville.com\/en\/wp-json\/wp\/v2\/posts\/1738","targetHints":{"allow":["GET"]}}],"collection":[{"href":"https:\/\/blog-alexis.monville.com\/en\/wp-json\/wp\/v2\/posts"}],"about":[{"href":"https:\/\/blog-alexis.monville.com\/en\/wp-json\/wp\/v2\/types\/post"}],"author":[{"embeddable":true,"href":"https:\/\/blog-alexis.monville.com\/en\/wp-json\/wp\/v2\/users\/1"}],"replies":[{"embeddable":true,"href":"https:\/\/blog-alexis.monville.com\/en\/wp-json\/wp\/v2\/comments?post=1738"}],"version-history":[{"count":2,"href":"https:\/\/blog-alexis.monville.com\/en\/wp-json\/wp\/v2\/posts\/1738\/revisions"}],"predecessor-version":[{"id":1742,"href":"https:\/\/blog-alexis.monville.com\/en\/wp-json\/wp\/v2\/posts\/1738\/revisions\/1742"}],"wp:featuredmedia":[{"embeddable":true,"href":"https:\/\/blog-alexis.monville.com\/en\/wp-json\/wp\/v2\/media\/1739"}],"wp:attachment":[{"href":"https:\/\/blog-alexis.monville.com\/en\/wp-json\/wp\/v2\/media?parent=1738"}],"wp:term":[{"taxonomy":"category","embeddable":true,"href":"https:\/\/blog-alexis.monville.com\/en\/wp-json\/wp\/v2\/categories?post=1738"},{"taxonomy":"post_tag","embeddable":true,"href":"https:\/\/blog-alexis.monville.com\/en\/wp-json\/wp\/v2\/tags?post=1738"}],"curies":[{"name":"wp","href":"https:\/\/api.w.org\/{rel}","templated":true}]}}