{"id":172,"date":"2008-09-22T17:13:26","date_gmt":"2008-09-22T16:13:26","guid":{"rendered":"http:\/\/alexismonville.wordpress.com\/?p=172"},"modified":"2008-09-22T17:13:26","modified_gmt":"2008-09-22T16:13:26","slug":"les-solutions-dinformatique-decisionnelle","status":"publish","type":"post","link":"https:\/\/blog-alexis.monville.com\/en\/2008\/09\/22\/les-solutions-dinformatique-decisionnelle\/","title":{"rendered":"Les Solutions d&#8217;Informatique d\u00e9cisionnelle"},"content":{"rendered":"<p>L&#8217;Adullact vient de publier sur son site un \u00e9tat de l&#8217;art des solutions d&#8217;informatique d\u00e9cisionnelle sous licence libre (de la Business Intelligence Open Source).<\/p>\n<p>Ce document tr\u00e8s complet est t\u00e9l\u00e9chargeable sur la plate-forme de l&#8217;Adullact associ\u00e9 \u00e0 d&#8217;autres ressources tr\u00e8s utiles :<\/p>\n<p><a href=\"http:\/\/magasin.adullact.org\/modules\/wfdownloads\/viewcat.php?cid=54\" target=\"_blank\">http:\/\/magasin.adullact.org\/modules\/wfdownloads\/viewcat.php?cid=54<\/a><\/p>\n","protected":false},"excerpt":{"rendered":"<p>L&#8217;Adullact vient de publier sur son site un \u00e9tat de l&#8217;art des solutions d&#8217;informatique d\u00e9cisionnelle sous licence libre (de la Business Intelligence Open Source). Ce document tr\u00e8s complet est t\u00e9l\u00e9chargeable sur la plate-forme de l&#8217;Adullact associ\u00e9 \u00e0 d&#8217;autres ressources tr\u00e8s utiles : http:\/\/magasin.adullact.org\/modules\/wfdownloads\/viewcat.php?cid=54<\/p>\n","protected":false},"author":1,"featured_media":0,"comment_status":"open","ping_status":"open","sticky":false,"template":"","format":"standard","meta":{"advanced_seo_description":"","jetpack_seo_html_title":"","jetpack_seo_noindex":false,"jetpack_post_was_ever_published":false,"_jetpack_newsletter_access":"","_jetpack_dont_email_post_to_subs":false,"_jetpack_newsletter_tier_id":0,"_jetpack_memberships_contains_paywalled_content":false,"_jetpack_memberships_contains_paid_content":false,"footnotes":""},"categories":[1],"tags":[276],"class_list":["post-172","post","type-post","status-publish","format-standard","hentry","category-all","tag-logiciel-libre"],"jetpack_featured_media_url":"","jetpack_shortlink":"https:\/\/wp.me\/paNjQG-2M","jetpack-related-posts":[{"id":119,"url":"https:\/\/blog-alexis.monville.com\/en\/2008\/08\/19\/de-linformation-a-la-decision\/","url_meta":{"origin":172,"position":0},"title":"de l&#8217;information \u00e0 la d\u00e9cision","author":"Alexis","date":"August 19, 2008","format":false,"excerpt":"Le 9 septembre 2008 se tiendra \u00e0 la cantine un s\u00e9minaire sur les solutions open source de business intelligence (on pourrait aussi dire les solutions d'informatique d\u00e9cisionnelle en logiciel libre). C'est \u00e0 dire les solutions qui permettent de passer des informations (d\u00e9tenues par toute organisation) \u00e0 la d\u00e9cision (\u00e9clair\u00e9e par\u2026","rel":"","context":"In &quot;General&quot;","block_context":{"text":"General","link":"https:\/\/blog-alexis.monville.com\/en\/category\/all\/"},"img":{"alt_text":"","src":"","width":0,"height":0},"classes":[]},{"id":1535,"url":"https:\/\/blog-alexis.monville.com\/en\/2013\/03\/27\/42-une-nouvelle-ecole\/","url_meta":{"origin":172,"position":1},"title":"42, une nouvelle \u00e9cole","author":"Alexis","date":"March 27, 2013","format":false,"excerpt":"Cela fait des ann\u00e9es que j'entends parler des difficult\u00e9s de recrutement des entreprises. Je participe \u00e9galement \u00e0 cela, c'est vrai. Aujourd'hui, vient d'\u00eatre annonc\u00e9 la cr\u00e9ation d'une nouvelle \u00e9cole d'informatique, priv\u00e9e et gratuite, financ\u00e9e par des entrepreneurs ayant des besoins de recrutement. (\u00e0 moins que ce ne soit financ\u00e9 par\u2026","rel":"","context":"In &quot;General&quot;","block_context":{"text":"General","link":"https:\/\/blog-alexis.monville.com\/en\/category\/all\/"},"img":{"alt_text":"logo42-site","src":"https:\/\/i0.wp.com\/blog-alexis.monville.com\/wp-content\/uploads\/sites\/2\/2013\/03\/logo42-site.gif?resize=350%2C200&ssl=1","width":350,"height":200},"classes":[]},{"id":463,"url":"https:\/\/blog-alexis.monville.com\/en\/2009\/03\/30\/solutions-linux-2009-2\/","url_meta":{"origin":172,"position":2},"title":"Solutions Linux 2009","author":"Alexis","date":"March 30, 2009","format":false,"excerpt":"Le Salon Solutions Linux ouvrira ses portes les 31 mars, 1er et 2 avril au Parc des Expositions de la Porte de Versailles. Le salon f\u00eate cette ann\u00e9e ses 10 ans et j'esp\u00e8re qu'il vous comptera parmi ses visiteurs. Je serai sur le salon le 1er avril pour animer la\u2026","rel":"","context":"In &quot;International&quot;","block_context":{"text":"International","link":"https:\/\/blog-alexis.monville.com\/en\/category\/international\/"},"img":{"alt_text":"","src":"https:\/\/i0.wp.com\/www.solutionslinux.fr\/images\/index_07.jpg?resize=350%2C200","width":350,"height":200},"classes":[]},{"id":49,"url":"https:\/\/blog-alexis.monville.com\/en\/2007\/01\/31\/conferences-adele\/","url_meta":{"origin":172,"position":3},"title":"Conf\u00e9rences ADELE","author":"Alexis","date":"January 31, 2007","format":false,"excerpt":"J'ai eu le grand plaisir de pr\u00e9sider les conf\u00e9rences ADELE sur le salon solutions linux, je viens de mettre en ligne les pr\u00e9sentation sur Synergies. Le programme des interventions : Conf\u00e9rences Ad\u00e8le au Salon Solution Linux 2007 31 janvier 2007 - 9h30 \u00e0 12h30 - CNIT \u2013 S5 \u2013 Doppler\u2026","rel":"","context":"In &quot;International&quot;","block_context":{"text":"International","link":"https:\/\/blog-alexis.monville.com\/en\/category\/international\/"},"img":{"alt_text":"","src":"","width":0,"height":0},"classes":[]},{"id":524,"url":"https:\/\/blog-alexis.monville.com\/en\/2009\/05\/15\/openday-jaspersoft\/","url_meta":{"origin":172,"position":4},"title":"OpenDay JasperSoft","author":"Alexis","date":"May 15, 2009","format":false,"excerpt":"L'\u00e9dition du 14 mai de l'OpenDay \u00e9tait consacr\u00e9e \u00e0 JasperReport. Marc Salli\u00e8re (ALTIC) pr\u00e9sentait sa vision du reporting d'entreprise : Communiquer : documents commerciaux Analyser : analyser l'activit\u00e9 de l'entreprise \u00e0 partir de rapports \u00a0pr\u00e9d\u00e9finis, de cube de donn\u00e9es Manipuler les donn\u00e9es : dans le cadre d'analyse ponctuelle Le reporting\u2026","rel":"","context":"In &quot;General&quot;","block_context":{"text":"General","link":"https:\/\/blog-alexis.monville.com\/en\/category\/all\/"},"img":{"alt_text":"","src":"https:\/\/i0.wp.com\/www.openday.fr\/wp-content\/themes\/OpenDay\/images\/logo-openday.png?resize=350%2C200","width":350,"height":200},"classes":[]},{"id":107,"url":"https:\/\/blog-alexis.monville.com\/en\/2008\/07\/28\/solutions-linux-2009\/","url_meta":{"origin":172,"position":5},"title":"Solutions Linux 2009","author":"Alexis","date":"July 28, 2008","format":false,"excerpt":"L'appel \u00e0 communication pour les conf\u00e9rences du salon Solutions Linux 2009 (qui se tiendra du 31 mars au 2 avril 2009 \u00e0 la Porte de Versailles) vient d'\u00eatre publi\u00e9. Aussi, si vous souhaitez prendre la parole dans sur un ou plusieurs des 25 th\u00e8mes s\u00e9lectionn\u00e9s, vous avez jusqu'au 3 octobre\u2026","rel":"","context":"In &quot;General&quot;","block_context":{"text":"General","link":"https:\/\/blog-alexis.monville.com\/en\/category\/all\/"},"img":{"alt_text":"","src":"","width":0,"height":0},"classes":[]}],"jetpack_sharing_enabled":true,"_links":{"self":[{"href":"https:\/\/blog-alexis.monville.com\/en\/wp-json\/wp\/v2\/posts\/172","targetHints":{"allow":["GET"]}}],"collection":[{"href":"https:\/\/blog-alexis.monville.com\/en\/wp-json\/wp\/v2\/posts"}],"about":[{"href":"https:\/\/blog-alexis.monville.com\/en\/wp-json\/wp\/v2\/types\/post"}],"author":[{"embeddable":true,"href":"https:\/\/blog-alexis.monville.com\/en\/wp-json\/wp\/v2\/users\/1"}],"replies":[{"embeddable":true,"href":"https:\/\/blog-alexis.monville.com\/en\/wp-json\/wp\/v2\/comments?post=172"}],"version-history":[{"count":0,"href":"https:\/\/blog-alexis.monville.com\/en\/wp-json\/wp\/v2\/posts\/172\/revisions"}],"wp:attachment":[{"href":"https:\/\/blog-alexis.monville.com\/en\/wp-json\/wp\/v2\/media?parent=172"}],"wp:term":[{"taxonomy":"category","embeddable":true,"href":"https:\/\/blog-alexis.monville.com\/en\/wp-json\/wp\/v2\/categories?post=172"},{"taxonomy":"post_tag","embeddable":true,"href":"https:\/\/blog-alexis.monville.com\/en\/wp-json\/wp\/v2\/tags?post=172"}],"curies":[{"name":"wp","href":"https:\/\/api.w.org\/{rel}","templated":true}]}}