{"id":170,"date":"2008-09-21T17:25:13","date_gmt":"2008-09-21T16:25:13","guid":{"rendered":"http:\/\/alexismonville.wordpress.com\/?p=170"},"modified":"2008-09-21T17:25:13","modified_gmt":"2008-09-21T16:25:13","slug":"explorcamp-paris-6","status":"publish","type":"post","link":"https:\/\/blog-alexis.monville.com\/en\/2008\/09\/21\/explorcamp-paris-6\/","title":{"rendered":"ExplorCamp Paris 6"},"content":{"rendered":"<p class=\"MsoNormal\">Sixi\u00e8me \u00e9dition d\u2019un <a href=\"http:\/\/explorcamp.pbwiki.com\/ExplorCampParis6\" target=\"_blank\">ExplorCamp<\/a> \u00e0 Paris, il se tenait rue Amelot dans les locaux de <a href=\"http:\/\/www.portparallele.com\/\" target=\"_blank\">Port Parall\u00e8le<\/a>, une coop\u00e9rative d\u2019emploi r\u00e9unissant 60 salari\u00e9s et une centaine d\u2019entrepreneurs.<\/p>\n<p class=\"MsoNormal\">Des mines r\u00e9jouies, des \u00e9changes passionnants (parfois l\u00e9g\u00e8rement perturb\u00e9s par le passage de la TechnoParade accueilli avec sourire\u00a0!), de nombreuses d\u00e9couvertes\u2026\u00a0<\/p>\n<p class=\"MsoNormal\"><span>J\u2019ai pu approfondir l\u2019int\u00e9r\u00eat des usages \u00ab\u00a0web 2.0\u00a0\u00bb dans les dispositifs de formation, je n\u2019ai pas encore r\u00e9solu le paradoxe entre l\u2019usage d\u00e9brid\u00e9 du num\u00e9rique et la protection des individus (\u00e9thique et identit\u00e9), j&#8217;ai pu \u00e9chang\u00e9 autour d\u2019une pr\u00e9sentation en fran\u00e7ais du web s\u00e9mantique.<\/span><\/p>\n<p class=\"MsoNormal\">L\u2019ExplorCamp est aussi un format accessible en format accessible \u00e0 tous ou en intra entreprise, une approche performante pour d\u00e9couvrir le potentiel du num\u00e9rique pour vous ou votre organisation\u00a0!<\/p>\n","protected":false},"excerpt":{"rendered":"<p>Sixi\u00e8me \u00e9dition d\u2019un ExplorCamp \u00e0 Paris, il se tenait rue Amelot dans les locaux de Port Parall\u00e8le, une coop\u00e9rative d\u2019emploi r\u00e9unissant 60 salari\u00e9s et une centaine d\u2019entrepreneurs. Des mines r\u00e9jouies, des \u00e9changes passionnants (parfois l\u00e9g\u00e8rement perturb\u00e9s par le passage de la TechnoParade accueilli avec sourire\u00a0!), de nombreuses d\u00e9couvertes\u2026\u00a0 J\u2019ai pu approfondir l\u2019int\u00e9r\u00eat des usages \u00ab\u00a0web [&hellip;]<\/p>\n","protected":false},"author":1,"featured_media":0,"comment_status":"open","ping_status":"open","sticky":false,"template":"","format":"standard","meta":{"advanced_seo_description":"","jetpack_seo_html_title":"","jetpack_seo_noindex":false,"jetpack_post_was_ever_published":false,"_jetpack_newsletter_access":"","_jetpack_dont_email_post_to_subs":false,"_jetpack_newsletter_tier_id":0,"_jetpack_memberships_contains_paywalled_content":false,"_jetpack_memberships_contains_paid_content":false,"footnotes":""},"categories":[8],"tags":[],"class_list":["post-170","post","type-post","status-publish","format-standard","hentry","category-interventions"],"jetpack_featured_media_url":"","jetpack_shortlink":"https:\/\/wp.me\/paNjQG-2K","jetpack-related-posts":[{"id":459,"url":"https:\/\/blog-alexis.monville.com\/en\/2009\/03\/30\/youontheweb\/","url_meta":{"origin":170,"position":0},"title":"YouOnTheWeb","author":"Alexis","date":"March 30, 2009","format":false,"excerpt":"You On The Web s'est d\u00e9roul\u00e9 le 28 mars 2009 dans les locaux de l'ESC Lille. Excellent accueil ! Excellente journ\u00e9e ! Un grand bravo aux Geemiks, et \u00e0 tous les \u00e9tudiants de l'ESC Lille et de l'ITEEM pour leur travail qui a permis de faire de cet \u00e9v\u00e9nement un\u2026","rel":"","context":"In &quot;Explorateurs&quot;","block_context":{"text":"Explorateurs","link":"https:\/\/blog-alexis.monville.com\/en\/category\/explorateurs\/"},"img":{"alt_text":"","src":"https:\/\/i0.wp.com\/farm4.static.flickr.com\/3637\/3395478636_d3c996a8f7_m.jpg?resize=350%2C200","width":350,"height":200},"classes":[]},{"id":723,"url":"https:\/\/blog-alexis.monville.com\/en\/2010\/01\/12\/la-cantine-2-ans\/","url_meta":{"origin":170,"position":1},"title":"La Cantine . . . . . . 2 ans !","author":"Alexis","date":"January 12, 2010","format":false,"excerpt":"Un cadeau pour les deux ans de La Cantine ? Je me suis dit : \"facile ! Je vais raconter ma premi\u00e8re fois...\" Seulement voil\u00e0, c'\u00e9tait quand la premi\u00e8re fois ? \u00c9tait-ce \u00e0 l'occasion de cet ExplorCamp du mois d'Avril 2008 ? A moins que ce ne soit pour un\u2026","rel":"","context":"In &quot;Explorateurs&quot;","block_context":{"text":"Explorateurs","link":"https:\/\/blog-alexis.monville.com\/en\/category\/explorateurs\/"},"img":{"alt_text":"cantine","src":"https:\/\/i0.wp.com\/blog-alexis.monville.com\/files\/2010\/01\/cantine-300x231.jpg?resize=350%2C200&ssl=1","width":350,"height":200},"classes":[]},{"id":97,"url":"https:\/\/blog-alexis.monville.com\/en\/2008\/06\/02\/assises-du-numerique\/","url_meta":{"origin":170,"position":2},"title":"Assises du num\u00e9rique","author":"Alexis","date":"June 2, 2008","format":false,"excerpt":"Les assises du num\u00e9rique ont \u00e9t\u00e9 ouvertes ce jeudi 29 mai 2008. Beaucoup de choses ont \u00e9t\u00e9 dites sur ce sujet, j'avais simplement envie de revenir sur quelques moments : Le discours d'ouverture d'Eric Besson : plan pour le d\u00e9veloppement du num\u00e9rique pour la fin juillet, 27 axes de travail,\u2026","rel":"","context":"In &quot;General&quot;","block_context":{"text":"General","link":"https:\/\/blog-alexis.monville.com\/en\/category\/all\/"},"img":{"alt_text":"","src":"","width":0,"height":0},"classes":[]},{"id":233,"url":"https:\/\/blog-alexis.monville.com\/en\/2008\/10\/19\/les-explorateurs-au-forum\/","url_meta":{"origin":170,"position":3},"title":"Les Explorateurs au Forum&#8230;","author":"Alexis","date":"October 19, 2008","format":false,"excerpt":"Les 17 et 18 octobre, les Explorateurs du web avaient rendez-vous au Forum des Associations de la ville de Paris. De nombreuses rencontres passionnantes, des questions, des id\u00e9es sur les usages du web (qui pour beaucoup est la premi\u00e8re version qu'ils voient et pour qui, donc, l'expression web 2.0 n'a\u2026","rel":"","context":"In &quot;Explorateurs&quot;","block_context":{"text":"Explorateurs","link":"https:\/\/blog-alexis.monville.com\/en\/category\/explorateurs\/"},"img":{"alt_text":"","src":"https:\/\/i0.wp.com\/lh6.ggpht.com\/monville.alexis\/SPsY6YwlyDI\/AAAAAAAACDA\/D-9xHDRk2eA\/s144\/explorateurs-forum-association.jpg?resize=350%2C200","width":350,"height":200},"classes":[]},{"id":228,"url":"https:\/\/blog-alexis.monville.com\/en\/2008\/10\/17\/camarade-de-classe\/","url_meta":{"origin":170,"position":4},"title":"Camarade de classe","author":"Alexis","date":"October 17, 2008","format":false,"excerpt":"Camarades de classe est un roman de Didier Daeninckx paru d\u00e9but 2008. Ce n'est donc pas l'actualit\u00e9 qui motive cet article, mais bien le th\u00e8me abord\u00e9 : les r\u00e9seaux sociaux, l'usage de ces r\u00e9seaux, les questions sous-jacentes que soul\u00e8ve cet usage sur notre identit\u00e9 et les traces num\u00e9riques de nos\u2026","rel":"","context":"In &quot;Explorateurs&quot;","block_context":{"text":"Explorateurs","link":"https:\/\/blog-alexis.monville.com\/en\/category\/explorateurs\/"},"img":{"alt_text":"","src":"https:\/\/alexismonville.files.wordpress.com\/2008\/10\/41vp8m0gibl_sl160_.jpg?w=350&h=200&crop=1","width":350,"height":200},"classes":[]},{"id":81,"url":"https:\/\/blog-alexis.monville.com\/en\/2008\/03\/17\/innovation-numerique-et-cabinets-de-conseil-tandem-incompatible\/","url_meta":{"origin":170,"position":5},"title":"Innovation num\u00e9rique et Cabinets de conseil : Tandem incompatible ?","author":"Alexis","date":"March 17, 2008","format":false,"excerpt":"Quelle utilisation les cabinets de conseil font-ils du num\u00e9rique ? En quoi cette utilisation a-t-elle un impact sur leurs organisations et leurs processus ? Et \u00e0 partir de l\u00e0, comment conseillent-ils leurs clients dans l\u2019usage du num\u00e9rique comme levier de transformation ? La p\u00e9riode 1998-2008 a vu pass\u00e9 nombre d\u2019innovations\u2026","rel":"","context":"In &quot;General&quot;","block_context":{"text":"General","link":"https:\/\/blog-alexis.monville.com\/en\/category\/all\/"},"img":{"alt_text":"","src":"","width":0,"height":0},"classes":[]}],"jetpack_sharing_enabled":true,"_links":{"self":[{"href":"https:\/\/blog-alexis.monville.com\/en\/wp-json\/wp\/v2\/posts\/170","targetHints":{"allow":["GET"]}}],"collection":[{"href":"https:\/\/blog-alexis.monville.com\/en\/wp-json\/wp\/v2\/posts"}],"about":[{"href":"https:\/\/blog-alexis.monville.com\/en\/wp-json\/wp\/v2\/types\/post"}],"author":[{"embeddable":true,"href":"https:\/\/blog-alexis.monville.com\/en\/wp-json\/wp\/v2\/users\/1"}],"replies":[{"embeddable":true,"href":"https:\/\/blog-alexis.monville.com\/en\/wp-json\/wp\/v2\/comments?post=170"}],"version-history":[{"count":0,"href":"https:\/\/blog-alexis.monville.com\/en\/wp-json\/wp\/v2\/posts\/170\/revisions"}],"wp:attachment":[{"href":"https:\/\/blog-alexis.monville.com\/en\/wp-json\/wp\/v2\/media?parent=170"}],"wp:term":[{"taxonomy":"category","embeddable":true,"href":"https:\/\/blog-alexis.monville.com\/en\/wp-json\/wp\/v2\/categories?post=170"},{"taxonomy":"post_tag","embeddable":true,"href":"https:\/\/blog-alexis.monville.com\/en\/wp-json\/wp\/v2\/tags?post=170"}],"curies":[{"name":"wp","href":"https:\/\/api.w.org\/{rel}","templated":true}]}}