{"id":1675,"date":"2013-11-07T11:45:20","date_gmt":"2013-11-07T10:45:20","guid":{"rendered":"https:\/\/blog-alexis.monville.com\/?p=1675"},"modified":"2015-09-21T09:31:15","modified_gmt":"2015-09-21T07:31:15","slug":"richard-et-lopen-source","status":"publish","type":"post","link":"https:\/\/blog-alexis.monville.com\/en\/2013\/11\/07\/richard-et-lopen-source\/","title":{"rendered":"Richard and Open Source&#8230;"},"content":{"rendered":"<p><a href=\"https:\/\/www.gnu.org\/gnu30\/\"><img data-recalc-dims=\"1\" loading=\"lazy\" decoding=\"async\" src=\"https:\/\/i0.wp.com\/www.the-agile-and-open-source-way.com\/wp-content\/uploads\/2013\/11\/GNU_30th_badge-150x150.png?resize=150%2C150\" alt=\"GNU_30th_badge\" width=\"150\" height=\"150\" class=\"alignleft size-thumbnail wp-image-40\" \/><\/a><strong>Do you know this guy?<\/strong><\/p>\n<p>It&#8217;s <a href=\"http:\/\/stallman.org\/\" target=\"_blank\"> Richard Stallman <\/ a>, the initiator of the free software movement (<a href=\"https:\/\/www.gnu.org\/gnu30\/\" target=\"_blank\"> the gnu movement celebrates its 30th anniversary this year <\/ a>).<\/p>\n<p>I use this picture of Richard Stallman in a presentation I gave on several occasions (<a href=\"http:\/\/www.the-agile-and-open-source-way.com\/2013\/09\/29\/agiletour-brussels\/\" target=\"_blank\">AgileTour Brussels<\/a>, <a href=\"http:\/\/www.the-agile-and-open-source-way.com\/2013\/10\/04\/open-world-forum\/\" target=\"_blank\">Open World Forum<\/a>, <a href=\"http:\/\/www.the-agile-and-open-source-way.com\/2013\/11\/05\/french-scrum-user-group-google\/\" target=\"_blank\">French Scrum User Group<\/a>&#8230;). This presentation is named : &#8220;<a href=\"http:\/\/www.the-agile-and-open-source-way.com\/\" target=\"_blank\">The Agile and Open Source Way<\/a>&#8220;.<\/p>\n<p>When Richard Stallman&#8217;s image is displayed, I ask participants if they know this person. Depending on the audience, the number of raised hands is variable. I explain why Richard Stallman would probably not appreciate being associated with an &#8220;Open Source&#8221; presentation and I encourage them to read the excellent article: &#8220;<a href=\"http:\/\/www.gnu.org\/philosophy\/open-source-misses-the-point.en.html\" target=\"_blank\">Why Open Source misses the point of Free Software<\/a>&#8220;. To sum up, we could say that Open Source is interested in practical benefits (quality, reliability, performance &#8230;) of the four freedoms, putting aside the moral values \u200b\u200bof free software.<\/p>\n<p>I use this to draw a parallel with what is happening since the publication of the <a href=\"http:\/\/agilemanifesto.org\/\" target=\"_blank\">agile manifesto<\/a> in 2001.<br \/>\nSome are interested in the values \u200b\u200band principles of the Agile Manifesto, others to certain practices of agile methods: allowing the user satisfaction, better quality, better predictability &#8230;<br \/>\n&nbsp;<\/p>\n<p>The difference \u200b\u200bbetween &#8220;Making Agile&#8221; and &#8220;Being agile&#8221;.<br \/>\n&nbsp;<\/p>\n<p><em>Thank you Pascal, for making me notice that the slideshare presentation needed clarification on intentions.<\/em><\/p>\n<p><iframe loading=\"lazy\" style=\"border: none;\" src=\"http:\/\/fr.slideshare.net\/alexis\/slideshelf\" height=\"470\" width=\"615\" allowfullscreen=\"\" frameborder=\"0\" marginwidth=\"0\" marginheight=\"0\" scrolling=\"no\"><\/iframe><\/p>\n","protected":false},"excerpt":{"rendered":"<p>Do you know this guy? It&#8217;s Richard Stallman , the initiator of the free software movement ( the gnu movement celebrates its 30th anniversary this year ). I use this picture of Richard Stallman in a presentation I gave on several occasions (AgileTour Brussels, Open World Forum, French Scrum User Group&#8230;). This presentation is named [&hellip;]<\/p>\n","protected":false},"author":1,"featured_media":2174,"comment_status":"open","ping_status":"open","sticky":false,"template":"","format":"standard","meta":{"advanced_seo_description":"","jetpack_seo_html_title":"","jetpack_seo_noindex":false,"jetpack_post_was_ever_published":false,"_jetpack_newsletter_access":"","_jetpack_dont_email_post_to_subs":false,"_jetpack_newsletter_tier_id":0,"_jetpack_memberships_contains_paywalled_content":false,"_jetpack_memberships_contains_paid_content":false,"footnotes":""},"categories":[1],"tags":[276,321],"class_list":["post-1675","post","type-post","status-publish","format-standard","has-post-thumbnail","hentry","category-all","tag-logiciel-libre","tag-open-source"],"jetpack_featured_media_url":"https:\/\/i0.wp.com\/blog-alexis.monville.com\/en\/wp-content\/uploads\/sites\/2\/2015\/09\/201311rms-bw-scaled.jpeg?fit=2560%2C1851&ssl=1","jetpack_shortlink":"https:\/\/wp.me\/paNjQG-r1","jetpack-related-posts":[{"id":874,"url":"https:\/\/blog-alexis.monville.com\/en\/2010\/08\/01\/la-revolution-du-logiciel-libre\/","url_meta":{"origin":1675,"position":0},"title":"La r\u00e9volution du logiciel libre","author":"Alexis","date":"August 1, 2010","format":false,"excerpt":"Richard Stallman et la r\u00e9volution du logiciel, une biographie autoris\u00e9e, par\u00a0Sam Williams, Richard Stallman et Christophe Masutti \u00e0 l'origine du projet de traduction. La construction de l'ouvrage \u00e0 deux voix est tr\u00e8s int\u00e9ressante, le point de vue de Sam Williams est en effet pond\u00e9r\u00e9 tout le long de l'ouvrage par\u2026","rel":"","context":"In &quot;General&quot;","block_context":{"text":"General","link":"https:\/\/blog-alexis.monville.com\/en\/category\/all\/"},"img":{"alt_text":"","src":"https:\/\/i0.wp.com\/www.framabook.org\/images\/framabook6-stallman-medium.jpg?resize=350%2C200","width":350,"height":200},"classes":[]},{"id":43,"url":"https:\/\/blog-alexis.monville.com\/en\/2006\/11\/27\/idabc-%e2%80%93-reunion-du-groupe-europeen-des-experts-open-source\/","url_meta":{"origin":1675,"position":1},"title":"IDABC \u2013 R\u00e9union du Groupe Europ\u00e9en des Experts Open Source","author":"Alexis","date":"November 27, 2006","format":false,"excerpt":"R\u00e9union du groupe europ\u00e9en des experts Open Source organis\u00e9e par la commission europ\u00e9enne \u00e0 Bruxelles. Consultation dans le cadre de l\u2019\u00e9tude de faisabilit\u00e9 de l\u2019Open Source Observatory and Repository (OSOR), pr\u00e9sentation de l'exp\u00e9rience de l'\u00e9tat (Synergies, AdmiSource...), mais aussi de l'Adullact et Objectweb. Pr\u00e9sentation de l'exp\u00e9rience espagnole avec les pr\u00e9sentations\u2026","rel":"","context":"In &quot;Europe&quot;","block_context":{"text":"Europe","link":"https:\/\/blog-alexis.monville.com\/en\/category\/international\/europe\/"},"img":{"alt_text":"","src":"","width":0,"height":0},"classes":[]},{"id":2609,"url":"https:\/\/blog-alexis.monville.com\/en\/2018\/07\/04\/the-story-behind-the-book\/","url_meta":{"origin":1675,"position":2},"title":"The Story Behind The Book","author":"Alexis","date":"July 4, 2018","format":false,"excerpt":"Earlier this week, I announced the availability of the first edition of Changing Your Team From The Inside. I said in that post that I would tell you the story behind the book. Back in 2013, I started to think about writing a book about the connection between agile and\u2026","rel":"","context":"In &quot;General&quot;","block_context":{"text":"General","link":"https:\/\/blog-alexis.monville.com\/en\/category\/all\/"},"img":{"alt_text":"","src":"https:\/\/i0.wp.com\/blog-alexis.monville.com\/en\/wp-content\/uploads\/sites\/2\/2018\/01\/persp-book.png?fit=1200%2C900&ssl=1&resize=350%2C200","width":350,"height":200,"srcset":"https:\/\/i0.wp.com\/blog-alexis.monville.com\/en\/wp-content\/uploads\/sites\/2\/2018\/01\/persp-book.png?fit=1200%2C900&ssl=1&resize=350%2C200 1x, https:\/\/i0.wp.com\/blog-alexis.monville.com\/en\/wp-content\/uploads\/sites\/2\/2018\/01\/persp-book.png?fit=1200%2C900&ssl=1&resize=525%2C300 1.5x, https:\/\/i0.wp.com\/blog-alexis.monville.com\/en\/wp-content\/uploads\/sites\/2\/2018\/01\/persp-book.png?fit=1200%2C900&ssl=1&resize=700%2C400 2x, https:\/\/i0.wp.com\/blog-alexis.monville.com\/en\/wp-content\/uploads\/sites\/2\/2018\/01\/persp-book.png?fit=1200%2C900&ssl=1&resize=1050%2C600 3x"},"classes":[]},{"id":30,"url":"https:\/\/blog-alexis.monville.com\/en\/2006\/09\/28\/idabc-%e2%80%93-reunion-du-groupe-dexperts-europeen-open-source\/","url_meta":{"origin":1675,"position":3},"title":"IDABC \u2013 R\u00e9union du Groupe Europ\u00e9en des Experts Open Source","author":"Alexis","date":"September 28, 2006","format":false,"excerpt":"R\u00e9union du groupe europ\u00e9en des experts Open Source organis\u00e9e par la commission europ\u00e9enne \u00e0 Bruxelles. Lancement de l'\u00e9tude de faisabilit\u00e9 de l'Open Source Observatory and Repository (OSOR) avec la pr\u00e9sentation du Consortium : UNISYS, UNU-MERIT (United Nations University, GOPA-Catermill, URJC Universidad Roy Juan Carlos. En attendant, consultez l'Open Source Observatory.\u2026","rel":"","context":"In &quot;Europe&quot;","block_context":{"text":"Europe","link":"https:\/\/blog-alexis.monville.com\/en\/category\/international\/europe\/"},"img":{"alt_text":"","src":"","width":0,"height":0},"classes":[]},{"id":44,"url":"https:\/\/blog-alexis.monville.com\/en\/2006\/11\/28\/oss-impact-international-workshop\/","url_meta":{"origin":1675,"position":4},"title":"OSS Impact International Workshop","author":"Alexis","date":"November 28, 2006","format":false,"excerpt":"What if the Public Sector were to make its own software open source? http:\/\/www.publicsectoross.info\/ Les pr\u00e9sentations de la journ\u00e9e sont disponibles ici.","rel":"","context":"In &quot;Europe&quot;","block_context":{"text":"Europe","link":"https:\/\/blog-alexis.monville.com\/en\/category\/international\/europe\/"},"img":{"alt_text":"","src":"","width":0,"height":0},"classes":[]},{"id":8,"url":"https:\/\/blog-alexis.monville.com\/en\/2006\/04\/11\/europe-reunion-des-experts-open-source-prague\/","url_meta":{"origin":1675,"position":5},"title":"Europe &#8211; R\u00e9union des Experts Open Source &#8211; Prague","author":"Alexis","date":"April 11, 2006","format":false,"excerpt":"Le th\u00e8me de la r\u00e9union \u00e9tait : Implementing Open Source Software in Public Administrations: Problems and Solutions The one-day-workshop's programme focussed on two areas: The legal context: how to handle licence problems when producing customized software for administrations. How to procure OSS: presentation and discussions on the basis of the\u2026","rel":"","context":"In &quot;Europe&quot;","block_context":{"text":"Europe","link":"https:\/\/blog-alexis.monville.com\/en\/category\/international\/europe\/"},"img":{"alt_text":"","src":"","width":0,"height":0},"classes":[]}],"jetpack_sharing_enabled":true,"_links":{"self":[{"href":"https:\/\/blog-alexis.monville.com\/en\/wp-json\/wp\/v2\/posts\/1675","targetHints":{"allow":["GET"]}}],"collection":[{"href":"https:\/\/blog-alexis.monville.com\/en\/wp-json\/wp\/v2\/posts"}],"about":[{"href":"https:\/\/blog-alexis.monville.com\/en\/wp-json\/wp\/v2\/types\/post"}],"author":[{"embeddable":true,"href":"https:\/\/blog-alexis.monville.com\/en\/wp-json\/wp\/v2\/users\/1"}],"replies":[{"embeddable":true,"href":"https:\/\/blog-alexis.monville.com\/en\/wp-json\/wp\/v2\/comments?post=1675"}],"version-history":[{"count":4,"href":"https:\/\/blog-alexis.monville.com\/en\/wp-json\/wp\/v2\/posts\/1675\/revisions"}],"predecessor-version":[{"id":2173,"href":"https:\/\/blog-alexis.monville.com\/en\/wp-json\/wp\/v2\/posts\/1675\/revisions\/2173"}],"wp:featuredmedia":[{"embeddable":true,"href":"https:\/\/blog-alexis.monville.com\/en\/wp-json\/wp\/v2\/media\/2174"}],"wp:attachment":[{"href":"https:\/\/blog-alexis.monville.com\/en\/wp-json\/wp\/v2\/media?parent=1675"}],"wp:term":[{"taxonomy":"category","embeddable":true,"href":"https:\/\/blog-alexis.monville.com\/en\/wp-json\/wp\/v2\/categories?post=1675"},{"taxonomy":"post_tag","embeddable":true,"href":"https:\/\/blog-alexis.monville.com\/en\/wp-json\/wp\/v2\/tags?post=1675"}],"curies":[{"name":"wp","href":"https:\/\/api.w.org\/{rel}","templated":true}]}}