{"id":1651,"date":"2013-09-28T13:17:48","date_gmt":"2013-09-28T11:17:48","guid":{"rendered":"https:\/\/blog-alexis.monville.com\/?p=1651"},"modified":"2014-01-08T22:12:28","modified_gmt":"2014-01-08T21:12:28","slug":"quand-la-liberte-des-salaries-fait-le-succes-des-entreprises","status":"publish","type":"post","link":"https:\/\/blog-alexis.monville.com\/en\/2013\/09\/28\/quand-la-liberte-des-salaries-fait-le-succes-des-entreprises\/","title":{"rendered":"Quand la libert\u00e9 des salari\u00e9s fait le succ\u00e8s des entreprises"},"content":{"rendered":"<p><a href=\"http:\/\/www.amazon.fr\/gp\/product\/2213662819\/ref=as_li_ss_tl?ie=UTF8&amp;camp=1642&amp;creative=19458&amp;creativeASIN=2213662819&amp;linkCode=as2&amp;tag=unjounoe-21\"><img data-recalc-dims=\"1\" loading=\"lazy\" decoding=\"async\" data-attachment-id=\"1652\" data-permalink=\"https:\/\/blog-alexis.monville.com\/en\/2013\/09\/28\/quand-la-liberte-des-salaries-fait-le-succes-des-entreprises\/libertecie\/\" data-orig-file=\"https:\/\/i0.wp.com\/blog-alexis.monville.com\/en\/wp-content\/uploads\/sites\/2\/2013\/09\/LiberteCie.jpg?fit=195%2C300&amp;ssl=1\" data-orig-size=\"195,300\" data-comments-opened=\"1\" data-image-meta=\"{&quot;aperture&quot;:&quot;0&quot;,&quot;credit&quot;:&quot;&quot;,&quot;camera&quot;:&quot;&quot;,&quot;caption&quot;:&quot;&quot;,&quot;created_timestamp&quot;:&quot;0&quot;,&quot;copyright&quot;:&quot;&quot;,&quot;focal_length&quot;:&quot;0&quot;,&quot;iso&quot;:&quot;0&quot;,&quot;shutter_speed&quot;:&quot;0&quot;,&quot;title&quot;:&quot;&quot;,&quot;orientation&quot;:&quot;0&quot;}\" data-image-title=\"LiberteCie\" data-image-description=\"\" data-image-caption=\"\" data-large-file=\"https:\/\/i0.wp.com\/blog-alexis.monville.com\/en\/wp-content\/uploads\/sites\/2\/2013\/09\/LiberteCie.jpg?fit=195%2C300&amp;ssl=1\" class=\"alignleft size-full wp-image-1652\" alt=\"LiberteCie\" src=\"https:\/\/i0.wp.com\/blog-alexis.monville.com\/wp-content\/uploads\/sites\/2\/2013\/09\/LiberteCie.jpg?resize=195%2C300&#038;ssl=1\" width=\"195\" height=\"300\" \/><\/a>Le titre de cet article reprend le sous-titre du livre d&#8217;Isaac Getz et de Brian M. Carney, <a href=\"http:\/\/www.amazon.fr\/gp\/product\/2213662819\/ref=as_li_ss_tl?ie=UTF8&amp;camp=1642&amp;creative=19458&amp;creativeASIN=2213662819&amp;linkCode=as2&amp;tag=unjounoe-21\" target=\"_blank\"><strong>Libert\u00e9 &amp; Cie<\/strong><\/a>. Ce livre explore les modes de fonctionnement d&#8217;une quinzaine d&#8217;entreprises &#8220;lib\u00e9r\u00e9es&#8221; (comme Harley-Davidson, WL Gore ou FAVI).<br \/>\n<strong>Qu&#8217;est-ce qu&#8217;une entreprise lib\u00e9r\u00e9e ?<\/strong><br \/>\nUne entreprise ou on ne dit pas aux salari\u00e9s &#8220;comment&#8221; faire le travail, mais une entreprise ou ils savent &#8220;pourquoi&#8221; ils le font et dans laquelle ils ont toute la libert\u00e9, les informations, les ressources n\u00e9cessaires pour exercer leurs talents pour servir leur client.<br \/>\nLe livre est structur\u00e9 en chapitre couvrant les objections classiques que Douglas McGregor avait synth\u00e9tis\u00e9es d\u00e8s les ann\u00e9es 50 dans sa <a href=\"http:\/\/ayeba.fr\/2010\/08\/theorie-x-et-theorie-y-le-reflet-dun-modele-de-management\/\" target=\"_blank\">Th\u00e9orie X et Th\u00e9orie Y<\/a>.<br \/>\nIl permet (ou devrait permettre) \u00e0 ceux qui sont exasp\u00e9r\u00e9s par la lenteur de la hi\u00e9rarchie bureaucratique de leur entreprise d&#8217;initier une transformation radicale.<br \/>\nLes exemples pr\u00e9sent\u00e9s montrent tous des entreprises ou le dirigeant est la personne qui a initi\u00e9e cette transformation, sous-entendant par la m\u00eame que la mise en place d&#8217;une organisation n&#8217;ayant pas besoin de hi\u00e9rarchie ne pourrait se faire que par celui qui d\u00e9tient les cl\u00e9s de la plus haute place de la hi\u00e9rarchie. Avez-vous d&#8217;autres exemples ou cela ne serait pas le cas ?<br \/>\nJ&#8217;avais un peu oubli\u00e9 ce livre, et c&#8217;est un <a href=\"http:\/\/yisy.wordpress.com\/\" target=\"_blank\">coll\u00e8gue<\/a> qui me la rappel\u00e9 en me disant qu&#8217;il passait son temps \u00e0 l&#8217;offrir autour de lui, esp\u00e9rant ainsi en diffusant les exemples de ceux qui ont r\u00e9ussis, susciter de nouvelles vocations. J&#8217;ai donc choisi de suivre son exemple et en est offert quelques exemplaires dans une entreprise que je crois pr\u00eate pour cette transformation. Je vous raconterais, je l&#8217;esp\u00e8re bient\u00f4t, l&#8217;effet positif produit\u2026<\/p>\n<p>Et en bonus, un extrait du documentaire consacr\u00e9 \u00e0 FAVI :<\/p>\n<p><iframe loading=\"lazy\" width=\"480\" height=\"360\" src=\"\/\/www.youtube.com\/embed\/r6a_3etKGx8\" frameborder=\"0\" allowfullscreen><\/iframe><\/p>\n<p>Pour regarder le documentaire en int\u00e9gralit\u00e9 : <a href=\"http:\/\/www.filmsdocumentaires.com\/films\/836-favi\" target=\"_blank\">http:\/\/www.filmsdocumentaires.com\/films\/836-favi<\/a><\/p>\n","protected":false},"excerpt":{"rendered":"<p>Le titre de cet article reprend le sous-titre du livre d&#8217;Isaac Getz et de Brian M. Carney, Libert\u00e9 &amp; Cie. Ce livre explore les modes de fonctionnement d&#8217;une quinzaine d&#8217;entreprises &#8220;lib\u00e9r\u00e9es&#8221; (comme Harley-Davidson, WL Gore ou FAVI). Qu&#8217;est-ce qu&#8217;une entreprise lib\u00e9r\u00e9e ? Une entreprise ou on ne dit pas aux salari\u00e9s &#8220;comment&#8221; faire le travail, [&hellip;]<\/p>\n","protected":false},"author":1,"featured_media":1652,"comment_status":"open","ping_status":"open","sticky":false,"template":"","format":"standard","meta":{"advanced_seo_description":"","jetpack_seo_html_title":"","jetpack_seo_noindex":false,"jetpack_post_was_ever_published":false,"_jetpack_newsletter_access":"","_jetpack_dont_email_post_to_subs":false,"_jetpack_newsletter_tier_id":0,"_jetpack_memberships_contains_paywalled_content":false,"_jetpack_memberships_contains_paid_content":false,"footnotes":""},"categories":[273],"tags":[284],"class_list":["post-1651","post","type-post","status-publish","format-standard","has-post-thumbnail","hentry","category-livre","tag-management"],"jetpack_featured_media_url":"https:\/\/i0.wp.com\/blog-alexis.monville.com\/en\/wp-content\/uploads\/sites\/2\/2013\/09\/LiberteCie.jpg?fit=195%2C300&ssl=1","jetpack_shortlink":"https:\/\/wp.me\/paNjQG-qD","jetpack-related-posts":[{"id":2093,"url":"https:\/\/blog-alexis.monville.com\/en\/2015\/06\/22\/liberte-et-cie-par-le-club-de-lecture\/","url_meta":{"origin":1651,"position":0},"title":"Libert\u00e9 et Cie par le club de lecture","author":"Alexis","date":"June 22, 2015","format":false,"excerpt":"Une nouvelle session de notre nouveau club de lecture \u00e0 Bordeaux se d\u00e9roulait ce samedi 20 juin 2015. Cette fois ci, un peu moins de participants que pr\u00e9vu (\u00e9tait-ce du \u00e0 un ciel trop bleu ?) Claire, Isabel, Fabrice et Patrick se joignait \u00e0 moi pour \u00e9changer autour du livre\u2026","rel":"","context":"In &quot;General&quot;","block_context":{"text":"General","link":"https:\/\/blog-alexis.monville.com\/en\/category\/all\/"},"img":{"alt_text":"","src":"https:\/\/i0.wp.com\/blog-alexis.monville.com\/en\/wp-content\/uploads\/sites\/2\/2015\/06\/2015-06-20-11.51.28-scaled.jpg?fit=891%2C1200&ssl=1&resize=350%2C200","width":350,"height":200,"srcset":"https:\/\/i0.wp.com\/blog-alexis.monville.com\/en\/wp-content\/uploads\/sites\/2\/2015\/06\/2015-06-20-11.51.28-scaled.jpg?fit=891%2C1200&ssl=1&resize=350%2C200 1x, https:\/\/i0.wp.com\/blog-alexis.monville.com\/en\/wp-content\/uploads\/sites\/2\/2015\/06\/2015-06-20-11.51.28-scaled.jpg?fit=891%2C1200&ssl=1&resize=525%2C300 1.5x, https:\/\/i0.wp.com\/blog-alexis.monville.com\/en\/wp-content\/uploads\/sites\/2\/2015\/06\/2015-06-20-11.51.28-scaled.jpg?fit=891%2C1200&ssl=1&resize=700%2C400 2x"},"classes":[]},{"id":1661,"url":"https:\/\/blog-alexis.monville.com\/en\/2013\/10\/16\/le-bonheur-au-travail\/","url_meta":{"origin":1651,"position":1},"title":"Le Bonheur au Travail","author":"Alexis","date":"October 16, 2013","format":false,"excerpt":"Devenez producteur du film documentaire \"Le Bonheur au Travail\" ! Ce documentaire donne la parole aux employ\u00e9s des entreprises lib\u00e9r\u00e9es de la hi\u00e9rarchie et de la bureaucratie. Des exemples qui pourront servir de source d'inspiration \u00e0 ceux qui veulent trouver (ou retrouver) le bonheur au travail. A vous de jouer\u2026","rel":"","context":"In &quot;General&quot;","block_context":{"text":"General","link":"https:\/\/blog-alexis.monville.com\/en\/category\/all\/"},"img":{"alt_text":"","src":"https:\/\/i0.wp.com\/blog-alexis.monville.com\/en\/wp-content\/uploads\/sites\/2\/2013\/10\/bonheur-travail.png?fit=376%2C266&ssl=1&resize=350%2C200","width":350,"height":200},"classes":[]},{"id":373,"url":"https:\/\/blog-alexis.monville.com\/en\/2009\/02\/01\/collaborer-pour-innover\/","url_meta":{"origin":1651,"position":2},"title":"Collaborer pour innover","author":"Alexis","date":"February 1, 2009","format":false,"excerpt":"Collaborer pour Innover ? C'est le titre d'une \u00e9tude publi\u00e9e par Capgemini en 2008 qui recommande entre autres de : mesurer le processus d'innovation, d'accroitre l'implication des parties prenantes dans le processus d'innovation, de consid\u00e9rer les fournisseurs comme des partenaires strat\u00e9giques (et pas comme des fournisseurs \u00e0 bas co\u00fbt), de\u2026","rel":"","context":"In &quot;Explorateurs&quot;","block_context":{"text":"Explorateurs","link":"https:\/\/blog-alexis.monville.com\/en\/category\/explorateurs\/"},"img":{"alt_text":"capgemini-collaborating-for-innovation","src":"https:\/\/i0.wp.com\/blog-alexis.monville.com\/wp-content\/uploads\/sites\/2\/2009\/01\/capgemini-collaborating-for-innovation.jpg?resize=350%2C200&ssl=1","width":350,"height":200},"classes":[]},{"id":1388,"url":"https:\/\/blog-alexis.monville.com\/en\/2012\/03\/01\/hors-de-la-crise\/","url_meta":{"origin":1651,"position":3},"title":"Hors de la Crise","author":"Alexis","date":"March 1, 2012","format":false,"excerpt":"Hors de la Crise, est un livre de William Edwards Deming dont la premi\u00e8re \u00e9dition date de 1982 (la troisi\u00e8me \u00e9dition date de 2002). Ce livre regroupe les connaissances enseign\u00e9es par Deming lors des s\u00e9minaires de 4 jours qu'il a donn\u00e9 devant plus de 100 000 personnes entre 1981 et\u2026","rel":"","context":"In &quot;ayeba&quot;","block_context":{"text":"ayeba","link":"https:\/\/blog-alexis.monville.com\/en\/category\/ayeba\/"},"img":{"alt_text":"","src":"https:\/\/i0.wp.com\/blog-alexis.monville.com\/en\/wp-content\/uploads\/sites\/2\/2012\/03\/william_edwards_deming.jpg?fit=1142%2C1061&ssl=1&resize=350%2C200","width":350,"height":200,"srcset":"https:\/\/i0.wp.com\/blog-alexis.monville.com\/en\/wp-content\/uploads\/sites\/2\/2012\/03\/william_edwards_deming.jpg?fit=1142%2C1061&ssl=1&resize=350%2C200 1x, https:\/\/i0.wp.com\/blog-alexis.monville.com\/en\/wp-content\/uploads\/sites\/2\/2012\/03\/william_edwards_deming.jpg?fit=1142%2C1061&ssl=1&resize=525%2C300 1.5x, https:\/\/i0.wp.com\/blog-alexis.monville.com\/en\/wp-content\/uploads\/sites\/2\/2012\/03\/william_edwards_deming.jpg?fit=1142%2C1061&ssl=1&resize=700%2C400 2x, https:\/\/i0.wp.com\/blog-alexis.monville.com\/en\/wp-content\/uploads\/sites\/2\/2012\/03\/william_edwards_deming.jpg?fit=1142%2C1061&ssl=1&resize=1050%2C600 3x"},"classes":[]},{"id":163,"url":"https:\/\/blog-alexis.monville.com\/en\/2008\/09\/20\/patriotisme-economique\/","url_meta":{"origin":1651,"position":4},"title":"Patriotisme \u00e9conomique","author":"Alexis","date":"September 20, 2008","format":false,"excerpt":"Le patriotisme \u00e9conomique : une nouvelle politique industrielle pour le XXIe si\u00e8cle ?\u00a0 Pour \u00e9clairer la question pos\u00e9e pour cette nouvelle session des Rencontres \u00e9conomiques de l\u2019IGPDE (18 septembre 2008), Martin Pi\u00e9tri, qui rempla\u00e7ait au pied lev\u00e9 l\u2019animateur habituel Didier Ad\u00e8s, citait une source anonyme (et \u00e9nerv\u00e9e) du SGDN\u00a0: \u00ab\u00a0avec\u2026","rel":"","context":"In &quot;General&quot;","block_context":{"text":"General","link":"https:\/\/blog-alexis.monville.com\/en\/category\/all\/"},"img":{"alt_text":"","src":"","width":0,"height":0},"classes":[]},{"id":124,"url":"https:\/\/blog-alexis.monville.com\/en\/2008\/08\/26\/echec-ou-changement-concerte\/","url_meta":{"origin":1651,"position":5},"title":"Echec ou changement concert\u00e9 ?","author":"Alexis","date":"August 26, 2008","format":false,"excerpt":"Je viens de d\u00e9couvrir le livre vert de l\u2019APRAT[1] publi\u00e9 au d\u00e9but de l\u2019ann\u00e9e 2008 et intitul\u00e9 : \u00ab R\u00e9forme de la sph\u00e8re publique : \u00e9chec ou changement concert\u00e9 ? \u00bb. Le titre laisse entrevoir un ton direct et c\u2019est bien le cas pour ce livre vert de 21 pages.\u2026","rel":"","context":"In &quot;General&quot;","block_context":{"text":"General","link":"https:\/\/blog-alexis.monville.com\/en\/category\/all\/"},"img":{"alt_text":"","src":"","width":0,"height":0},"classes":[]}],"jetpack_sharing_enabled":true,"_links":{"self":[{"href":"https:\/\/blog-alexis.monville.com\/en\/wp-json\/wp\/v2\/posts\/1651","targetHints":{"allow":["GET"]}}],"collection":[{"href":"https:\/\/blog-alexis.monville.com\/en\/wp-json\/wp\/v2\/posts"}],"about":[{"href":"https:\/\/blog-alexis.monville.com\/en\/wp-json\/wp\/v2\/types\/post"}],"author":[{"embeddable":true,"href":"https:\/\/blog-alexis.monville.com\/en\/wp-json\/wp\/v2\/users\/1"}],"replies":[{"embeddable":true,"href":"https:\/\/blog-alexis.monville.com\/en\/wp-json\/wp\/v2\/comments?post=1651"}],"version-history":[{"count":4,"href":"https:\/\/blog-alexis.monville.com\/en\/wp-json\/wp\/v2\/posts\/1651\/revisions"}],"predecessor-version":[{"id":1656,"href":"https:\/\/blog-alexis.monville.com\/en\/wp-json\/wp\/v2\/posts\/1651\/revisions\/1656"}],"wp:featuredmedia":[{"embeddable":true,"href":"https:\/\/blog-alexis.monville.com\/en\/wp-json\/wp\/v2\/media\/1652"}],"wp:attachment":[{"href":"https:\/\/blog-alexis.monville.com\/en\/wp-json\/wp\/v2\/media?parent=1651"}],"wp:term":[{"taxonomy":"category","embeddable":true,"href":"https:\/\/blog-alexis.monville.com\/en\/wp-json\/wp\/v2\/categories?post=1651"},{"taxonomy":"post_tag","embeddable":true,"href":"https:\/\/blog-alexis.monville.com\/en\/wp-json\/wp\/v2\/tags?post=1651"}],"curies":[{"name":"wp","href":"https:\/\/api.w.org\/{rel}","templated":true}]}}