{"id":1611,"date":"2013-06-29T13:55:55","date_gmt":"2013-06-29T11:55:55","guid":{"rendered":"https:\/\/blog-alexis.monville.com\/?p=1611"},"modified":"2014-01-08T22:12:55","modified_gmt":"2014-01-08T21:12:55","slug":"en-retard-au-daily-scrum","status":"publish","type":"post","link":"https:\/\/blog-alexis.monville.com\/en\/2013\/06\/29\/en-retard-au-daily-scrum\/","title":{"rendered":"En retard au daily scrum"},"content":{"rendered":"<p><a href=\"https:\/\/i0.wp.com\/blog-alexis.monville.com\/wp-content\/uploads\/sites\/2\/2013\/06\/paper-boat.jpg?ssl=1\"><img data-recalc-dims=\"1\" loading=\"lazy\" decoding=\"async\" data-attachment-id=\"1612\" data-permalink=\"https:\/\/blog-alexis.monville.com\/en\/2013\/06\/29\/en-retard-au-daily-scrum\/paper-boat\/\" data-orig-file=\"https:\/\/i0.wp.com\/blog-alexis.monville.com\/en\/wp-content\/uploads\/sites\/2\/2013\/06\/paper-boat.jpg?fit=1907%2C1263&amp;ssl=1\" data-orig-size=\"1907,1263\" data-comments-opened=\"1\" data-image-meta=\"{&quot;aperture&quot;:&quot;4.5&quot;,&quot;credit&quot;:&quot;&quot;,&quot;camera&quot;:&quot;NIKON D7000&quot;,&quot;caption&quot;:&quot;&quot;,&quot;created_timestamp&quot;:&quot;1315349400&quot;,&quot;copyright&quot;:&quot;&quot;,&quot;focal_length&quot;:&quot;105&quot;,&quot;iso&quot;:&quot;125&quot;,&quot;shutter_speed&quot;:&quot;0.02&quot;,&quot;title&quot;:&quot;&quot;,&quot;orientation&quot;:&quot;1&quot;}\" data-image-title=\"paper-boat\" data-image-description=\"\" data-image-caption=\"\" data-large-file=\"https:\/\/i0.wp.com\/blog-alexis.monville.com\/en\/wp-content\/uploads\/sites\/2\/2013\/06\/paper-boat.jpg?fit=1024%2C678&amp;ssl=1\" class=\"alignleft size-medium wp-image-1612\" alt=\"paper-boat\" src=\"https:\/\/i0.wp.com\/blog-alexis.monville.com\/wp-content\/uploads\/sites\/2\/2013\/06\/paper-boat-300x198.jpg?resize=300%2C198&#038;ssl=1\" width=\"300\" height=\"198\" \/><\/a><\/p>\n<p>Lors du ScrumBoat qui s&#8217;est d\u00e9roul\u00e9 le 26 juin 2013 \u00e0 Paris, un ami m&#8217;a pr\u00e9sent\u00e9 2 nouvelles recrues de sa soci\u00e9t\u00e9, 2 nouveaux &#8220;coach agile&#8221;. La conversation voguait sur quelques partages d&#8217;exp\u00e9riences assez classiques et arriva sur un sujet d&#8217;int\u00e9r\u00eat commun \u00e0 ces 2 coachs :<\/p>\n<h3>Comment faire lorsque les personnes sont en retard au Daily Scrum ?<\/h3>\n<p>Le Daily Scrum est cette r\u00e9union quotidienne, ou m\u00eal\u00e9e quotidienne, d&#8217;une dur\u00e9e\u00a0de 15 minutes maximum ou l&#8217;\u00e9quipe, se tenant debout, partage de l&#8217;information sur ce qui a \u00e9t\u00e9 fait la veille, sur ce qu&#8217;il est pr\u00e9vu de faire aujourd&#8217;hui et sur les obstacles identifi\u00e9s ralentissant ou emp\u00eachant la progression de l&#8217;\u00e9quipe. L&#8217;objectif de cette r\u00e9union au del\u00e0 de la synchronisation, est d&#8217;avoir une boucle tr\u00e8s courte permettant l&#8217;adaptation.<\/p>\n<p>Aussi, mon premier r\u00e9flexe lorsque la question du retard de personnes au daily scrum a \u00e9t\u00e9 \u00e9voqu\u00e9e a \u00e9t\u00e9 de demander pourquoi ils arrivaient en retard. Les r\u00e9ponses ne se sont pas fait attendre :<\/p>\n<ul>\n<li><span style=\"line-height: 13px;\">Elle : le daily est \u00e0 10h20, donc m\u00eame avec plus d&#8217;une heure de transport, il n&#8217;y a pas de raison d&#8217;\u00eatre en retard&#8230;<\/span><\/li>\n<li>Moi : Oui je comprends, mais je me demande pourquoi ?<\/li>\n<li>Lui : Il ne faut pas rentrer la dedans et demander pourquoi.<\/li>\n<\/ul>\n<p>Ils ont ensuite \u00e9voqu\u00e9 les solutions qu&#8217;ils avaient mis en oeuvre.<\/p>\n<h3>Amende<\/h3>\n<p>Elle a choisi de mettre en place une amende pour sanctionner le retard : 1\u20ac par minute de retard. Cette somme \u00e9tait au d\u00e9part mise dans une cagnotte permettant \u00e0 l&#8217;\u00e9quipe de partager un verre en fin de semaine. Ce dispositif n&#8217;a pas fonctionn\u00e9, en effet, en donnant un prix au retard, certains &#8220;achetaient&#8221; simplement leurs retards. Elle a donc adapt\u00e9 le dispositif pour ajouter \u00e0 la sanction p\u00e9cuniaire, une sanction compl\u00e9mentaire en disant la cagnotte ne profitera plus \u00e0 l&#8217;\u00e9quipe mais sera donn\u00e9e \u00e0 une autre \u00e9quipe&#8230; que l&#8217;\u00e9quipe n&#8217;appr\u00e9cie pas.<\/p>\n<h3>Honte<\/h3>\n<p>Lui a choisi de punir les retardataires en faisant imprimer sur un tee-shirt rose fluo &#8220;kick me, I was late at the daily&#8221;. Les retardataires doivent porter ce tee-shirt toute la journ\u00e9e lorsqu&#8217;ils sont en retard.<\/p>\n<p>Moi : C&#8217;est int\u00e9ressant&#8230;<\/p>\n<p>J&#8217;avoue ne pas avoir trouv\u00e9 les mots pour tenter d&#8217;expliquer qu&#8217;ils me semblaient faire fausse route. Que si ils semblaient avoir mis en oeuvre les pratiques agiles comme la r\u00e9union quotidienne, les valeurs et les principes agile \u00e9taient absents.<\/p>\n<p><a href=\"https:\/\/i0.wp.com\/blog-alexis.monville.com\/wp-content\/uploads\/sites\/2\/2013\/06\/thinking-system-performance1.png?ssl=1\"><img data-recalc-dims=\"1\" loading=\"lazy\" decoding=\"async\" data-attachment-id=\"1616\" data-permalink=\"https:\/\/blog-alexis.monville.com\/en\/2013\/06\/29\/en-retard-au-daily-scrum\/thinking-system-performance-2\/\" data-orig-file=\"https:\/\/i0.wp.com\/blog-alexis.monville.com\/en\/wp-content\/uploads\/sites\/2\/2013\/06\/thinking-system-performance1.png?fit=843%2C1050&amp;ssl=1\" data-orig-size=\"843,1050\" data-comments-opened=\"1\" data-image-meta=\"{&quot;aperture&quot;:&quot;0&quot;,&quot;credit&quot;:&quot;&quot;,&quot;camera&quot;:&quot;&quot;,&quot;caption&quot;:&quot;&quot;,&quot;created_timestamp&quot;:&quot;0&quot;,&quot;copyright&quot;:&quot;&quot;,&quot;focal_length&quot;:&quot;0&quot;,&quot;iso&quot;:&quot;0&quot;,&quot;shutter_speed&quot;:&quot;0&quot;,&quot;title&quot;:&quot;&quot;}\" data-image-title=\"thinking-system-performance\" data-image-description=\"\" data-image-caption=\"\" data-large-file=\"https:\/\/i0.wp.com\/blog-alexis.monville.com\/en\/wp-content\/uploads\/sites\/2\/2013\/06\/thinking-system-performance1.png?fit=822%2C1024&amp;ssl=1\" class=\"aligncenter size-medium wp-image-1616\" alt=\"thinking-system-performance\" src=\"https:\/\/i0.wp.com\/blog-alexis.monville.com\/wp-content\/uploads\/sites\/2\/2013\/06\/thinking-system-performance1-240x300.png?resize=240%2C300&#038;ssl=1\" width=\"240\" height=\"300\" srcset=\"https:\/\/i0.wp.com\/blog-alexis.monville.com\/en\/wp-content\/uploads\/sites\/2\/2013\/06\/thinking-system-performance1.png?resize=240%2C300&amp;ssl=1 240w, https:\/\/i0.wp.com\/blog-alexis.monville.com\/en\/wp-content\/uploads\/sites\/2\/2013\/06\/thinking-system-performance1.png?resize=822%2C1024&amp;ssl=1 822w, https:\/\/i0.wp.com\/blog-alexis.monville.com\/en\/wp-content\/uploads\/sites\/2\/2013\/06\/thinking-system-performance1.png?w=843&amp;ssl=1 843w\" sizes=\"auto, (max-width: 240px) 100vw, 240px\" \/><\/a><\/p>\n<p>Cela confirme bien sur que la modification du &#8220;syst\u00e8me&#8221; par l&#8217;introduction de nouvelles pratiques, n&#8217;a pas n\u00e9cessairement d&#8217;impact sur le mode de pens\u00e9e qui avait cr\u00e9\u00e9 le syst\u00e8me au d\u00e9part. Et que sans modification du mode de pens\u00e9e, le syst\u00e8me d\u00e9riverait vers un syst\u00e8me proche de celui initialement \u00e0 l&#8217;oeuvre.<\/p>\n<p>La performance est directement li\u00e9 au syst\u00e8me mis en oeuvre. Agir sur le syst\u00e8me sans agir sur le mode de pens\u00e9e qui l&#8217;a cr\u00e9\u00e9 n&#8217;aura pas d&#8217;impact durable sur la performance du syst\u00e8me.<\/p>\n<p>Et vous, qu&#8217;est-ce que vous inspire cette histoire ?<\/p>\n<p>&nbsp;<\/p>\n<p><em>La photographie de bateaux en papier est de\u00a0<a href=\"http:\/\/www.sxc.hu\/profile\/Zela\" target=\"_blank\">Marja Flick-Buijs<\/a><\/em><\/p>\n","protected":false},"excerpt":{"rendered":"<p>Lors du ScrumBoat qui s&#8217;est d\u00e9roul\u00e9 le 26 juin 2013 \u00e0 Paris, un ami m&#8217;a pr\u00e9sent\u00e9 2 nouvelles recrues de sa soci\u00e9t\u00e9, 2 nouveaux &#8220;coach agile&#8221;. La conversation voguait sur quelques partages d&#8217;exp\u00e9riences assez classiques et arriva sur un sujet d&#8217;int\u00e9r\u00eat commun \u00e0 ces 2 coachs : Comment faire lorsque les personnes sont en retard [&hellip;]<\/p>\n","protected":false},"author":1,"featured_media":1612,"comment_status":"open","ping_status":"open","sticky":false,"template":"","format":"standard","meta":{"advanced_seo_description":"","jetpack_seo_html_title":"","jetpack_seo_noindex":false,"jetpack_post_was_ever_published":false,"_jetpack_newsletter_access":"","_jetpack_dont_email_post_to_subs":false,"_jetpack_newsletter_tier_id":0,"_jetpack_memberships_contains_paywalled_content":false,"_jetpack_memberships_contains_paid_content":false,"footnotes":""},"categories":[1],"tags":[284],"class_list":["post-1611","post","type-post","status-publish","format-standard","has-post-thumbnail","hentry","category-all","tag-management"],"jetpack_featured_media_url":"https:\/\/i0.wp.com\/blog-alexis.monville.com\/en\/wp-content\/uploads\/sites\/2\/2013\/06\/paper-boat.jpg?fit=1907%2C1263&ssl=1","jetpack_shortlink":"https:\/\/wp.me\/paNjQG-pZ","jetpack-related-posts":[{"id":1828,"url":"https:\/\/blog-alexis.monville.com\/en\/2014\/04\/22\/developper-des-produits-avec-des-equipes-distribuees\/","url_meta":{"origin":1611,"position":0},"title":"D\u00e9velopper des produits avec des \u00e9quipes distribu\u00e9es","author":"Alexis","date":"April 22, 2014","format":false,"excerpt":"Apr\u00e8s la conf\u00e9rence que j'ai donn\u00e9 le 10 avril pour le ScrumDay, je suis en train de pr\u00e9parer celle que je donnerais lors de Mix-IT le 30 avril 2014. Le r\u00e9sum\u00e9 de la session est assez similaire entre les deux, voici celui du ScrumDay : De nos jours, presque tout\u2026","rel":"","context":"In &quot;Interventions&quot;","block_context":{"text":"Interventions","link":"https:\/\/blog-alexis.monville.com\/en\/category\/interventions\/"},"img":{"alt_text":"","src":"https:\/\/i0.wp.com\/blog-alexis.monville.com\/en\/wp-content\/uploads\/sites\/2\/2014\/04\/mixit-banner.png?fit=800%2C270&ssl=1&resize=350%2C200","width":350,"height":200,"srcset":"https:\/\/i0.wp.com\/blog-alexis.monville.com\/en\/wp-content\/uploads\/sites\/2\/2014\/04\/mixit-banner.png?fit=800%2C270&ssl=1&resize=350%2C200 1x, https:\/\/i0.wp.com\/blog-alexis.monville.com\/en\/wp-content\/uploads\/sites\/2\/2014\/04\/mixit-banner.png?fit=800%2C270&ssl=1&resize=525%2C300 1.5x, https:\/\/i0.wp.com\/blog-alexis.monville.com\/en\/wp-content\/uploads\/sites\/2\/2014\/04\/mixit-banner.png?fit=800%2C270&ssl=1&resize=700%2C400 2x"},"classes":[]},{"id":1841,"url":"https:\/\/blog-alexis.monville.com\/en\/2014\/04\/25\/coaching-gagnant\/","url_meta":{"origin":1611,"position":1},"title":"Coaching gagnant","author":"Alexis","date":"April 25, 2014","format":false,"excerpt":"Le CJD Arcachon accueillait pour sa pl\u00e9ni\u00e8re du 24 avril, Philippe Presti, le coach de l'\u00e9quipe Oracle USA, vainqueur de la coupe de l'America cette ann\u00e9e. Philippe Presti a racont\u00e9 comment l'\u00e9quipe, en position de d\u00e9fendre son titre face au challenger de Nouvelle Z\u00e9lande, semblait avoir perdue, \u00e9tait men\u00e9e 8\u2026","rel":"","context":"In &quot;General&quot;","block_context":{"text":"General","link":"https:\/\/blog-alexis.monville.com\/en\/category\/all\/"},"img":{"alt_text":"","src":"https:\/\/i0.wp.com\/blog-alexis.monville.com\/en\/wp-content\/uploads\/sites\/2\/2014\/04\/oracle-team-usa.jpg?fit=1200%2C800&ssl=1&resize=350%2C200","width":350,"height":200,"srcset":"https:\/\/i0.wp.com\/blog-alexis.monville.com\/en\/wp-content\/uploads\/sites\/2\/2014\/04\/oracle-team-usa.jpg?fit=1200%2C800&ssl=1&resize=350%2C200 1x, https:\/\/i0.wp.com\/blog-alexis.monville.com\/en\/wp-content\/uploads\/sites\/2\/2014\/04\/oracle-team-usa.jpg?fit=1200%2C800&ssl=1&resize=525%2C300 1.5x, https:\/\/i0.wp.com\/blog-alexis.monville.com\/en\/wp-content\/uploads\/sites\/2\/2014\/04\/oracle-team-usa.jpg?fit=1200%2C800&ssl=1&resize=700%2C400 2x, https:\/\/i0.wp.com\/blog-alexis.monville.com\/en\/wp-content\/uploads\/sites\/2\/2014\/04\/oracle-team-usa.jpg?fit=1200%2C800&ssl=1&resize=1050%2C600 3x"},"classes":[]},{"id":223,"url":"https:\/\/blog-alexis.monville.com\/en\/2008\/10\/16\/competences-distribuees\/","url_meta":{"origin":1611,"position":2},"title":"Comp\u00e9tences distribu\u00e9es ?","author":"Alexis","date":"October 16, 2008","format":false,"excerpt":"Les propositions d\u2019optimisation des organisations reposent souvent sur un regroupement des comp\u00e9tences au sein de centre de service agissant pour le compte de l\u2019ensemble de l\u2019organisation. L\u2019atteinte de la \u00ab\u00a0taille critique\u00a0\u00bb pour conduire une activit\u00e9 est le principal argument utilis\u00e9 pour justifier cette proposition. Cette taille permettant de se doter\u2026","rel":"","context":"In &quot;General&quot;","block_context":{"text":"General","link":"https:\/\/blog-alexis.monville.com\/en\/category\/all\/"},"img":{"alt_text":"","src":"","width":0,"height":0},"classes":[]},{"id":1929,"url":"https:\/\/blog-alexis.monville.com\/en\/2014\/08\/16\/ameliorer-la-collaboration\/","url_meta":{"origin":1611,"position":3},"title":"Am\u00e9liorer la collaboration","author":"Alexis","date":"August 16, 2014","format":false,"excerpt":"Je profite de mes vacances pour terminer un vieil article... Il s'agit d'un article pour faire la promotion d'un outil permettant de faciliter la collaboration pour une \u00e9quipe distribu\u00e9e, ou disons pour une \u00e9quipe qui n'est pas toujours colocalis\u00e9e. Ayeba utilise cet outil depuis son apparition sur le march\u00e9 afin\u2026","rel":"","context":"In &quot;General&quot;","block_context":{"text":"General","link":"https:\/\/blog-alexis.monville.com\/en\/category\/all\/"},"img":{"alt_text":"","src":"https:\/\/i0.wp.com\/blog-alexis.monville.com\/en\/wp-content\/uploads\/sites\/2\/2014\/08\/Capture-d%E2%80%99%C3%A9cran-2014-08-16-%C3%A0-08.23.35.png?fit=1200%2C722&ssl=1&resize=350%2C200","width":350,"height":200,"srcset":"https:\/\/i0.wp.com\/blog-alexis.monville.com\/en\/wp-content\/uploads\/sites\/2\/2014\/08\/Capture-d%E2%80%99%C3%A9cran-2014-08-16-%C3%A0-08.23.35.png?fit=1200%2C722&ssl=1&resize=350%2C200 1x, https:\/\/i0.wp.com\/blog-alexis.monville.com\/en\/wp-content\/uploads\/sites\/2\/2014\/08\/Capture-d%E2%80%99%C3%A9cran-2014-08-16-%C3%A0-08.23.35.png?fit=1200%2C722&ssl=1&resize=525%2C300 1.5x, https:\/\/i0.wp.com\/blog-alexis.monville.com\/en\/wp-content\/uploads\/sites\/2\/2014\/08\/Capture-d%E2%80%99%C3%A9cran-2014-08-16-%C3%A0-08.23.35.png?fit=1200%2C722&ssl=1&resize=700%2C400 2x, https:\/\/i0.wp.com\/blog-alexis.monville.com\/en\/wp-content\/uploads\/sites\/2\/2014\/08\/Capture-d%E2%80%99%C3%A9cran-2014-08-16-%C3%A0-08.23.35.png?fit=1200%2C722&ssl=1&resize=1050%2C600 3x"},"classes":[]},{"id":85,"url":"https:\/\/blog-alexis.monville.com\/en\/2008\/03\/29\/patrimoine-immateriel-de-letat\/","url_meta":{"origin":1611,"position":4},"title":"Patrimoine Immat\u00e9riel de l&#8217;Etat","author":"Alexis","date":"March 29, 2008","format":false,"excerpt":"Suite \u00e0 la remise du rapport LEVY-JOUYET sur l\u2019\u00e9conomie de l\u2019immat\u00e9riel, en d\u00e9cembre 2006, \u00e0 Thierry Breton, alors ministre de l\u2019Economie des Finances et de l\u2019Industrie, la France s\u2019est dot\u00e9 d\u2019une Agence pour le Patrimoine Immat\u00e9riel de l\u2019Etat (APIE). Cette Agence est dirig\u00e9e par Claude Rubinowicz qui pr\u00e9sentait ses travaux\u2026","rel":"","context":"In &quot;General&quot;","block_context":{"text":"General","link":"https:\/\/blog-alexis.monville.com\/en\/category\/all\/"},"img":{"alt_text":"","src":"","width":0,"height":0},"classes":[]},{"id":783,"url":"https:\/\/blog-alexis.monville.com\/en\/2010\/03\/05\/la-croissance-par-le-partage\/","url_meta":{"origin":1611,"position":5},"title":"La croissance par le partage","author":"Alexis","date":"March 5, 2010","format":false,"excerpt":"Charles-H. Schulz d'Ars Aperta, a anim\u00e9 \u00a0\u00e0 La Cantine une table-ronde sur les mod\u00e8les de d\u00e9veloppement et de collaboration au sein des projets du logiciel libre : - Tristan Nitot, Mozilla Europe - Nicolas Barcet, Ubuntu (Canonical) - Louis Montagne, Bearstech - John Lejeune, Hackable Devices - Luis Belmar, Itaapy\u2026","rel":"","context":"In &quot;International&quot;","block_context":{"text":"International","link":"https:\/\/blog-alexis.monville.com\/en\/category\/international\/"},"img":{"alt_text":"","src":"","width":0,"height":0},"classes":[]}],"jetpack_sharing_enabled":true,"_links":{"self":[{"href":"https:\/\/blog-alexis.monville.com\/en\/wp-json\/wp\/v2\/posts\/1611","targetHints":{"allow":["GET"]}}],"collection":[{"href":"https:\/\/blog-alexis.monville.com\/en\/wp-json\/wp\/v2\/posts"}],"about":[{"href":"https:\/\/blog-alexis.monville.com\/en\/wp-json\/wp\/v2\/types\/post"}],"author":[{"embeddable":true,"href":"https:\/\/blog-alexis.monville.com\/en\/wp-json\/wp\/v2\/users\/1"}],"replies":[{"embeddable":true,"href":"https:\/\/blog-alexis.monville.com\/en\/wp-json\/wp\/v2\/comments?post=1611"}],"version-history":[{"count":7,"href":"https:\/\/blog-alexis.monville.com\/en\/wp-json\/wp\/v2\/posts\/1611\/revisions"}],"predecessor-version":[{"id":1692,"href":"https:\/\/blog-alexis.monville.com\/en\/wp-json\/wp\/v2\/posts\/1611\/revisions\/1692"}],"wp:featuredmedia":[{"embeddable":true,"href":"https:\/\/blog-alexis.monville.com\/en\/wp-json\/wp\/v2\/media\/1612"}],"wp:attachment":[{"href":"https:\/\/blog-alexis.monville.com\/en\/wp-json\/wp\/v2\/media?parent=1611"}],"wp:term":[{"taxonomy":"category","embeddable":true,"href":"https:\/\/blog-alexis.monville.com\/en\/wp-json\/wp\/v2\/categories?post=1611"},{"taxonomy":"post_tag","embeddable":true,"href":"https:\/\/blog-alexis.monville.com\/en\/wp-json\/wp\/v2\/tags?post=1611"}],"curies":[{"name":"wp","href":"https:\/\/api.w.org\/{rel}","templated":true}]}}