{"id":1600,"date":"2013-06-15T20:21:54","date_gmt":"2013-06-15T18:21:54","guid":{"rendered":"https:\/\/blog-alexis.monville.com\/?p=1600"},"modified":"2013-06-15T20:21:54","modified_gmt":"2013-06-15T18:21:54","slug":"crisp-et-happy-melly-une-autre-facon-denvisager-lentreprise","status":"publish","type":"post","link":"https:\/\/blog-alexis.monville.com\/en\/2013\/06\/15\/crisp-et-happy-melly-une-autre-facon-denvisager-lentreprise\/","title":{"rendered":"Crisp et Happy Melly : une autre fa\u00e7on d&#8217;envisager l&#8217;entreprise"},"content":{"rendered":"<p><a href=\"https:\/\/i0.wp.com\/blog-alexis.monville.com\/wp-content\/uploads\/sites\/2\/2013\/06\/happy-melly-logo.png?ssl=1\"><img data-recalc-dims=\"1\" loading=\"lazy\" decoding=\"async\" data-attachment-id=\"1601\" data-permalink=\"https:\/\/blog-alexis.monville.com\/en\/2013\/06\/15\/crisp-et-happy-melly-une-autre-facon-denvisager-lentreprise\/happy-melly-logo\/\" data-orig-file=\"https:\/\/i0.wp.com\/blog-alexis.monville.com\/en\/wp-content\/uploads\/sites\/2\/2013\/06\/happy-melly-logo.png?fit=184%2C199&amp;ssl=1\" data-orig-size=\"184,199\" data-comments-opened=\"1\" data-image-meta=\"{&quot;aperture&quot;:&quot;0&quot;,&quot;credit&quot;:&quot;&quot;,&quot;camera&quot;:&quot;&quot;,&quot;caption&quot;:&quot;&quot;,&quot;created_timestamp&quot;:&quot;0&quot;,&quot;copyright&quot;:&quot;&quot;,&quot;focal_length&quot;:&quot;0&quot;,&quot;iso&quot;:&quot;0&quot;,&quot;shutter_speed&quot;:&quot;0&quot;,&quot;title&quot;:&quot;&quot;,&quot;orientation&quot;:&quot;0&quot;}\" data-image-title=\"happy-melly-logo\" data-image-description=\"\" data-image-caption=\"\" data-large-file=\"https:\/\/i0.wp.com\/blog-alexis.monville.com\/en\/wp-content\/uploads\/sites\/2\/2013\/06\/happy-melly-logo.png?fit=184%2C199&amp;ssl=1\" class=\"size-full wp-image-1601 alignleft\" alt=\"happy-melly-logo\" src=\"https:\/\/i0.wp.com\/blog-alexis.monville.com\/wp-content\/uploads\/sites\/2\/2013\/06\/happy-melly-logo.png?resize=184%2C199&#038;ssl=1\" width=\"184\" height=\"199\" \/><\/a><\/p>\n<p>Lors de la conf\u00e9rence <a href=\"http:\/\/www.dare2013.be\/\" target=\"_blank\">DARE13<\/a>, qui se tenait \u00e0 Anvers les 14 et 15 juin 2013, <a href=\"http:\/\/www.jurgenappelo.com\/\" target=\"_blank\">Jurgen Appelo<\/a> pr\u00e9sentait le mod\u00e8le de leadership tribal. Ce mod\u00e8le permettant de supporter les individus et leurs interactions est un r\u00e9seau d&#8217;organisations offrant des services dans le monde entier. C&#8217;est ce mod\u00e8le qu&#8217;il a \u00a0mis en oeuvre avec Vasco Duarte et Marteen Volders en cr\u00e9ant <a href=\"http:\/\/www.happymelly.com\/\" target=\"_blank\">Happy Melly<\/a>.<\/p>\n<p>&nbsp;<\/p>\n<p>Un autre exemple de cette autre fa\u00e7on d&#8217;envisager l&#8217;entreprise est <a href=\"http:\/\/www.crisp.se\/\" target=\"_blank\">Crisp<\/a>.\u00a0Une recherche rapide vous montrera que Crisp, soci\u00e9t\u00e9 su\u00e9doise, compte de nombreux consultant, coach, d\u00e9veloppeurs :\u00a0<a href=\"http:\/\/www.crisp.se\/konsulter\">http:\/\/www.crisp.se\/konsulter<\/a>.\u00a0Un signe montrant que Crisp se porte bien. De plus les membres de Crisp \u00e9crivent des livres, interviennent dans des conf\u00e9rences. Et pourtant Crisp est une organisation \u00e0 but non lucratif.\u00a0Cette structure prend en charge les aspects logistiques, mais les prestations sont r\u00e9alis\u00e9es par des personnes qui disposent chacune d&#8217;une structure l\u00e9gale ind\u00e9pendante et qui payent une cotisation \u00e0 Crisp.<\/p>\n<p>Inspirant n&#8217;est-ce pas ?<\/p>\n<p>&nbsp;<\/p>\n","protected":false},"excerpt":{"rendered":"<p>Lors de la conf\u00e9rence DARE13, qui se tenait \u00e0 Anvers les 14 et 15 juin 2013, Jurgen Appelo pr\u00e9sentait le mod\u00e8le de leadership tribal. Ce mod\u00e8le permettant de supporter les individus et leurs interactions est un r\u00e9seau d&#8217;organisations offrant des services dans le monde entier. C&#8217;est ce mod\u00e8le qu&#8217;il a \u00a0mis en oeuvre avec Vasco [&hellip;]<\/p>\n","protected":false},"author":1,"featured_media":1601,"comment_status":"open","ping_status":"open","sticky":false,"template":"","format":"standard","meta":{"advanced_seo_description":"","jetpack_seo_html_title":"","jetpack_seo_noindex":false,"jetpack_post_was_ever_published":false,"_jetpack_newsletter_access":"","_jetpack_dont_email_post_to_subs":false,"_jetpack_newsletter_tier_id":0,"_jetpack_memberships_contains_paywalled_content":false,"_jetpack_memberships_contains_paid_content":false,"footnotes":""},"categories":[1],"tags":[],"class_list":["post-1600","post","type-post","status-publish","format-standard","has-post-thumbnail","hentry","category-all"],"jetpack_featured_media_url":"https:\/\/i0.wp.com\/blog-alexis.monville.com\/en\/wp-content\/uploads\/sites\/2\/2013\/06\/happy-melly-logo.png?fit=184%2C199&ssl=1","jetpack_shortlink":"https:\/\/wp.me\/paNjQG-pO","jetpack-related-posts":[{"id":315,"url":"https:\/\/blog-alexis.monville.com\/en\/2009\/01\/14\/twitter-yammer-quest-ce-le-micro-blogging\/","url_meta":{"origin":1600,"position":0},"title":"Qu&#8217;est-ce le micro-blogging ?","author":"Alexis","date":"January 14, 2009","format":false,"excerpt":"Qu'est-ce que le micro-blogging et \u00e0 quoi cela peut-il servir en entreprise ? C'est la question que j'avais envie de poser dans cet article en construction avant de regarder la pr\u00e9sentation qu'Emilie Ogez a post\u00e9 aujourd'hui sur son blog ! Alors plut\u00f4t que r\u00e9\u00e9crire ce qui a d\u00e9j\u00e0 \u00e9t\u00e9 dit,\u2026","rel":"","context":"In &quot;Explorateurs&quot;","block_context":{"text":"Explorateurs","link":"https:\/\/blog-alexis.monville.com\/en\/category\/explorateurs\/"},"img":{"alt_text":"","src":"https:\/\/i0.wp.com\/assets1.twitter.com\/images\/twitter_logo_s.png?resize=350%2C200","width":350,"height":200},"classes":[]},{"id":124,"url":"https:\/\/blog-alexis.monville.com\/en\/2008\/08\/26\/echec-ou-changement-concerte\/","url_meta":{"origin":1600,"position":1},"title":"Echec ou changement concert\u00e9 ?","author":"Alexis","date":"August 26, 2008","format":false,"excerpt":"Je viens de d\u00e9couvrir le livre vert de l\u2019APRAT[1] publi\u00e9 au d\u00e9but de l\u2019ann\u00e9e 2008 et intitul\u00e9 : \u00ab R\u00e9forme de la sph\u00e8re publique : \u00e9chec ou changement concert\u00e9 ? \u00bb. Le titre laisse entrevoir un ton direct et c\u2019est bien le cas pour ce livre vert de 21 pages.\u2026","rel":"","context":"In &quot;General&quot;","block_context":{"text":"General","link":"https:\/\/blog-alexis.monville.com\/en\/category\/all\/"},"img":{"alt_text":"","src":"","width":0,"height":0},"classes":[]},{"id":807,"url":"https:\/\/blog-alexis.monville.com\/en\/2010\/05\/02\/logiciel-libre-et-amelioration-des-methodes-de-travail\/","url_meta":{"origin":1600,"position":2},"title":"Logiciel libre et am\u00e9lioration des m\u00e9thodes de travail","author":"Alexis","date":"May 2, 2010","format":false,"excerpt":"Qu'apporte le logiciel libre ou l'open source au sein de l'entreprise ?\u00a0Quelles influences ces technologies ont-elles sur l'efficacit\u00e9 du syst\u00e8me d'information ? Peut-on parler dans le logiciel libre uniquement de l'aspect fonctionnel et des co\u00fbts ? Existe-t-il une diff\u00e9rence entre le mod\u00e8le de d\u00e9veloppement et le mod\u00e8le de diffusion ?\u2026","rel":"","context":"In &quot;General&quot;","block_context":{"text":"General","link":"https:\/\/blog-alexis.monville.com\/en\/category\/all\/"},"img":{"alt_text":"","src":"https:\/\/i0.wp.com\/blog-alexis.monville.com\/files\/2010\/05\/solutions-linux-2-300x188.png?resize=350%2C200&ssl=1","width":350,"height":200},"classes":[]},{"id":178,"url":"https:\/\/blog-alexis.monville.com\/en\/2008\/09\/26\/lusage-de-linternet-dans-le-monde\/","url_meta":{"origin":1600,"position":3},"title":"L&#8217;usage de l&#8217;Internet dans le monde","author":"Alexis","date":"September 26, 2008","format":false,"excerpt":"Une autre fa\u00e7on de voir le monde, la taille des extensions est relative \u00e0 la population de chaque pays sauf pour l'Inde et la Chine r\u00e9duite \u00e0 30%. Au d\u00e9part j'avais imagin\u00e9 que c'\u00e9tait le nombre d'utilisateurs d'Internet... avant de lire la l\u00e9gende sur le site de Byte Level Research.","rel":"","context":"In &quot;General&quot;","block_context":{"text":"General","link":"https:\/\/blog-alexis.monville.com\/en\/category\/all\/"},"img":{"alt_text":"","src":"https:\/\/i0.wp.com\/www.bytelevel.com\/map\/images\/ccTLD_600b.jpg?resize=350%2C200","width":350,"height":200,"srcset":"https:\/\/i0.wp.com\/www.bytelevel.com\/map\/images\/ccTLD_600b.jpg?resize=350%2C200 1x, https:\/\/i0.wp.com\/www.bytelevel.com\/map\/images\/ccTLD_600b.jpg?resize=525%2C300 1.5x"},"classes":[]},{"id":84,"url":"https:\/\/blog-alexis.monville.com\/en\/2008\/03\/28\/strategie-dsi-2010\/","url_meta":{"origin":1600,"position":4},"title":"Strat\u00e9gie DSI 2010","author":"Alexis","date":"March 28, 2008","format":false,"excerpt":"Cette conf\u00e9rence r\u00e9unissait, \u00e0 l\u2019initiative de la soci\u00e9t\u00e9 De Gamma\u00a0: Michel Delattre, DSI Groupe La Poste Bernard Dubs, fondateur du BIT Group Jacques-Benoit Lebris, Directeur Business Intelligence Rhodia Eric Tirlemont, Ineum Consulting Gilles Martin, De Gamma Jos\u00e9 Rodrigues, De Gamma Dans le cadre du plan CIGREF 2010, Michel Delattre, a\u2026","rel":"","context":"In &quot;General&quot;","block_context":{"text":"General","link":"https:\/\/blog-alexis.monville.com\/en\/category\/all\/"},"img":{"alt_text":"","src":"","width":0,"height":0},"classes":[]},{"id":87,"url":"https:\/\/blog-alexis.monville.com\/en\/2008\/04\/02\/in-principo-%c2%ab-accelerateur-de-progres-%c2%bb\/","url_meta":{"origin":1600,"position":5},"title":"In Principo : \u00ab acc\u00e9l\u00e9rateur de progr\u00e8s \u00bb","author":"Alexis","date":"April 2, 2008","format":false,"excerpt":"Ce 25 mars j\u2019\u00e9tais invit\u00e9 \u00e0 d\u00e9couvrir le programme CoAgilit\u00e9 d\u2019In Principo. Cette pr\u00e9sentation \u00e9tait introduite par Olivier R\u00e9aud, un des fondateurs, qui r\u00e9sumait la d\u00e9nomination par une illustration d\u2019agilit\u00e9\u00a0: une jolie photo de singe - ind\u00e9niablement agile - illustration permettant de prendre conscience simplement que pour l\u2019entreprise, c\u2019est le\u2026","rel":"","context":"In &quot;General&quot;","block_context":{"text":"General","link":"https:\/\/blog-alexis.monville.com\/en\/category\/all\/"},"img":{"alt_text":"","src":"","width":0,"height":0},"classes":[]}],"jetpack_sharing_enabled":true,"_links":{"self":[{"href":"https:\/\/blog-alexis.monville.com\/en\/wp-json\/wp\/v2\/posts\/1600","targetHints":{"allow":["GET"]}}],"collection":[{"href":"https:\/\/blog-alexis.monville.com\/en\/wp-json\/wp\/v2\/posts"}],"about":[{"href":"https:\/\/blog-alexis.monville.com\/en\/wp-json\/wp\/v2\/types\/post"}],"author":[{"embeddable":true,"href":"https:\/\/blog-alexis.monville.com\/en\/wp-json\/wp\/v2\/users\/1"}],"replies":[{"embeddable":true,"href":"https:\/\/blog-alexis.monville.com\/en\/wp-json\/wp\/v2\/comments?post=1600"}],"version-history":[{"count":2,"href":"https:\/\/blog-alexis.monville.com\/en\/wp-json\/wp\/v2\/posts\/1600\/revisions"}],"predecessor-version":[{"id":1603,"href":"https:\/\/blog-alexis.monville.com\/en\/wp-json\/wp\/v2\/posts\/1600\/revisions\/1603"}],"wp:featuredmedia":[{"embeddable":true,"href":"https:\/\/blog-alexis.monville.com\/en\/wp-json\/wp\/v2\/media\/1601"}],"wp:attachment":[{"href":"https:\/\/blog-alexis.monville.com\/en\/wp-json\/wp\/v2\/media?parent=1600"}],"wp:term":[{"taxonomy":"category","embeddable":true,"href":"https:\/\/blog-alexis.monville.com\/en\/wp-json\/wp\/v2\/categories?post=1600"},{"taxonomy":"post_tag","embeddable":true,"href":"https:\/\/blog-alexis.monville.com\/en\/wp-json\/wp\/v2\/tags?post=1600"}],"curies":[{"name":"wp","href":"https:\/\/api.w.org\/{rel}","templated":true}]}}