{"id":1593,"date":"2013-06-04T22:29:30","date_gmt":"2013-06-04T20:29:30","guid":{"rendered":"https:\/\/blog-alexis.monville.com\/?p=1593"},"modified":"2013-06-04T22:31:02","modified_gmt":"2013-06-04T20:31:02","slug":"les-internets","status":"publish","type":"post","link":"https:\/\/blog-alexis.monville.com\/en\/2013\/06\/04\/les-internets\/","title":{"rendered":"Les Internets"},"content":{"rendered":"<p>Une contre-histoire de l&#8217;Internet est un documentaire de Jean-Marc Manach (<a href=\"http:\/\/twitter.com\/manhack\" target=\"_blank\">@manhack<\/a>) et Julien Goetz (<a href=\"http:\/\/twitter.com\/juliengoetz\" target=\"_blank\">@juliengoetz<\/a>) r\u00e9alis\u00e9 par Sylvain Berg\u00e8re et\u00a0Co-produit par ARTE et Premi\u00e8res Lignes T\u00e9l\u00e9vision.<\/p>\n<p>Le documentaire et les documents associ\u00e9s sont accessibles sur un site Internet d\u00e9di\u00e9 :\u00a0<a href=\"http:\/\/lesinternets.arte.tv\/42\/\" target=\"_blank\">http:\/\/lesinternets.arte.tv\/42\/<\/a><\/p>\n<p>Comme l&#8217;indique le <a href=\"https:\/\/fr.wikipedia.org\/wiki\/La_Grande_Question_sur_la_vie,_l'univers_et_le_reste\" target=\"_blank\">42<\/a> dans l&#8217;adresse web, ce documentaire est la r\u00e9ponse que vous attendiez&#8230; Il vous racontera via ses acteurs l&#8217;histoire de l&#8217;Internet et vous donnera probablement l&#8217;envie de poursuivre l&#8217;histoire.<\/p>\n<p>Indispensable !<\/p>\n<p><a href=\"http:\/\/lesinternets.arte.tv\/42\/\"><img data-recalc-dims=\"1\" loading=\"lazy\" decoding=\"async\" data-attachment-id=\"1595\" data-permalink=\"https:\/\/blog-alexis.monville.com\/en\/2013\/06\/04\/les-internets\/capture-decran-2013-06-04-a-22-27-56\/\" data-orig-file=\"https:\/\/i0.wp.com\/blog-alexis.monville.com\/en\/wp-content\/uploads\/sites\/2\/2013\/06\/Capture-d%E2%80%99%C3%A9cran-2013-06-04-%C3%A0-22.27.56.png?fit=965%2C678&amp;ssl=1\" data-orig-size=\"965,678\" data-comments-opened=\"1\" data-image-meta=\"{&quot;aperture&quot;:&quot;0&quot;,&quot;credit&quot;:&quot;&quot;,&quot;camera&quot;:&quot;&quot;,&quot;caption&quot;:&quot;&quot;,&quot;created_timestamp&quot;:&quot;0&quot;,&quot;copyright&quot;:&quot;&quot;,&quot;focal_length&quot;:&quot;0&quot;,&quot;iso&quot;:&quot;0&quot;,&quot;shutter_speed&quot;:&quot;0&quot;,&quot;title&quot;:&quot;&quot;}\" data-image-title=\"Capture d\u2019\u00e9cran 2013-06-04 \u00e0 22.27.56\" data-image-description=\"\" data-image-caption=\"\" data-large-file=\"https:\/\/i0.wp.com\/blog-alexis.monville.com\/en\/wp-content\/uploads\/sites\/2\/2013\/06\/Capture-d%E2%80%99%C3%A9cran-2013-06-04-%C3%A0-22.27.56.png?fit=965%2C678&amp;ssl=1\" class=\"aligncenter size-medium wp-image-1595\" alt=\"Capture d\u2019\u00e9cran 2013-06-04 \u00e0 22.27.56\" src=\"https:\/\/i0.wp.com\/blog-alexis.monville.com\/wp-content\/uploads\/sites\/2\/2013\/06\/Capture-d%E2%80%99%C3%A9cran-2013-06-04-%C3%A0-22.27.56-300x210.png?resize=300%2C210&#038;ssl=1\" width=\"300\" height=\"210\" srcset=\"https:\/\/i0.wp.com\/blog-alexis.monville.com\/en\/wp-content\/uploads\/sites\/2\/2013\/06\/Capture-d%E2%80%99%C3%A9cran-2013-06-04-%C3%A0-22.27.56.png?resize=300%2C210&amp;ssl=1 300w, https:\/\/i0.wp.com\/blog-alexis.monville.com\/en\/wp-content\/uploads\/sites\/2\/2013\/06\/Capture-d%E2%80%99%C3%A9cran-2013-06-04-%C3%A0-22.27.56.png?w=965&amp;ssl=1 965w\" sizes=\"auto, (max-width: 300px) 100vw, 300px\" \/><\/a><\/p>\n","protected":false},"excerpt":{"rendered":"<p>Une contre-histoire de l&#8217;Internet est un documentaire de Jean-Marc Manach (@manhack) et Julien Goetz (@juliengoetz) r\u00e9alis\u00e9 par Sylvain Berg\u00e8re et\u00a0Co-produit par ARTE et Premi\u00e8res Lignes T\u00e9l\u00e9vision. Le documentaire et les documents associ\u00e9s sont accessibles sur un site Internet d\u00e9di\u00e9 :\u00a0http:\/\/lesinternets.arte.tv\/42\/ Comme l&#8217;indique le 42 dans l&#8217;adresse web, ce documentaire est la r\u00e9ponse que vous attendiez&#8230; [&hellip;]<\/p>\n","protected":false},"author":1,"featured_media":1594,"comment_status":"open","ping_status":"open","sticky":false,"template":"","format":"standard","meta":{"advanced_seo_description":"","jetpack_seo_html_title":"","jetpack_seo_noindex":false,"jetpack_post_was_ever_published":false,"_jetpack_newsletter_access":"","_jetpack_dont_email_post_to_subs":false,"_jetpack_newsletter_tier_id":0,"_jetpack_memberships_contains_paywalled_content":false,"_jetpack_memberships_contains_paid_content":false,"footnotes":""},"categories":[1],"tags":[],"class_list":["post-1593","post","type-post","status-publish","format-standard","has-post-thumbnail","hentry","category-all"],"jetpack_featured_media_url":"https:\/\/i0.wp.com\/blog-alexis.monville.com\/en\/wp-content\/uploads\/sites\/2\/2013\/06\/contribs-logo-small.png?fit=80%2C101&ssl=1","jetpack_shortlink":"https:\/\/wp.me\/paNjQG-pH","jetpack-related-posts":[{"id":1073,"url":"https:\/\/blog-alexis.monville.com\/en\/2011\/02\/22\/pret-a-jeter\/","url_meta":{"origin":1593,"position":0},"title":"Pr\u00eat \u00e0 jeter","author":"Alexis","date":"February 22, 2011","format":false,"excerpt":"L'histoire de l'obsolescence programm\u00e9... un documentaire \u00e0 regarder sur Arte : Pr\u00eat \u00e0 jeter Surpris de voir qu'une ampoule install\u00e9e au d\u00e9but du 20 \u00e8me si\u00e8cle est toujours allum\u00e9e aujourd'hui... et de constater que le premier produit cible de l'obsolescence programm\u00e9 \u00e9tait l'ampoule incandescente fix\u00e9e \u00e0 1000 heures. Des produits\u2026","rel":"","context":"In &quot;General&quot;","block_context":{"text":"General","link":"https:\/\/blog-alexis.monville.com\/en\/category\/all\/"},"img":{"alt_text":"","src":"","width":0,"height":0},"classes":[]},{"id":558,"url":"https:\/\/blog-alexis.monville.com\/en\/2009\/05\/21\/consultation-publique-sur-linternet-du-futur\/","url_meta":{"origin":1593,"position":1},"title":"Consultation publique sur l&#8217;Internet du futur","author":"Alexis","date":"May 21, 2009","format":false,"excerpt":"Assez surprenant cette consultation... Consultation publique sur l\u2019Internet du futur Internet a r\u00e9volutionn\u00e9 tous les secteurs de nos soci\u00e9t\u00e9s, notre mani\u00e8re de communiquer, de nous informer, de nous divertir, de consommer et m\u00eame d\u2019interagir socialement. L\u2019\u00e9volution ou la red\u00e9finition de l\u2019Internet permettront le d\u00e9veloppement de nouveaux services et usages et\u2026","rel":"","context":"In &quot;Explorateurs&quot;","block_context":{"text":"Explorateurs","link":"https:\/\/blog-alexis.monville.com\/en\/category\/explorateurs\/"},"img":{"alt_text":"Internet du futur","src":"https:\/\/i0.wp.com\/www.telecom.gouv.fr\/IMG\/arton2105.jpg?resize=350%2C200","width":350,"height":200},"classes":[]},{"id":1661,"url":"https:\/\/blog-alexis.monville.com\/en\/2013\/10\/16\/le-bonheur-au-travail\/","url_meta":{"origin":1593,"position":2},"title":"Le Bonheur au Travail","author":"Alexis","date":"October 16, 2013","format":false,"excerpt":"Devenez producteur du film documentaire \"Le Bonheur au Travail\" ! Ce documentaire donne la parole aux employ\u00e9s des entreprises lib\u00e9r\u00e9es de la hi\u00e9rarchie et de la bureaucratie. Des exemples qui pourront servir de source d'inspiration \u00e0 ceux qui veulent trouver (ou retrouver) le bonheur au travail. A vous de jouer\u2026","rel":"","context":"In &quot;General&quot;","block_context":{"text":"General","link":"https:\/\/blog-alexis.monville.com\/en\/category\/all\/"},"img":{"alt_text":"","src":"https:\/\/i0.wp.com\/blog-alexis.monville.com\/en\/wp-content\/uploads\/sites\/2\/2013\/10\/bonheur-travail.png?fit=376%2C266&ssl=1&resize=350%2C200","width":350,"height":200},"classes":[]},{"id":1651,"url":"https:\/\/blog-alexis.monville.com\/en\/2013\/09\/28\/quand-la-liberte-des-salaries-fait-le-succes-des-entreprises\/","url_meta":{"origin":1593,"position":3},"title":"Quand la libert\u00e9 des salari\u00e9s fait le succ\u00e8s des entreprises","author":"Alexis","date":"September 28, 2013","format":false,"excerpt":"Le titre de cet article reprend le sous-titre du livre d'Isaac Getz et de Brian M. Carney, Libert\u00e9 & Cie. Ce livre explore les modes de fonctionnement d'une quinzaine d'entreprises \"lib\u00e9r\u00e9es\" (comme Harley-Davidson, WL Gore ou FAVI). Qu'est-ce qu'une entreprise lib\u00e9r\u00e9e ? Une entreprise ou on ne dit pas aux\u2026","rel":"","context":"In &quot;livre&quot;","block_context":{"text":"livre","link":"https:\/\/blog-alexis.monville.com\/en\/category\/livre\/"},"img":{"alt_text":"LiberteCie","src":"https:\/\/i0.wp.com\/blog-alexis.monville.com\/wp-content\/uploads\/sites\/2\/2013\/09\/LiberteCie.jpg?resize=350%2C200&ssl=1","width":350,"height":200},"classes":[]},{"id":1527,"url":"https:\/\/blog-alexis.monville.com\/en\/2013\/03\/27\/programmez-linternet-pour-vous\/","url_meta":{"origin":1593,"position":4},"title":"Programmez l&#8217;Internet pour vous !","author":"Alexis","date":"March 27, 2013","format":false,"excerpt":"Connaissez-vous IFTTT ? IFTTT est un service en ligne vous permettant de d\u00e9clencher des actions si une condition se r\u00e9alise. IFTTT signifie If That Then That. Prenons un exemple, vous souhaitez recevoir un mail lorsque un nouvel article est publi\u00e9 sur le blog d'une personne ? Faisons cela pas \u00e0\u2026","rel":"","context":"In &quot;General&quot;","block_context":{"text":"General","link":"https:\/\/blog-alexis.monville.com\/en\/category\/all\/"},"img":{"alt_text":"Capture d\u2019\u00e9cran 2013-03-26 \u00e0 09.10.58","src":"https:\/\/i0.wp.com\/blog-alexis.monville.com\/wp-content\/uploads\/sites\/2\/2013\/03\/Capture-d%E2%80%99%C3%A9cran-2013-03-26-%C3%A0-09.10.58-300x121.png?resize=350%2C200&ssl=1","width":350,"height":200},"classes":[]},{"id":302,"url":"https:\/\/blog-alexis.monville.com\/en\/2008\/12\/28\/ted-kevin-kelly-5000-prochains-jours-internet\/","url_meta":{"origin":1593,"position":5},"title":"Les 5000 prochains jours de l&#8217;Internet","author":"Alexis","date":"December 28, 2008","format":false,"excerpt":"A la recherche d'une photographie pour Un Jour Une \u0152uvre, je suis tomb\u00e9 sur les photographies de Trey Ratcliff. Une illustre cet article, une autre est sur Un Jour Une \u0152uvre ce 28 d\u00e9cembre. Trey avait mis en sous-titre de sa photo sur flickr.com, une r\u00e9f\u00e9rence a une conf\u00e9rence qu'a\u2026","rel":"","context":"In &quot;Explorateurs&quot;","block_context":{"text":"Explorateurs","link":"https:\/\/blog-alexis.monville.com\/en\/category\/explorateurs\/"},"img":{"alt_text":"","src":"https:\/\/i0.wp.com\/farm4.static.flickr.com\/3294\/3078802485_b665eb38f4_m.jpg?resize=350%2C200","width":350,"height":200},"classes":[]}],"jetpack_sharing_enabled":true,"_links":{"self":[{"href":"https:\/\/blog-alexis.monville.com\/en\/wp-json\/wp\/v2\/posts\/1593","targetHints":{"allow":["GET"]}}],"collection":[{"href":"https:\/\/blog-alexis.monville.com\/en\/wp-json\/wp\/v2\/posts"}],"about":[{"href":"https:\/\/blog-alexis.monville.com\/en\/wp-json\/wp\/v2\/types\/post"}],"author":[{"embeddable":true,"href":"https:\/\/blog-alexis.monville.com\/en\/wp-json\/wp\/v2\/users\/1"}],"replies":[{"embeddable":true,"href":"https:\/\/blog-alexis.monville.com\/en\/wp-json\/wp\/v2\/comments?post=1593"}],"version-history":[{"count":3,"href":"https:\/\/blog-alexis.monville.com\/en\/wp-json\/wp\/v2\/posts\/1593\/revisions"}],"predecessor-version":[{"id":1597,"href":"https:\/\/blog-alexis.monville.com\/en\/wp-json\/wp\/v2\/posts\/1593\/revisions\/1597"}],"wp:featuredmedia":[{"embeddable":true,"href":"https:\/\/blog-alexis.monville.com\/en\/wp-json\/wp\/v2\/media\/1594"}],"wp:attachment":[{"href":"https:\/\/blog-alexis.monville.com\/en\/wp-json\/wp\/v2\/media?parent=1593"}],"wp:term":[{"taxonomy":"category","embeddable":true,"href":"https:\/\/blog-alexis.monville.com\/en\/wp-json\/wp\/v2\/categories?post=1593"},{"taxonomy":"post_tag","embeddable":true,"href":"https:\/\/blog-alexis.monville.com\/en\/wp-json\/wp\/v2\/tags?post=1593"}],"curies":[{"name":"wp","href":"https:\/\/api.w.org\/{rel}","templated":true}]}}