{"id":1559,"date":"2013-04-01T10:05:25","date_gmt":"2013-04-01T08:05:25","guid":{"rendered":"https:\/\/blog-alexis.monville.com\/?p=1559"},"modified":"2013-04-21T11:30:32","modified_gmt":"2013-04-21T09:30:32","slug":"festivals","status":"publish","type":"post","link":"https:\/\/blog-alexis.monville.com\/en\/2013\/04\/01\/festivals\/","title":{"rendered":"Festivals"},"content":{"rendered":"<p><a href=\"https:\/\/i0.wp.com\/blog-alexis.monville.com\/wp-content\/uploads\/sites\/2\/2013\/03\/imgres.jpeg?ssl=1\"><img data-recalc-dims=\"1\" loading=\"lazy\" decoding=\"async\" data-attachment-id=\"1561\" data-permalink=\"https:\/\/blog-alexis.monville.com\/en\/2013\/04\/01\/festivals\/imgres\/\" data-orig-file=\"https:\/\/i0.wp.com\/blog-alexis.monville.com\/en\/wp-content\/uploads\/sites\/2\/2013\/03\/imgres.jpeg?fit=96%2C95&amp;ssl=1\" data-orig-size=\"96,95\" data-comments-opened=\"1\" data-image-meta=\"{&quot;aperture&quot;:&quot;0&quot;,&quot;credit&quot;:&quot;&quot;,&quot;camera&quot;:&quot;&quot;,&quot;caption&quot;:&quot;&quot;,&quot;created_timestamp&quot;:&quot;0&quot;,&quot;copyright&quot;:&quot;&quot;,&quot;focal_length&quot;:&quot;0&quot;,&quot;iso&quot;:&quot;0&quot;,&quot;shutter_speed&quot;:&quot;0&quot;,&quot;title&quot;:&quot;&quot;,&quot;orientation&quot;:&quot;0&quot;}\" data-image-title=\"imgres\" data-image-description=\"\" data-image-caption=\"\" data-large-file=\"https:\/\/i0.wp.com\/blog-alexis.monville.com\/en\/wp-content\/uploads\/sites\/2\/2013\/03\/imgres.jpeg?fit=96%2C95&amp;ssl=1\" class=\"alignleft size-full wp-image-1561\" alt=\"imgres\" src=\"https:\/\/i0.wp.com\/blog-alexis.monville.com\/wp-content\/uploads\/sites\/2\/2013\/03\/imgres.jpeg?resize=96%2C95&#038;ssl=1\" width=\"96\" height=\"95\" \/><\/a>La Grande Jonction \u00e9tait un des \u00e9v\u00e9nements de la semaine digitale organis\u00e9e \u00e0 Bordeaux. Une des tables rondes accueillait\u00a0Herb Kim, fondateur et pr\u00e9sident de <a href=\"http:\/\/www.thinkingdigital.co.uk\/\" target=\"_blank\">Thinking Digital<\/a>\u00a0et curateur de plusieurs <a href=\"http:\/\/www.ted.com\/tedx\" target=\"_blank\">TEDx<\/a> dans le nord de\u00a0l&#8217;Angleterre, Kitty Leering, directrice de <a href=\"http:\/\/www.picnicnetwork.org\/\" target=\"_blank\">PicNic<\/a> et St\u00e9phane Distinguin, pr\u00e9sident du p\u00f4le de comp\u00e9titivit\u00e9 <a href=\"http:\/\/www.capdigital.com\/\" target=\"_blank\">Cap Digital<\/a> organisateur de <a href=\"http:\/\/www.futur-en-seine.fr\/\" target=\"_blank\">Futur en Seine<\/a>.<\/p>\n<p>La vision de ces organisateurs de festivals est convergente, au del\u00e0 de la difficult\u00e9 de mesure de l&#8217;efficacit\u00e9, ils envisagent cela comme un pont entre des professionnels &#8220;invisibles&#8221; car petits et r\u00e9partis sur le territoire et le grand public qui pourrait b\u00e9n\u00e9ficier d&#8217;innovation dans le futur.<\/p>\n<p>J&#8217;ai particuli\u00e8rement appr\u00e9ci\u00e9 les id\u00e9es pour faire participer le public au programme, en laissant des organisateurs pr\u00e9parer des \u00e9v\u00e9nemnts Off dans lequel l&#8217;organisateur principal n&#8217;intervient pas sur la programmation, mais dont il fait la promotion. C&#8217;est le cas du <a href=\"http:\/\/www.picnicnetwork.org\/offpicnic\" target=\"_blank\">Off de Picnic<\/a> ou de\u00a0<a href=\"http:\/\/www.passageenseine.org\/Passage\/pses-2013\" target=\"_blank\">Pas Sage en Seine<\/a> pour Futur en Seine (dont l&#8217;\u00e9dition 2013 se d\u00e9roulera du 13 au 23 juin 2013).<\/p>\n<p>Lorsque l&#8217;un des intervenants \u00e0 \u00e9voqu\u00e9 SXSW comme l&#8217;exemple de festivals, les autres ont approuv\u00e9s en hochant la t\u00eate, pour aller jeter un oeil avant de prendre votre billet pour Austin, c&#8217;est ici : <a href=\"http:\/\/sxsw.com\/\" target=\"_blank\">The South by Southwest (SXSW)<\/a>.<\/p>\n<p>Vous pouvez \u00e9galement consulter les<a href=\"http:\/\/citedigitale.bordeaux.fr\/retour-sur-la-grande-jonction.html#.UVckeVucEsp\" target=\"_blank\"> interviews en vid\u00e9os des participants \u00e0 la table-ronde<\/a>\u00a0dans cet article.<\/p>\n","protected":false},"excerpt":{"rendered":"<p>La Grande Jonction \u00e9tait un des \u00e9v\u00e9nements de la semaine digitale organis\u00e9e \u00e0 Bordeaux. Une des tables rondes accueillait\u00a0Herb Kim, fondateur et pr\u00e9sident de Thinking Digital\u00a0et curateur de plusieurs TEDx dans le nord de\u00a0l&#8217;Angleterre, Kitty Leering, directrice de PicNic et St\u00e9phane Distinguin, pr\u00e9sident du p\u00f4le de comp\u00e9titivit\u00e9 Cap Digital organisateur de Futur en Seine. La [&hellip;]<\/p>\n","protected":false},"author":1,"featured_media":1561,"comment_status":"open","ping_status":"open","sticky":false,"template":"","format":"standard","meta":{"advanced_seo_description":"","jetpack_seo_html_title":"","jetpack_seo_noindex":false,"jetpack_post_was_ever_published":false,"_jetpack_newsletter_access":"","_jetpack_dont_email_post_to_subs":false,"_jetpack_newsletter_tier_id":0,"_jetpack_memberships_contains_paywalled_content":false,"_jetpack_memberships_contains_paid_content":false,"footnotes":""},"categories":[1],"tags":[446],"class_list":["post-1559","post","type-post","status-publish","format-standard","has-post-thumbnail","hentry","category-all","tag-tedx"],"jetpack_featured_media_url":"https:\/\/i0.wp.com\/blog-alexis.monville.com\/en\/wp-content\/uploads\/sites\/2\/2013\/03\/imgres.jpeg?fit=96%2C95&ssl=1","jetpack_shortlink":"https:\/\/wp.me\/paNjQG-p9","jetpack-related-posts":[{"id":1079,"url":"https:\/\/blog-alexis.monville.com\/en\/2011\/03\/29\/tedxalger\/","url_meta":{"origin":1559,"position":0},"title":"TEDxAlger","author":"Alexis","date":"March 29, 2011","format":false,"excerpt":"Le 9 avril se tiendra \u00e0 Alger le premier \u00e9v\u00e9nement TEDx d'Algerie, le TEDxAlger. Fadhila Brahimi (Personal Branding) est le premier intervenant annonc\u00e9 pour cette \u00e9dition. L'organisation a propos\u00e9 un concours dont le but est de d\u00e9couvrir les intervenants et permettant de gagner sa participation \u00e0 l'\u00e9v\u00e9nement. Ce premier TEDx\u2026","rel":"","context":"In &quot;International&quot;","block_context":{"text":"International","link":"https:\/\/blog-alexis.monville.com\/en\/category\/international\/"},"img":{"alt_text":"","src":"https:\/\/i0.wp.com\/www.tedxalger.com\/templates\/gk_yourshop\/images\/style2\/logo.png?resize=350%2C200","width":350,"height":200},"classes":[]},{"id":585,"url":"https:\/\/blog-alexis.monville.com\/en\/2009\/06\/02\/tedx-paris\/","url_meta":{"origin":1559,"position":1},"title":"TEDx Paris","author":"Alexis","date":"June 2, 2009","format":false,"excerpt":"L'\u00e9dition pilote des TEDx Paris s'est d\u00e9roul\u00e9e le 28 mai 2009 \u00e0 La Cantine. Je vous invite bien sur \u00e0 d\u00e9couvrir la version originale en regardant par exemple Richard St-John parler des 8 secrets du succ\u00e8s ou Hans Rossling d\u00e9voiler des statistiques extraordinaires. Un projet de traduction vient de commencer\u2026","rel":"","context":"In &quot;Explorateurs&quot;","block_context":{"text":"Explorateurs","link":"https:\/\/blog-alexis.monville.com\/en\/category\/explorateurs\/"},"img":{"alt_text":"","src":"https:\/\/i0.wp.com\/tedxparis.com\/sites\/default\/files\/zen_classic_logo.jpg?resize=350%2C200","width":350,"height":200},"classes":[]},{"id":899,"url":"https:\/\/blog-alexis.monville.com\/en\/2010\/09\/18\/ereputationcamp2\/","url_meta":{"origin":1559,"position":2},"title":"eReputationCamp2","author":"Alexis","date":"September 18, 2010","format":false,"excerpt":"Ce samedi 19 septembre 2010 se tenait la deuxi\u00e8me \u00e9dition du barcamp d\u00e9di\u00e9 \u00e0 la r\u00e9putation num\u00e9rique (ereputation). Une belle \u00e9dition dans un lieu - La Cartonnerie - tr\u00e8s agr\u00e9able. Les rapporteurs sont en train de publier leurs compte-rendus des diff\u00e9rentes sessions. Il y avait aussi des \u00e9tudiants qui tournaient\u2026","rel":"","context":"In &quot;Explorateurs&quot;","block_context":{"text":"Explorateurs","link":"https:\/\/blog-alexis.monville.com\/en\/category\/explorateurs\/"},"img":{"alt_text":"","src":"https:\/\/i0.wp.com\/www.e-reputation.tv\/wp-content\/themes\/wplazytimetheme\/images\/logo.jpg?resize=350%2C200","width":350,"height":200},"classes":[]},{"id":1110,"url":"https:\/\/blog-alexis.monville.com\/en\/2011\/06\/04\/tedxbordeaux-3\/","url_meta":{"origin":1559,"position":3},"title":"TEDxBordeaux","author":"Alexis","date":"June 4, 2011","format":false,"excerpt":"ENSEMBLE... \u00a0 La journ\u00e9e du 28 mai 2011 est pass\u00e9e. Plusieurs mois de pr\u00e9paration pour une \u00e9quipe b\u00e9n\u00e9vole r\u00e9compens\u00e9s par les nombreux sourires et f\u00e9licitations de la part des participants et des intervenants. \u00a0 Les vid\u00e9os et les photos commencent a \u00eatre publi\u00e9es ce qui permettra \u00e0 ceux qui n'ont\u2026","rel":"","context":"In &quot;General&quot;","block_context":{"text":"General","link":"https:\/\/blog-alexis.monville.com\/en\/category\/all\/"},"img":{"alt_text":"","src":"https:\/\/i0.wp.com\/blog-alexis.monville.com\/wp-content\/uploads\/sites\/2\/2011\/06\/tedxbordeaux.jpg?resize=350%2C200&ssl=1","width":350,"height":200},"classes":[]},{"id":1166,"url":"https:\/\/blog-alexis.monville.com\/en\/2011\/09\/03\/tedxbordeaux-4\/","url_meta":{"origin":1559,"position":4},"title":"TEDxBordeaux","author":"Alexis","date":"September 3, 2011","format":false,"excerpt":"Ce vendredi 2 septembre 2011, nous avons c\u00e9l\u00e9br\u00e9 avec une partie de l'\u00e9quipe, le succ\u00e9s de l'\u00e9dition 2011 de TEDxBordeaux. Une soir\u00e9e bien sympathique, au cours de laquelle nous avons regard\u00e9 en arri\u00e8re, partag\u00e9 quelques souvenirs, regard\u00e9 les compteurs de vid\u00e9os visionn\u00e9es sur Youtube (plus de 10 000 vid\u00e9os regard\u00e9es\u2026","rel":"","context":"In &quot;Interventions&quot;","block_context":{"text":"Interventions","link":"https:\/\/blog-alexis.monville.com\/en\/category\/interventions\/"},"img":{"alt_text":"","src":"https:\/\/i0.wp.com\/farm4.static.flickr.com\/3497\/5794066015_f3c653763d.jpg?resize=350%2C200","width":350,"height":200},"classes":[]},{"id":1514,"url":"https:\/\/blog-alexis.monville.com\/en\/2013\/03\/23\/revenu-de-base\/","url_meta":{"origin":1559,"position":5},"title":"Revenu de Base","author":"Alexis","date":"March 23, 2013","format":false,"excerpt":"Une Initiative Citoyenne Europ\u00e9enne pour le Revenu de base inconditionnel a \u00e9t\u00e9 lanc\u00e9 le 14 janvier 2013.\u00a0Si elle remporte 1 million de signature dans moins d'un, alors la Commission Europ\u00e9enne devra \u00e9tudier en profondeur l'initiative au Parlement en auditionnant le comit\u00e9 des citoyens organisateurs. J'ai d\u00e9j\u00e0 abord\u00e9 ici et ici\u2026","rel":"","context":"In &quot;General&quot;","block_context":{"text":"General","link":"https:\/\/blog-alexis.monville.com\/en\/category\/all\/"},"img":{"alt_text":"cropped-cropped-logo-eci-ubi-eifbi-e1360146062209","src":"https:\/\/i0.wp.com\/blog-alexis.monville.com\/wp-content\/uploads\/sites\/2\/2013\/03\/cropped-cropped-logo-eci-ubi-eifbi-e1360146062209.jpg?resize=350%2C200&ssl=1","width":350,"height":200},"classes":[]}],"jetpack_sharing_enabled":true,"_links":{"self":[{"href":"https:\/\/blog-alexis.monville.com\/en\/wp-json\/wp\/v2\/posts\/1559","targetHints":{"allow":["GET"]}}],"collection":[{"href":"https:\/\/blog-alexis.monville.com\/en\/wp-json\/wp\/v2\/posts"}],"about":[{"href":"https:\/\/blog-alexis.monville.com\/en\/wp-json\/wp\/v2\/types\/post"}],"author":[{"embeddable":true,"href":"https:\/\/blog-alexis.monville.com\/en\/wp-json\/wp\/v2\/users\/1"}],"replies":[{"embeddable":true,"href":"https:\/\/blog-alexis.monville.com\/en\/wp-json\/wp\/v2\/comments?post=1559"}],"version-history":[{"count":2,"href":"https:\/\/blog-alexis.monville.com\/en\/wp-json\/wp\/v2\/posts\/1559\/revisions"}],"predecessor-version":[{"id":1574,"href":"https:\/\/blog-alexis.monville.com\/en\/wp-json\/wp\/v2\/posts\/1559\/revisions\/1574"}],"wp:featuredmedia":[{"embeddable":true,"href":"https:\/\/blog-alexis.monville.com\/en\/wp-json\/wp\/v2\/media\/1561"}],"wp:attachment":[{"href":"https:\/\/blog-alexis.monville.com\/en\/wp-json\/wp\/v2\/media?parent=1559"}],"wp:term":[{"taxonomy":"category","embeddable":true,"href":"https:\/\/blog-alexis.monville.com\/en\/wp-json\/wp\/v2\/categories?post=1559"},{"taxonomy":"post_tag","embeddable":true,"href":"https:\/\/blog-alexis.monville.com\/en\/wp-json\/wp\/v2\/tags?post=1559"}],"curies":[{"name":"wp","href":"https:\/\/api.w.org\/{rel}","templated":true}]}}