{"id":1535,"date":"2013-03-27T15:30:44","date_gmt":"2013-03-27T14:30:44","guid":{"rendered":"https:\/\/blog-alexis.monville.com\/?p=1535"},"modified":"2013-04-01T21:25:56","modified_gmt":"2013-04-01T19:25:56","slug":"42-une-nouvelle-ecole","status":"publish","type":"post","link":"https:\/\/blog-alexis.monville.com\/en\/2013\/03\/27\/42-une-nouvelle-ecole\/","title":{"rendered":"42, une nouvelle \u00e9cole"},"content":{"rendered":"<p><a href=\"http:\/\/www.42.fr\/\"><img data-recalc-dims=\"1\" loading=\"lazy\" decoding=\"async\" data-attachment-id=\"1536\" data-permalink=\"https:\/\/blog-alexis.monville.com\/en\/2013\/03\/27\/42-une-nouvelle-ecole\/logo42-site\/\" data-orig-file=\"https:\/\/i0.wp.com\/blog-alexis.monville.com\/en\/wp-content\/uploads\/sites\/2\/2013\/03\/logo42-site.gif?fit=103%2C210&amp;ssl=1\" data-orig-size=\"103,210\" data-comments-opened=\"1\" data-image-meta=\"{&quot;aperture&quot;:&quot;0&quot;,&quot;credit&quot;:&quot;&quot;,&quot;camera&quot;:&quot;&quot;,&quot;caption&quot;:&quot;&quot;,&quot;created_timestamp&quot;:&quot;0&quot;,&quot;copyright&quot;:&quot;&quot;,&quot;focal_length&quot;:&quot;0&quot;,&quot;iso&quot;:&quot;0&quot;,&quot;shutter_speed&quot;:&quot;0&quot;,&quot;title&quot;:&quot;&quot;,&quot;orientation&quot;:&quot;0&quot;}\" data-image-title=\"logo42-site\" data-image-description=\"\" data-image-caption=\"\" data-large-file=\"https:\/\/i0.wp.com\/blog-alexis.monville.com\/en\/wp-content\/uploads\/sites\/2\/2013\/03\/logo42-site.gif?fit=103%2C210&amp;ssl=1\" class=\"size-full wp-image-1536 alignleft\" alt=\"logo42-site\" src=\"https:\/\/i0.wp.com\/blog-alexis.monville.com\/wp-content\/uploads\/sites\/2\/2013\/03\/logo42-site.gif?resize=103%2C210&#038;ssl=1\" width=\"103\" height=\"210\" \/><\/a>Cela fait des ann\u00e9es que j&#8217;entends parler des difficult\u00e9s de recrutement des entreprises. Je participe \u00e9galement \u00e0 cela, c&#8217;est vrai. Aujourd&#8217;hui, vient d&#8217;\u00eatre annonc\u00e9 la cr\u00e9ation d&#8217;une nouvelle \u00e9cole d&#8217;informatique, priv\u00e9e et gratuite, financ\u00e9e par des entrepreneurs ayant des besoins de recrutement. (\u00e0 moins que ce ne soit financ\u00e9 par 1 entrepreneur, puisque l&#8217;on parle beaucoup de Xavier Niel).<\/p>\n<p>Il est bien sur trop t\u00f4t pour connaitre le r\u00e9sultat de cette aventure. Mais il est probable que cela bouscule l&#8217;enseignement et le recrutement dans l&#8217;informatique dans les ann\u00e9es \u00e0 venir. Et peut-\u00eatre m\u00eame dans tous les domaines de l&#8217;\u00e9ducation.<\/p>\n<p>Une d\u00e9ception, ou plut\u00f4t une inqui\u00e9tude, sur les photos des superbes locaux, on voit beaucoup de mat\u00e9riel Apple, j&#8217;esp\u00e8re que l&#8217;on parlera logiciel libre, que l&#8217;on apprendra \u00e0 contribuer \u00e0 des logiciels libres dans cette \u00e9cole.<\/p>\n<p>A suivre donc !<\/p>\n<p>&nbsp;<\/p>\n<p>Le site de l&#8217;\u00e9cole : <a href=\"http:\/\/www.42.fr\/\" target=\"_blank\">http:\/\/www.42.fr\/\u00a0<\/a><\/p>\n","protected":false},"excerpt":{"rendered":"<p>Cela fait des ann\u00e9es que j&#8217;entends parler des difficult\u00e9s de recrutement des entreprises. Je participe \u00e9galement \u00e0 cela, c&#8217;est vrai. Aujourd&#8217;hui, vient d&#8217;\u00eatre annonc\u00e9 la cr\u00e9ation d&#8217;une nouvelle \u00e9cole d&#8217;informatique, priv\u00e9e et gratuite, financ\u00e9e par des entrepreneurs ayant des besoins de recrutement. (\u00e0 moins que ce ne soit financ\u00e9 par 1 entrepreneur, puisque l&#8217;on parle [&hellip;]<\/p>\n","protected":false},"author":1,"featured_media":1536,"comment_status":"open","ping_status":"open","sticky":false,"template":"","format":"standard","meta":{"advanced_seo_description":"","jetpack_seo_html_title":"","jetpack_seo_noindex":false,"jetpack_post_was_ever_published":false,"_jetpack_newsletter_access":"","_jetpack_dont_email_post_to_subs":false,"_jetpack_newsletter_tier_id":0,"_jetpack_memberships_contains_paywalled_content":false,"_jetpack_memberships_contains_paid_content":false,"footnotes":""},"categories":[1],"tags":[],"class_list":["post-1535","post","type-post","status-publish","format-standard","has-post-thumbnail","hentry","category-all"],"jetpack_featured_media_url":"https:\/\/i0.wp.com\/blog-alexis.monville.com\/en\/wp-content\/uploads\/sites\/2\/2013\/03\/logo42-site.gif?fit=103%2C210&ssl=1","jetpack_shortlink":"https:\/\/wp.me\/paNjQG-oL","jetpack-related-posts":[{"id":1491,"url":"https:\/\/blog-alexis.monville.com\/en\/2012\/12\/07\/libre-vs-privateur\/","url_meta":{"origin":1535,"position":0},"title":"Libre vs Privateur","author":"Alexis","date":"December 7, 2012","format":false,"excerpt":"Un titre en guise de clin d'oeil \u00e0 mes amis les Gnus (http:\/\/www.gnu.org)\u00a0! Beaucoup auraient dit \"Libre VS Propri\u00e9taire\", mais cette formulation impropre n'aurait probablement pas \u00e9t\u00e9 plus explicite. De quoi parlons-nous dans cette conversation avec Nick Barcet\u00a0? Nous parlons de la comparaison entre logiciel libre et logiciel privateur en\u2026","rel":"","context":"In &quot;General&quot;","block_context":{"text":"General","link":"https:\/\/blog-alexis.monville.com\/en\/category\/all\/"},"img":{"alt_text":"","src":"https:\/\/i0.wp.com\/blog-alexis.monville.com\/en\/wp-content\/uploads\/sites\/2\/2012\/12\/bulle-dialogue.png?fit=400%2C400&ssl=1&resize=350%2C200","width":350,"height":200},"classes":[]},{"id":66,"url":"https:\/\/blog-alexis.monville.com\/en\/2007\/05\/27\/pour-un-%c2%ab-summer-of-code-%c2%bb-a-la-francaise\/","url_meta":{"origin":1535,"position":1},"title":"Pour un \u00ab Summer of Code \u00bb \u00e0 la fran\u00e7aise","author":"Alexis","date":"May 27, 2007","format":false,"excerpt":"Google organise pour la troisi\u00e8me ann\u00e9e cons\u00e9cutive, le Google Summer of Code. Le succ\u00e8s de l'\u00e9v\u00e8nement ne se d\u00e9ment pas : 600 participants pour cette ann\u00e9e 2007. Le principe est simple, des organisations proposant des \u00e9volutions de logiciels libres sont candidates pour devenir tuteurs, suite \u00e0 cela des \u00e9tudiants se\u2026","rel":"","context":"In &quot;General&quot;","block_context":{"text":"General","link":"https:\/\/blog-alexis.monville.com\/en\/category\/all\/"},"img":{"alt_text":"","src":"","width":0,"height":0},"classes":[]},{"id":1990,"url":"https:\/\/blog-alexis.monville.com\/en\/2015\/01\/20\/lannee-du-bonheur\/","url_meta":{"origin":1535,"position":2},"title":"L&#8217;ann\u00e9e du bonheur","author":"Alexis","date":"January 20, 2015","format":false,"excerpt":"Nous sommes au d\u00e9but d\u2019une nouvelle ann\u00e9e, la p\u00e9riode ou l\u2019on se souhaite une bonne et heureuse ann\u00e9e, la p\u00e9riode ou l'on prend de (nouvelles) bonnes r\u00e9solutions... Et si cette r\u00e9flexion dans le choix de vos r\u00e9solutions vous conduisait \u00e0 choisir d'\u00eatre heureux ? Je vous souhaite d\u2019\u00eatre heureux bien\u2026","rel":"","context":"In &quot;livre&quot;","block_context":{"text":"livre","link":"https:\/\/blog-alexis.monville.com\/en\/category\/livre\/"},"img":{"alt_text":"HowofHappiness-cover","src":"https:\/\/i0.wp.com\/blog-alexis.monville.com\/wp-content\/uploads\/sites\/2\/2015\/01\/HowofHappiness-cover.jpg?resize=350%2C200&ssl=1","width":350,"height":200},"classes":[]},{"id":1959,"url":"https:\/\/blog-alexis.monville.com\/en\/2014\/11\/03\/1500-developpeurs-dans-mon-equipe\/","url_meta":{"origin":1535,"position":3},"title":"1500 d\u00e9veloppeurs dans mon \u00e9quipe","author":"Alexis","date":"November 3, 2014","format":false,"excerpt":"1500 d\u00e9veloppeurs dans mon \u00e9quipe est le titre de la session que j'ai eu le plaisir de donner lors de l'\u00e9dition 2014 l'AgileTour \u00e0 Bordeaux. J\u2019apprends l\u2019agile depuis d\u00e9j\u00e0 longtemps en pratiquant et en partageant les valeurs, principes et pratiques avec des clients et d\u2019autres pratiquants. Et c\u2019est peut-\u00eatre depuis\u2026","rel":"","context":"In &quot;Interventions&quot;","block_context":{"text":"Interventions","link":"https:\/\/blog-alexis.monville.com\/en\/category\/interventions\/"},"img":{"alt_text":"","src":"https:\/\/i0.wp.com\/blog-alexis.monville.com\/en\/wp-content\/uploads\/sites\/2\/2014\/11\/10764298026_500cb62d05_k.jpg?fit=1200%2C800&ssl=1&resize=350%2C200","width":350,"height":200,"srcset":"https:\/\/i0.wp.com\/blog-alexis.monville.com\/en\/wp-content\/uploads\/sites\/2\/2014\/11\/10764298026_500cb62d05_k.jpg?fit=1200%2C800&ssl=1&resize=350%2C200 1x, https:\/\/i0.wp.com\/blog-alexis.monville.com\/en\/wp-content\/uploads\/sites\/2\/2014\/11\/10764298026_500cb62d05_k.jpg?fit=1200%2C800&ssl=1&resize=525%2C300 1.5x, https:\/\/i0.wp.com\/blog-alexis.monville.com\/en\/wp-content\/uploads\/sites\/2\/2014\/11\/10764298026_500cb62d05_k.jpg?fit=1200%2C800&ssl=1&resize=700%2C400 2x, https:\/\/i0.wp.com\/blog-alexis.monville.com\/en\/wp-content\/uploads\/sites\/2\/2014\/11\/10764298026_500cb62d05_k.jpg?fit=1200%2C800&ssl=1&resize=1050%2C600 3x"},"classes":[]},{"id":742,"url":"https:\/\/blog-alexis.monville.com\/en\/2010\/02\/02\/ladministration-et-le-libre\/","url_meta":{"origin":1535,"position":4},"title":"L&#8217;administration et le libre","author":"Alexis","date":"February 2, 2010","format":false,"excerpt":"La conf\u00e9rence sur l'administration et le libre se tiendra le mercredi 17 mars de 9h00-12h30 (Salle Rubis) dans le cadre du salon solutions linux. La France est parmi les pays europ\u00e9ens celui qui utilise et d\u00e9veloppe le plus les logiciels libres pour les besoins de service public. En continuit\u00e9 des\u2026","rel":"","context":"In &quot;Interventions&quot;","block_context":{"text":"Interventions","link":"https:\/\/blog-alexis.monville.com\/en\/category\/interventions\/"},"img":{"alt_text":"","src":"https:\/\/i0.wp.com\/www.solutionslinux.fr\/linux\/images\/logo.gif?resize=350%2C200","width":350,"height":200},"classes":[]},{"id":63,"url":"https:\/\/blog-alexis.monville.com\/en\/2007\/05\/11\/la-philosophie-toyota-modele-du-logiciel-libre\/","url_meta":{"origin":1535,"position":5},"title":"La philosophie Toyota, mod\u00e8le du logiciel libre ?","author":"Alexis","date":"May 11, 2007","format":false,"excerpt":"Le plus grand constructeur automobile mondial est \u00e0 pr\u00e9sent Toyota, et ce petit \u00e9v\u00e9nement \u00e0 provoqu\u00e9 une avalanche d'articles sur leur approche : la \u00ab Toyota Way \u00bb. Approche enseign\u00e9e dans les centres de formation de l'entreprise, comme depuis 1998, l'universit\u00e9 Toyota de Californie, qui forme les employ\u00e9s du groupe\u2026","rel":"","context":"In &quot;General&quot;","block_context":{"text":"General","link":"https:\/\/blog-alexis.monville.com\/en\/category\/all\/"},"img":{"alt_text":"","src":"","width":0,"height":0},"classes":[]}],"jetpack_sharing_enabled":true,"_links":{"self":[{"href":"https:\/\/blog-alexis.monville.com\/en\/wp-json\/wp\/v2\/posts\/1535","targetHints":{"allow":["GET"]}}],"collection":[{"href":"https:\/\/blog-alexis.monville.com\/en\/wp-json\/wp\/v2\/posts"}],"about":[{"href":"https:\/\/blog-alexis.monville.com\/en\/wp-json\/wp\/v2\/types\/post"}],"author":[{"embeddable":true,"href":"https:\/\/blog-alexis.monville.com\/en\/wp-json\/wp\/v2\/users\/1"}],"replies":[{"embeddable":true,"href":"https:\/\/blog-alexis.monville.com\/en\/wp-json\/wp\/v2\/comments?post=1535"}],"version-history":[{"count":4,"href":"https:\/\/blog-alexis.monville.com\/en\/wp-json\/wp\/v2\/posts\/1535\/revisions"}],"predecessor-version":[{"id":1539,"href":"https:\/\/blog-alexis.monville.com\/en\/wp-json\/wp\/v2\/posts\/1535\/revisions\/1539"}],"wp:featuredmedia":[{"embeddable":true,"href":"https:\/\/blog-alexis.monville.com\/en\/wp-json\/wp\/v2\/media\/1536"}],"wp:attachment":[{"href":"https:\/\/blog-alexis.monville.com\/en\/wp-json\/wp\/v2\/media?parent=1535"}],"wp:term":[{"taxonomy":"category","embeddable":true,"href":"https:\/\/blog-alexis.monville.com\/en\/wp-json\/wp\/v2\/categories?post=1535"},{"taxonomy":"post_tag","embeddable":true,"href":"https:\/\/blog-alexis.monville.com\/en\/wp-json\/wp\/v2\/tags?post=1535"}],"curies":[{"name":"wp","href":"https:\/\/api.w.org\/{rel}","templated":true}]}}