{"id":1491,"date":"2012-12-07T12:22:24","date_gmt":"2012-12-07T11:22:24","guid":{"rendered":"https:\/\/blog-alexis.monville.com\/?p=1491"},"modified":"2014-01-08T22:13:48","modified_gmt":"2014-01-08T21:13:48","slug":"libre-vs-privateur","status":"publish","type":"post","link":"https:\/\/blog-alexis.monville.com\/en\/2012\/12\/07\/libre-vs-privateur\/","title":{"rendered":"Libre vs Privateur"},"content":{"rendered":"<p><iframe loading=\"lazy\" src=\"http:\/\/player.vimeo.com\/video\/55086989?title=0&amp;byline=0&amp;portrait=0&amp;badge=0\" width=\"600\" height=\"450\" frameborder=\"0\" webkitAllowFullScreen mozallowfullscreen allowFullScreen><\/iframe><\/p>\n<p>Un titre en guise de clin d&#8217;oeil \u00e0 mes amis les Gnus (<a href=\"http:\/\/www.gnu.org\/\">http:\/\/www.gnu.org<\/a>)\u00a0! Beaucoup auraient dit &#8220;Libre VS Propri\u00e9taire&#8221;, mais cette formulation impropre n&#8217;aurait probablement pas \u00e9t\u00e9 plus explicite.<\/p>\n<h2>De quoi parlons-nous dans cette conversation<br \/>\navec <a href=\"#note1\"><strong>Nick Barcet<\/strong><\/a>\u00a0?<\/h2>\n<p>Nous parlons de la comparaison entre logiciel libre et logiciel privateur en terme de nombres de fonctionnalit\u00e9s disponibles. Si l&#8217;on observe la p\u00e9riode de 1990 \u00e0 2010, on peut dire que les fonctionnalit\u00e9s qui apparaissent en logiciel libre sont majoritairement du rattrapage par rapport \u00e0 des fonctionnalit\u00e9s existantes ou se cr\u00e9ant en logiciel propri\u00e9taire.<\/p>\n<p>Le point de bascule survient en 2010, o\u00f9 la majorit\u00e9 des innovations dans le domaine logiciel, apparaissent dans le logiciel libre (comme Hadoop (<a href=\"http:\/\/fr.wikipedia.org\/wiki\/Hadoop\">http:\/\/fr.wikipedia.org\/wiki\/Hadoop<\/a>) ou Openstack (<a href=\"http:\/\/fr.wikipedia.org\/wiki\/OpenStack\">http:\/\/fr.wikipedia.org\/wiki\/OpenStack<\/a>) par exemple). La tendance est alors invers\u00e9e et l&#8217;on voit des soci\u00e9t\u00e9s \u00e9ditants des logiciels privateurs essayer de s&#8217;accrocher aux innovations provenants des logiciels libres.<\/p>\n<h2>Et plus loin ?<\/h2>\n<p>Le mod\u00e8le d&#8217;innovation ouverte du logiciel libre ayant d\u00e9montr\u00e9 son efficacit\u00e9, on est tent\u00e9 d&#8217;annoncer le d\u00e9crochage du logiciel privateur et sa progressive disparition, que nous fixons pour des raisons plus esth\u00e9tiques qu&#8217;autres choses \u00e0 2030 sur ce sch\u00e9ma\u2026<\/p>\n<p>J&#8217;avoue publier cela avec un sourire aux l\u00e8vres\u2026 Et j&#8217;aimerais bien savoir ce que vous en pensez, peut-\u00eatre pour voir si il serait int\u00e9ressant de continuer !<\/p>\n<p>&nbsp;<\/p>\n<p>&nbsp;<\/p>\n<p><em><a name=\"note1\"><\/a>1<br \/>\nNick Barcet est un acteur important du logiciel libre, il vient de rejoindre eNovance (<\/em><a href=\"http:\/\/www.enovance.com\/\"><em>http:\/\/www.enovance.com\/<\/em><\/a><em>) apr\u00e8s avoir \u00e9t\u00e9 pendant 5 ans responsable du produit Ubuntu Cloud chez Canonical.<\/em><\/p>\n","protected":false},"excerpt":{"rendered":"<p>Un titre en guise de clin d&#8217;oeil \u00e0 mes amis les Gnus (http:\/\/www.gnu.org)\u00a0! Beaucoup auraient dit &#8220;Libre VS Propri\u00e9taire&#8221;, mais cette formulation impropre n&#8217;aurait probablement pas \u00e9t\u00e9 plus explicite. De quoi parlons-nous dans cette conversation avec Nick Barcet\u00a0? Nous parlons de la comparaison entre logiciel libre et logiciel privateur en terme de nombres de fonctionnalit\u00e9s [&hellip;]<\/p>\n","protected":false},"author":1,"featured_media":1497,"comment_status":"open","ping_status":"open","sticky":false,"template":"","format":"standard","meta":{"advanced_seo_description":"","jetpack_seo_html_title":"","jetpack_seo_noindex":false,"jetpack_post_was_ever_published":false,"_jetpack_newsletter_access":"","_jetpack_dont_email_post_to_subs":false,"_jetpack_newsletter_tier_id":0,"_jetpack_memberships_contains_paywalled_content":false,"_jetpack_memberships_contains_paid_content":false,"footnotes":""},"categories":[1],"tags":[236,276],"class_list":["post-1491","post","type-post","status-publish","format-standard","has-post-thumbnail","hentry","category-all","tag-innovation","tag-logiciel-libre"],"jetpack_featured_media_url":"https:\/\/i0.wp.com\/blog-alexis.monville.com\/en\/wp-content\/uploads\/sites\/2\/2012\/12\/bulle-dialogue.png?fit=400%2C400&ssl=1","jetpack_shortlink":"https:\/\/wp.me\/paNjQG-o3","jetpack-related-posts":[{"id":1627,"url":"https:\/\/blog-alexis.monville.com\/en\/2013\/07\/03\/mind-map\/","url_meta":{"origin":1491,"position":0},"title":"Mind Map","author":"Alexis","date":"July 3, 2013","format":false,"excerpt":"MindMup est un outil permettant de faire du mind mapping en ligne. Le logiciel est sous licence libre et les avertissements de service sont rassurants. A essayer et adopter \u00e0 cette adresse :\u00a0http:\/\/www.mindmup.com\/ Consulter le blog de MindMup pour en savoir plus, pour proposer de nouvelles fonctionnalit\u00e9s :\u00a0http:\/\/blog.mindmup.com\/ Les MindMap\u2026","rel":"","context":"In &quot;General&quot;","block_context":{"text":"General","link":"https:\/\/blog-alexis.monville.com\/en\/category\/all\/"},"img":{"alt_text":"Mindmup_logo_blue_spider256px","src":"https:\/\/i0.wp.com\/blog-alexis.monville.com\/wp-content\/uploads\/sites\/2\/2013\/07\/Mindmup_logo_blue_spider256px.png?resize=350%2C200&ssl=1","width":350,"height":200},"classes":[]},{"id":948,"url":"https:\/\/blog-alexis.monville.com\/en\/2010\/11\/15\/logiciels-libres-a-partager-sans-compter\/","url_meta":{"origin":1491,"position":1},"title":"Logiciels libres \u00e0 partager sans compter !","author":"Alexis","date":"November 15, 2010","format":false,"excerpt":"Cette affiche est le support d'une nouvelle campagne en faveur du logiciel libre dans l'\u00e9ducation. Bravo \u00e0 l'auteur, Antoine Bardelli ! Faites passer ! L'affiche est disponible en de nombreux formats pour impression ou web. En bas \u00e0 droite, les logos de l'April et de Framasoft que vous pouvez (devez\u2026","rel":"","context":"In &quot;General&quot;","block_context":{"text":"General","link":"https:\/\/blog-alexis.monville.com\/en\/category\/all\/"},"img":{"alt_text":"","src":"https:\/\/i0.wp.com\/blog-alexis.monville.com\/files\/2010\/11\/logiciel_libre_a_partager-212x300.png?resize=350%2C200&ssl=1","width":350,"height":200},"classes":[]},{"id":871,"url":"https:\/\/blog-alexis.monville.com\/en\/2010\/07\/29\/logiciels-libres\/","url_meta":{"origin":1491,"position":2},"title":"Logiciels libres","author":"Alexis","date":"July 29, 2010","format":false,"excerpt":"Le site africain d'information et de communication StarAfrica.com propose \u00e0 pr\u00e9sent une s\u00e9lection de logiciels libres \u00e0 t\u00e9l\u00e9charger. Cette s\u00e9lection a \u00e9t\u00e9 r\u00e9alis\u00e9e par l'APRIL Association pour la promotion et la d\u00e9fense des logiciels libres dans le cadre de son projet de Catalogue Libre. En r\u00e9utilisant ce travail StarAfrica.com contribue\u2026","rel":"","context":"In &quot;General&quot;","block_context":{"text":"General","link":"https:\/\/blog-alexis.monville.com\/en\/category\/all\/"},"img":{"alt_text":"","src":"https:\/\/i0.wp.com\/blog-alexis.monville.com\/wp-content\/uploads\/sites\/2\/2010\/07\/starafrica-logiciel-libre.jpg?resize=350%2C200&ssl=1","width":350,"height":200},"classes":[]},{"id":65,"url":"https:\/\/blog-alexis.monville.com\/en\/2007\/05\/23\/journee-d%e2%80%99etude-mediadix\/","url_meta":{"origin":1491,"position":3},"title":"Journ\u00e9e d\u2019\u00e9tude Mediadix","author":"Alexis","date":"May 23, 2007","format":false,"excerpt":"Dans le cadre de la journ\u00e9e d'\u00e9tude organis\u00e9e par Mediadix : \"Mettre en ligne des documents num\u00e9ris\u00e9s: besoins et choix logiciels\", j'ai introduit la table ronde \"logiciels libres et logiciels propri\u00e9taires\" avec une pr\u00e9sentation de l'utilisation des logiciels libres dans la modernisation de l'Etat. Les participants \u00e0 cette table ronde\u2026","rel":"","context":"In &quot;Interventions&quot;","block_context":{"text":"Interventions","link":"https:\/\/blog-alexis.monville.com\/en\/category\/interventions\/"},"img":{"alt_text":"","src":"","width":0,"height":0},"classes":[]},{"id":874,"url":"https:\/\/blog-alexis.monville.com\/en\/2010\/08\/01\/la-revolution-du-logiciel-libre\/","url_meta":{"origin":1491,"position":4},"title":"La r\u00e9volution du logiciel libre","author":"Alexis","date":"August 1, 2010","format":false,"excerpt":"Richard Stallman et la r\u00e9volution du logiciel, une biographie autoris\u00e9e, par\u00a0Sam Williams, Richard Stallman et Christophe Masutti \u00e0 l'origine du projet de traduction. La construction de l'ouvrage \u00e0 deux voix est tr\u00e8s int\u00e9ressante, le point de vue de Sam Williams est en effet pond\u00e9r\u00e9 tout le long de l'ouvrage par\u2026","rel":"","context":"In &quot;General&quot;","block_context":{"text":"General","link":"https:\/\/blog-alexis.monville.com\/en\/category\/all\/"},"img":{"alt_text":"","src":"https:\/\/i0.wp.com\/www.framabook.org\/images\/framabook6-stallman-medium.jpg?resize=350%2C200","width":350,"height":200},"classes":[]},{"id":643,"url":"https:\/\/blog-alexis.monville.com\/en\/2009\/09\/02\/le-facteur-humain-coeur-de-lindustrie-du-logiciel-libre\/","url_meta":{"origin":1491,"position":5},"title":"Le facteur humain&#8230; coeur de l&#8217;Industrie du logiciel libre","author":"Alexis","date":"September 2, 2009","format":false,"excerpt":"Paris, le 2 octobre 2009, dans le cadre du forum mondial du libre (Open World Forum) se tiendra la conf\u00e9rence : \"Le facteur humain... coeur de l'Industrie du logiciel libre.\" Comment la dimension humaine collaborative et le mode de croissance organique du Logiciel Libre peuvent transformer en profondeur le monde\u2026","rel":"","context":"In &quot;ayeba&quot;","block_context":{"text":"ayeba","link":"https:\/\/blog-alexis.monville.com\/en\/category\/ayeba\/"},"img":{"alt_text":"OWF 2009","src":"http:\/\/openworldforum.org\/owf\/portal\/contact\/OWF_200x216.jpg\/image_preview","width":350,"height":200},"classes":[]}],"jetpack_sharing_enabled":true,"_links":{"self":[{"href":"https:\/\/blog-alexis.monville.com\/en\/wp-json\/wp\/v2\/posts\/1491","targetHints":{"allow":["GET"]}}],"collection":[{"href":"https:\/\/blog-alexis.monville.com\/en\/wp-json\/wp\/v2\/posts"}],"about":[{"href":"https:\/\/blog-alexis.monville.com\/en\/wp-json\/wp\/v2\/types\/post"}],"author":[{"embeddable":true,"href":"https:\/\/blog-alexis.monville.com\/en\/wp-json\/wp\/v2\/users\/1"}],"replies":[{"embeddable":true,"href":"https:\/\/blog-alexis.monville.com\/en\/wp-json\/wp\/v2\/comments?post=1491"}],"version-history":[{"count":9,"href":"https:\/\/blog-alexis.monville.com\/en\/wp-json\/wp\/v2\/posts\/1491\/revisions"}],"predecessor-version":[{"id":1698,"href":"https:\/\/blog-alexis.monville.com\/en\/wp-json\/wp\/v2\/posts\/1491\/revisions\/1698"}],"wp:featuredmedia":[{"embeddable":true,"href":"https:\/\/blog-alexis.monville.com\/en\/wp-json\/wp\/v2\/media\/1497"}],"wp:attachment":[{"href":"https:\/\/blog-alexis.monville.com\/en\/wp-json\/wp\/v2\/media?parent=1491"}],"wp:term":[{"taxonomy":"category","embeddable":true,"href":"https:\/\/blog-alexis.monville.com\/en\/wp-json\/wp\/v2\/categories?post=1491"},{"taxonomy":"post_tag","embeddable":true,"href":"https:\/\/blog-alexis.monville.com\/en\/wp-json\/wp\/v2\/tags?post=1491"}],"curies":[{"name":"wp","href":"https:\/\/api.w.org\/{rel}","templated":true}]}}