{"id":1486,"date":"2012-12-03T19:04:50","date_gmt":"2012-12-03T18:04:50","guid":{"rendered":"https:\/\/blog-alexis.monville.com\/?p=1486"},"modified":"2014-01-08T22:13:58","modified_gmt":"2014-01-08T21:13:58","slug":"le-libre-au-secours-du-gouvernement","status":"publish","type":"post","link":"https:\/\/blog-alexis.monville.com\/en\/2012\/12\/03\/le-libre-au-secours-du-gouvernement\/","title":{"rendered":"Le libre au secours du gouvernement ?"},"content":{"rendered":"<p><iframe loading=\"lazy\" src=\"http:\/\/embed.ted.com\/talks\/lang\/fr\/clay_shirky_how_the_internet_will_one_day_transform_government.html\" width=\"560\" height=\"315\" frameborder=\"0\" scrolling=\"no\" webkitAllowFullScreen mozallowfullscreen allowFullScreen><\/iframe><br \/>\nUn ami m&#8217;a transmis vendredi un article de <a title=\"Faire la loi, ensemble ?\" href=\"http:\/\/www.internetactu.net\/2012\/10\/23\/faire-la-loi-ensemble\/\" target=\"_blank\">Hubert Guillaud (InternetActu)<\/a> utilisant l&#8217;intervention de Clay Shirky \u00e0 TED Global en 2012 : &#8220;Comment internet transformera un jour le gouvernement&#8221;.<\/p>\n<p>Je ne r\u00e9sume pas les propos de l&#8217;article que je vous incite \u00e0 lire, ni ceux de la vid\u00e9o, que je vous incite \u00e0 regarder&#8230;<\/p>\n<p>J&#8217;ajoute juste un pointeur vers le syst\u00e8me imagin\u00e9 par <a href=\"http:\/\/paigrain.debatpublic.net\/\" target=\"_blank\">Philippe Aigrain<\/a> et son \u00e9quipe pour favoriser le d\u00e9bat public : <a href=\"http:\/\/www.co-ment.com\/\" target=\"_blank\">co-ment<\/a>. Nous n&#8217;\u00e9crirons peut-\u00eatre pas une nouvelle version du code des imp\u00f4ts cette ann\u00e9e&#8230; Mais je suis convaincu que cela pourra \u00eatre utile pour s&#8217;accorder sur la formulation d&#8217;un texte&#8230;<\/p>\n<p>&nbsp;<\/p>\n","protected":false},"excerpt":{"rendered":"<p>Un ami m&#8217;a transmis vendredi un article de Hubert Guillaud (InternetActu) utilisant l&#8217;intervention de Clay Shirky \u00e0 TED Global en 2012 : &#8220;Comment internet transformera un jour le gouvernement&#8221;. Je ne r\u00e9sume pas les propos de l&#8217;article que je vous incite \u00e0 lire, ni ceux de la vid\u00e9o, que je vous incite \u00e0 regarder&#8230; J&#8217;ajoute [&hellip;]<\/p>\n","protected":false},"author":1,"featured_media":0,"comment_status":"open","ping_status":"open","sticky":false,"template":"","format":"standard","meta":{"advanced_seo_description":"","jetpack_seo_html_title":"","jetpack_seo_noindex":false,"jetpack_post_was_ever_published":false,"_jetpack_newsletter_access":"","_jetpack_dont_email_post_to_subs":false,"_jetpack_newsletter_tier_id":0,"_jetpack_memberships_contains_paywalled_content":false,"_jetpack_memberships_contains_paid_content":false,"footnotes":""},"categories":[1],"tags":[276],"class_list":["post-1486","post","type-post","status-publish","format-standard","hentry","category-all","tag-logiciel-libre"],"jetpack_featured_media_url":"","jetpack_shortlink":"https:\/\/wp.me\/paNjQG-nY","jetpack-related-posts":[{"id":1801,"url":"https:\/\/blog-alexis.monville.com\/en\/2014\/03\/07\/soutenez-le-developpement-du-logiciel-libre\/","url_meta":{"origin":1486,"position":0},"title":"Soutenez le d\u00e9veloppement du logiciel libre","author":"Alexis","date":"March 7, 2014","format":false,"excerpt":"En lisant ce billet, vous pouvez \u00eatre dans plusieurs situations : Vous connaissez le logiciel libre, vous en utilisez, et vous ne voyez pas pourquoi il est n\u00e9cessaire de le soutenir, Vous connaissez le logiciel libre, mais ne voyez pas pourquoi il est n\u00e9cessaire d'agir pour le promouvoir et parfois\u2026","rel":"","context":"In &quot;General&quot;","block_context":{"text":"General","link":"https:\/\/blog-alexis.monville.com\/en\/category\/all\/"},"img":{"alt_text":"Priorit\u00e9 au Logiciel Libre! Je soutiens l'April.","src":"https:\/\/i0.wp.com\/april.org\/campagne\/images\/priorite-logiciel-libre-je-soutiens-april_p.png?resize=350%2C200","width":350,"height":200},"classes":[]},{"id":1519,"url":"https:\/\/blog-alexis.monville.com\/en\/2013\/03\/25\/materiel-libre\/","url_meta":{"origin":1486,"position":1},"title":"Mat\u00e9riel libre","author":"Alexis","date":"March 25, 2013","format":false,"excerpt":"Cela fait plusieurs mois que j'ai en chantier un article dans lequel je voulais aborder plusieurs aspects du mat\u00e9riel libre. Si aujourd'hui, je me sens un peu press\u00e9 par le temps, c'est que je voulais terminer l'article par une invitation \u00e0 vous faire participer \u00e0 un \u00e9v\u00e9nement pr\u00e8s de chez\u2026","rel":"","context":"In &quot;General&quot;","block_context":{"text":"General","link":"https:\/\/blog-alexis.monville.com\/en\/category\/all\/"},"img":{"alt_text":"","src":"https:\/\/i0.wp.com\/blog-alexis.monville.com\/en\/wp-content\/uploads\/sites\/2\/2013\/03\/arduino_due_in_hand.jpg?fit=410%2C410&ssl=1&resize=350%2C200","width":350,"height":200},"classes":[]},{"id":856,"url":"https:\/\/blog-alexis.monville.com\/en\/2010\/06\/27\/droit-dauteur-equitable\/","url_meta":{"origin":1486,"position":2},"title":"Droit d&#8217;auteur \u00e9quitable","author":"Alexis","date":"June 27, 2010","format":false,"excerpt":"Les \u00e9tudiants canadiens ont produit cette vid\u00e9o d'information pour d\u00e9fendre un droit d'auteur \u00e9quitable. Cette excellente vid\u00e9o est reprise dans un article de Numerama. ACTA peut-\u00eatre un tr\u00e8s bon sujet de vid\u00e9os bien sur, et d'actions surtout, \u00e0 lire le communiqu\u00e9 de presse suite \u00e0 une rencontre entre les repr\u00e9sentants\u2026","rel":"","context":"In &quot;General&quot;","block_context":{"text":"General","link":"https:\/\/blog-alexis.monville.com\/en\/category\/all\/"},"img":{"alt_text":"","src":"https:\/\/i0.wp.com\/blog-alexis.monville.com\/wp-content\/uploads\/sites\/2\/2010\/06\/droit-auteur-equitable.jpg?resize=350%2C200&ssl=1","width":350,"height":200},"classes":[]},{"id":666,"url":"https:\/\/blog-alexis.monville.com\/en\/2009\/10\/17\/appel-a-communication-pour-solutions-linux-2010\/","url_meta":{"origin":1486,"position":3},"title":"Appel \u00e0 communication pour Solutions Linux 2010","author":"Alexis","date":"October 17, 2009","format":false,"excerpt":"Une conf\u00e9rence gratuite \"L'administration et le libre\" est propos\u00e9e lors de la prochaine \u00e9dition du salon Solutions Linux qui se d\u00e9roulera du 16 au 18 mars 2010. L'appel \u00e0 communication est publi\u00e9 et vous avez jusqu'au 6 novembre pour proposer vos interventions Pour en savoir plus vous pouvez consulter les\u2026","rel":"","context":"In &quot;International&quot;","block_context":{"text":"International","link":"https:\/\/blog-alexis.monville.com\/en\/category\/international\/"},"img":{"alt_text":"image001","src":"https:\/\/i0.wp.com\/blog-alexis.monville.com\/wp-content\/uploads\/sites\/2\/2009\/10\/image001.jpg?resize=350%2C200&ssl=1","width":350,"height":200},"classes":[]},{"id":1540,"url":"https:\/\/blog-alexis.monville.com\/en\/2013\/03\/28\/coworking-la-mutinerie\/","url_meta":{"origin":1486,"position":4},"title":"Coworking @ La Mutinerie","author":"Alexis","date":"March 28, 2013","format":false,"excerpt":"J'ai d\u00e9couvert La Mutinerie \u00e0 l'occasion du 3\u00e8me Meetup Openstack qui y \u00e9tait organis\u00e9. Il est bien sur difficile de se faire une opinion objective sur un espace de coworking juste lorsque l'on participe \u00e0 un \u00e9v\u00e9nement. Mais je souhaitais partager mes premi\u00e8res impressions. L'espace est agr\u00e9able et je m'y\u2026","rel":"","context":"In &quot;General&quot;","block_context":{"text":"General","link":"https:\/\/blog-alexis.monville.com\/en\/category\/all\/"},"img":{"alt_text":"","src":"https:\/\/i0.wp.com\/blog-alexis.monville.com\/en\/wp-content\/uploads\/sites\/2\/2013\/03\/2013-03-19-18.54.50-scaled.jpg?fit=1200%2C900&ssl=1&resize=350%2C200","width":350,"height":200,"srcset":"https:\/\/i0.wp.com\/blog-alexis.monville.com\/en\/wp-content\/uploads\/sites\/2\/2013\/03\/2013-03-19-18.54.50-scaled.jpg?fit=1200%2C900&ssl=1&resize=350%2C200 1x, https:\/\/i0.wp.com\/blog-alexis.monville.com\/en\/wp-content\/uploads\/sites\/2\/2013\/03\/2013-03-19-18.54.50-scaled.jpg?fit=1200%2C900&ssl=1&resize=525%2C300 1.5x, https:\/\/i0.wp.com\/blog-alexis.monville.com\/en\/wp-content\/uploads\/sites\/2\/2013\/03\/2013-03-19-18.54.50-scaled.jpg?fit=1200%2C900&ssl=1&resize=700%2C400 2x, https:\/\/i0.wp.com\/blog-alexis.monville.com\/en\/wp-content\/uploads\/sites\/2\/2013\/03\/2013-03-19-18.54.50-scaled.jpg?fit=1200%2C900&ssl=1&resize=1050%2C600 3x"},"classes":[]},{"id":1507,"url":"https:\/\/blog-alexis.monville.com\/en\/2013\/02\/01\/tyrannie-de-la-couleur\/","url_meta":{"origin":1486,"position":5},"title":"Tyrannie de la couleur","author":"Alexis","date":"February 1, 2013","format":false,"excerpt":"Cette fois c'est fait ! Il est maintenant officiellement trop tard pour que je puisse \u00e9crire un article pour vous souhaiter une excellente ann\u00e9e 2013... Mais voil\u00e0, je transgresse et vous souhaite une ann\u00e9e 2013 remplie de sant\u00e9 et de bonheur. La tyrannie de l'arc-en-ciel, est un des livres que\u2026","rel":"","context":"In &quot;General&quot;","block_context":{"text":"General","link":"https:\/\/blog-alexis.monville.com\/en\/category\/all\/"},"img":{"alt_text":"tyrannie-couleur","src":"https:\/\/i0.wp.com\/blog-alexis.monville.com\/wp-content\/uploads\/sites\/2\/2013\/02\/tyrannie-couleur.jpg?resize=350%2C200&ssl=1","width":350,"height":200},"classes":[]}],"jetpack_sharing_enabled":true,"_links":{"self":[{"href":"https:\/\/blog-alexis.monville.com\/en\/wp-json\/wp\/v2\/posts\/1486","targetHints":{"allow":["GET"]}}],"collection":[{"href":"https:\/\/blog-alexis.monville.com\/en\/wp-json\/wp\/v2\/posts"}],"about":[{"href":"https:\/\/blog-alexis.monville.com\/en\/wp-json\/wp\/v2\/types\/post"}],"author":[{"embeddable":true,"href":"https:\/\/blog-alexis.monville.com\/en\/wp-json\/wp\/v2\/users\/1"}],"replies":[{"embeddable":true,"href":"https:\/\/blog-alexis.monville.com\/en\/wp-json\/wp\/v2\/comments?post=1486"}],"version-history":[{"count":5,"href":"https:\/\/blog-alexis.monville.com\/en\/wp-json\/wp\/v2\/posts\/1486\/revisions"}],"predecessor-version":[{"id":1699,"href":"https:\/\/blog-alexis.monville.com\/en\/wp-json\/wp\/v2\/posts\/1486\/revisions\/1699"}],"wp:attachment":[{"href":"https:\/\/blog-alexis.monville.com\/en\/wp-json\/wp\/v2\/media?parent=1486"}],"wp:term":[{"taxonomy":"category","embeddable":true,"href":"https:\/\/blog-alexis.monville.com\/en\/wp-json\/wp\/v2\/categories?post=1486"},{"taxonomy":"post_tag","embeddable":true,"href":"https:\/\/blog-alexis.monville.com\/en\/wp-json\/wp\/v2\/tags?post=1486"}],"curies":[{"name":"wp","href":"https:\/\/api.w.org\/{rel}","templated":true}]}}