{"id":1473,"date":"2012-09-13T01:07:21","date_gmt":"2012-09-12T23:07:21","guid":{"rendered":"https:\/\/blog-alexis.monville.com\/?p=1473"},"modified":"2014-01-08T22:14:06","modified_gmt":"2014-01-08T21:14:06","slug":"tedxbordeaux-2012","status":"publish","type":"post","link":"https:\/\/blog-alexis.monville.com\/en\/2012\/09\/13\/tedxbordeaux-2012\/","title":{"rendered":"TEDxBordeaux 2012"},"content":{"rendered":"<p><a href=\"https:\/\/i0.wp.com\/blog-alexis.monville.com\/wp-content\/uploads\/sites\/2\/2011\/10\/TEDxBordeaux_Blanc.png?ssl=1\"><img data-recalc-dims=\"1\" loading=\"lazy\" decoding=\"async\" data-attachment-id=\"1199\" data-permalink=\"https:\/\/blog-alexis.monville.com\/en\/2012\/09\/13\/tedxbordeaux-2012\/tedxbordeaux_blanc-2\/\" data-orig-file=\"https:\/\/i0.wp.com\/blog-alexis.monville.com\/en\/wp-content\/uploads\/sites\/2\/2011\/10\/TEDxBordeaux_Blanc.png?fit=400%2C183&amp;ssl=1\" data-orig-size=\"400,183\" data-comments-opened=\"1\" data-image-meta=\"{&quot;aperture&quot;:&quot;0&quot;,&quot;credit&quot;:&quot;&quot;,&quot;camera&quot;:&quot;&quot;,&quot;caption&quot;:&quot;&quot;,&quot;created_timestamp&quot;:&quot;0&quot;,&quot;copyright&quot;:&quot;&quot;,&quot;focal_length&quot;:&quot;0&quot;,&quot;iso&quot;:&quot;0&quot;,&quot;shutter_speed&quot;:&quot;0&quot;,&quot;title&quot;:&quot;&quot;}\" data-image-title=\"TEDxBordeaux_Blanc\" data-image-description=\"\" data-image-caption=\"\" data-large-file=\"https:\/\/i0.wp.com\/blog-alexis.monville.com\/en\/wp-content\/uploads\/sites\/2\/2011\/10\/TEDxBordeaux_Blanc.png?fit=400%2C183&amp;ssl=1\" class=\"alignleft size-medium wp-image-1199\" title=\"TEDxBordeaux_Blanc\" src=\"https:\/\/i0.wp.com\/blog-alexis.monville.com\/wp-content\/uploads\/sites\/2\/2011\/10\/TEDxBordeaux_Blanc-300x137.png?resize=300%2C137&#038;ssl=1\" alt=\"\" width=\"300\" height=\"137\" srcset=\"https:\/\/i0.wp.com\/blog-alexis.monville.com\/en\/wp-content\/uploads\/sites\/2\/2011\/10\/TEDxBordeaux_Blanc.png?resize=300%2C137&amp;ssl=1 300w, https:\/\/i0.wp.com\/blog-alexis.monville.com\/en\/wp-content\/uploads\/sites\/2\/2011\/10\/TEDxBordeaux_Blanc.png?w=400&amp;ssl=1 400w\" sizes=\"auto, (max-width: 300px) 100vw, 300px\" \/><\/a>La premi\u00e8re \u00e9dition de <a href=\"http:\/\/www.tedxbordeaux.com\" target=\"_blank\">TEDxBordeaux<\/a> s&#8217;est d\u00e9roul\u00e9e le 28 mai 2011. Pour toute une \u00e9quipe\u00a0cela repr\u00e9sentait l&#8217;aboutissement d&#8217;un long travail de pr\u00e9paration. Pour les participants, c&#8217;\u00e9tait une tr\u00e8s belle exp\u00e9rience (<a href=\"http:\/\/www.tedxbordeaux.com\/tedxbordeaux-2011\/\" target=\"_blank\">je vous laisse (re)d\u00e9couvrir les vid\u00e9os de cette \u00e9dition ainsi que le micro-trottoir captant les r\u00e9actions des participants<\/a>).<\/p>\n<p>Ce jour l\u00e0, j&#8217;avais eu l&#8217;occasion de raconter le d\u00e9but de l&#8217;histoire :<br \/>\n<iframe loading=\"lazy\" width=\"480\" height=\"360\" src=\"http:\/\/www.youtube.com\/embed\/yr32ck6uKzQ\" frameborder=\"0\" allowfullscreen><\/iframe><\/p>\n<p>Ce lundi 17 septembre 2012, \u00e0 9h30 au Node, je participerai avec plaisir \u00e0 la conf\u00e9rence de presse de lancement de la deuxi\u00e8me \u00e9dition de TEDxBordeaux qui se d\u00e9roulera le 1er d\u00e9cembre !<\/p>\n<p>Plus d&#8217;info ici : <a href=\"http:\/\/www.tedxbordeaux.com\/tedx-bordeaux-2012\/presse-2012\/\" target=\"_blank\">http:\/\/www.tedxbordeaux.com\/tedx-bordeaux-2012\/presse-2012\/<\/a><\/p>\n","protected":false},"excerpt":{"rendered":"<p>La premi\u00e8re \u00e9dition de TEDxBordeaux s&#8217;est d\u00e9roul\u00e9e le 28 mai 2011. Pour toute une \u00e9quipe\u00a0cela repr\u00e9sentait l&#8217;aboutissement d&#8217;un long travail de pr\u00e9paration. Pour les participants, c&#8217;\u00e9tait une tr\u00e8s belle exp\u00e9rience (je vous laisse (re)d\u00e9couvrir les vid\u00e9os de cette \u00e9dition ainsi que le micro-trottoir captant les r\u00e9actions des participants). Ce jour l\u00e0, j&#8217;avais eu l&#8217;occasion de [&hellip;]<\/p>\n","protected":false},"author":1,"featured_media":1426,"comment_status":"open","ping_status":"open","sticky":false,"template":"","format":"standard","meta":{"advanced_seo_description":"","jetpack_seo_html_title":"","jetpack_seo_noindex":false,"jetpack_post_was_ever_published":false,"_jetpack_newsletter_access":"","_jetpack_dont_email_post_to_subs":false,"_jetpack_newsletter_tier_id":0,"_jetpack_memberships_contains_paywalled_content":false,"_jetpack_memberships_contains_paid_content":false,"footnotes":""},"categories":[1],"tags":[],"class_list":["post-1473","post","type-post","status-publish","format-standard","has-post-thumbnail","hentry","category-all"],"jetpack_featured_media_url":"https:\/\/i0.wp.com\/blog-alexis.monville.com\/en\/wp-content\/uploads\/sites\/2\/2012\/04\/TEDxBordeaux_Noir_Carre.png?fit=500%2C500&ssl=1","jetpack_shortlink":"https:\/\/wp.me\/paNjQG-nL","jetpack-related-posts":[{"id":1422,"url":"https:\/\/blog-alexis.monville.com\/en\/2012\/04\/28\/tedxbordeaux-5\/","url_meta":{"origin":1473,"position":0},"title":"TEDxBordeaux","author":"Alexis","date":"April 28, 2012","format":false,"excerpt":"La deuxi\u00e8me r\u00e9union pl\u00e9ni\u00e8re de l'\u00e9quipe d'organisation de TEDxBordeaux 2012 s'est tenue hier au TnBA (Th\u00e9atre national de Bordeaux en Aquitaine). Bel enthousiasme pour la vingtaine de participants pr\u00e9sents ! Tr\u00e8s heureux de prendre part \u00e0 l'organisation cette ann\u00e9e encore ! TEDxBordeaux est organis\u00e9 cette ann\u00e9e sous la conduite de\u2026","rel":"","context":"In &quot;ayeba&quot;","block_context":{"text":"ayeba","link":"https:\/\/blog-alexis.monville.com\/en\/category\/ayeba\/"},"img":{"alt_text":"","src":"https:\/\/i0.wp.com\/blog-alexis.monville.com\/en\/wp-content\/uploads\/sites\/2\/2012\/04\/TEDxBordeaux_Noir_Carre.png?fit=500%2C500&ssl=1&resize=350%2C200","width":350,"height":200},"classes":[]},{"id":1110,"url":"https:\/\/blog-alexis.monville.com\/en\/2011\/06\/04\/tedxbordeaux-3\/","url_meta":{"origin":1473,"position":1},"title":"TEDxBordeaux","author":"Alexis","date":"June 4, 2011","format":false,"excerpt":"ENSEMBLE... \u00a0 La journ\u00e9e du 28 mai 2011 est pass\u00e9e. Plusieurs mois de pr\u00e9paration pour une \u00e9quipe b\u00e9n\u00e9vole r\u00e9compens\u00e9s par les nombreux sourires et f\u00e9licitations de la part des participants et des intervenants. \u00a0 Les vid\u00e9os et les photos commencent a \u00eatre publi\u00e9es ce qui permettra \u00e0 ceux qui n'ont\u2026","rel":"","context":"In &quot;General&quot;","block_context":{"text":"General","link":"https:\/\/blog-alexis.monville.com\/en\/category\/all\/"},"img":{"alt_text":"","src":"https:\/\/i0.wp.com\/blog-alexis.monville.com\/wp-content\/uploads\/sites\/2\/2011\/06\/tedxbordeaux.jpg?resize=350%2C200&ssl=1","width":350,"height":200},"classes":[]},{"id":1085,"url":"https:\/\/blog-alexis.monville.com\/en\/2011\/04\/13\/tedxbordeaux-2\/","url_meta":{"origin":1473,"position":2},"title":"TEDxBordeaux","author":"Alexis","date":"April 13, 2011","format":false,"excerpt":"Ceux qui suivent ce blog (merci au fait ;-) ) le savent d\u00e9j\u00e0, je contribue avec une petite \u00e9quipe b\u00e9n\u00e9vole \u00e0 faire exister le premier TEDxBordeaux. Il se d\u00e9roulera le samedi 28 mai 2011 dans l\u2019auditorium du CAPC (Mus\u00e9e d\u2019art contemporain de Bordeaux). Suivant le principe de TED et \u00e0\u2026","rel":"","context":"In &quot;Interventions&quot;","block_context":{"text":"Interventions","link":"https:\/\/blog-alexis.monville.com\/en\/category\/interventions\/"},"img":{"alt_text":"","src":"","width":0,"height":0},"classes":[]},{"id":1166,"url":"https:\/\/blog-alexis.monville.com\/en\/2011\/09\/03\/tedxbordeaux-4\/","url_meta":{"origin":1473,"position":3},"title":"TEDxBordeaux","author":"Alexis","date":"September 3, 2011","format":false,"excerpt":"Ce vendredi 2 septembre 2011, nous avons c\u00e9l\u00e9br\u00e9 avec une partie de l'\u00e9quipe, le succ\u00e9s de l'\u00e9dition 2011 de TEDxBordeaux. Une soir\u00e9e bien sympathique, au cours de laquelle nous avons regard\u00e9 en arri\u00e8re, partag\u00e9 quelques souvenirs, regard\u00e9 les compteurs de vid\u00e9os visionn\u00e9es sur Youtube (plus de 10 000 vid\u00e9os regard\u00e9es\u2026","rel":"","context":"In &quot;Interventions&quot;","block_context":{"text":"Interventions","link":"https:\/\/blog-alexis.monville.com\/en\/category\/interventions\/"},"img":{"alt_text":"","src":"https:\/\/i0.wp.com\/farm4.static.flickr.com\/3497\/5794066015_f3c653763d.jpg?resize=350%2C200","width":350,"height":200},"classes":[]},{"id":1079,"url":"https:\/\/blog-alexis.monville.com\/en\/2011\/03\/29\/tedxalger\/","url_meta":{"origin":1473,"position":4},"title":"TEDxAlger","author":"Alexis","date":"March 29, 2011","format":false,"excerpt":"Le 9 avril se tiendra \u00e0 Alger le premier \u00e9v\u00e9nement TEDx d'Algerie, le TEDxAlger. Fadhila Brahimi (Personal Branding) est le premier intervenant annonc\u00e9 pour cette \u00e9dition. L'organisation a propos\u00e9 un concours dont le but est de d\u00e9couvrir les intervenants et permettant de gagner sa participation \u00e0 l'\u00e9v\u00e9nement. Ce premier TEDx\u2026","rel":"","context":"In &quot;International&quot;","block_context":{"text":"International","link":"https:\/\/blog-alexis.monville.com\/en\/category\/international\/"},"img":{"alt_text":"","src":"https:\/\/i0.wp.com\/www.tedxalger.com\/templates\/gk_yourshop\/images\/style2\/logo.png?resize=350%2C200","width":350,"height":200},"classes":[]},{"id":1463,"url":"https:\/\/blog-alexis.monville.com\/en\/2012\/09\/07\/ale2012-quest-ce-quune-keynote\/","url_meta":{"origin":1473,"position":5},"title":"ALE2012 &#8211; qu&#8217;est-ce qu&#8217;une keynote ?","author":"Alexis","date":"September 7, 2012","format":false,"excerpt":"C'est lors d'une discussion autour d'un verre \u00e0 la sortie d'ALE que la question a \u00e9t\u00e9 abord\u00e9e. Nous partagions nos points de vue sur les Keynotes de l'\u00e9dition 2012 de la conf\u00e9rence annuelle du r\u00e9seau Agile Lean Europe (ALE Network). \"Nous\" ici ce sont Pablo, Duarte, Stephen, Oana et quelques\u2026","rel":"","context":"In &quot;General&quot;","block_context":{"text":"General","link":"https:\/\/blog-alexis.monville.com\/en\/category\/all\/"},"img":{"alt_text":"","src":"https:\/\/i0.wp.com\/blog-alexis.monville.com\/en\/wp-content\/uploads\/sites\/2\/2012\/09\/ALE2012-1-scaled.jpg?fit=1200%2C900&ssl=1&resize=350%2C200","width":350,"height":200,"srcset":"https:\/\/i0.wp.com\/blog-alexis.monville.com\/en\/wp-content\/uploads\/sites\/2\/2012\/09\/ALE2012-1-scaled.jpg?fit=1200%2C900&ssl=1&resize=350%2C200 1x, https:\/\/i0.wp.com\/blog-alexis.monville.com\/en\/wp-content\/uploads\/sites\/2\/2012\/09\/ALE2012-1-scaled.jpg?fit=1200%2C900&ssl=1&resize=525%2C300 1.5x, https:\/\/i0.wp.com\/blog-alexis.monville.com\/en\/wp-content\/uploads\/sites\/2\/2012\/09\/ALE2012-1-scaled.jpg?fit=1200%2C900&ssl=1&resize=700%2C400 2x, https:\/\/i0.wp.com\/blog-alexis.monville.com\/en\/wp-content\/uploads\/sites\/2\/2012\/09\/ALE2012-1-scaled.jpg?fit=1200%2C900&ssl=1&resize=1050%2C600 3x"},"classes":[]}],"jetpack_sharing_enabled":true,"_links":{"self":[{"href":"https:\/\/blog-alexis.monville.com\/en\/wp-json\/wp\/v2\/posts\/1473","targetHints":{"allow":["GET"]}}],"collection":[{"href":"https:\/\/blog-alexis.monville.com\/en\/wp-json\/wp\/v2\/posts"}],"about":[{"href":"https:\/\/blog-alexis.monville.com\/en\/wp-json\/wp\/v2\/types\/post"}],"author":[{"embeddable":true,"href":"https:\/\/blog-alexis.monville.com\/en\/wp-json\/wp\/v2\/users\/1"}],"replies":[{"embeddable":true,"href":"https:\/\/blog-alexis.monville.com\/en\/wp-json\/wp\/v2\/comments?post=1473"}],"version-history":[{"count":5,"href":"https:\/\/blog-alexis.monville.com\/en\/wp-json\/wp\/v2\/posts\/1473\/revisions"}],"predecessor-version":[{"id":1700,"href":"https:\/\/blog-alexis.monville.com\/en\/wp-json\/wp\/v2\/posts\/1473\/revisions\/1700"}],"wp:featuredmedia":[{"embeddable":true,"href":"https:\/\/blog-alexis.monville.com\/en\/wp-json\/wp\/v2\/media\/1426"}],"wp:attachment":[{"href":"https:\/\/blog-alexis.monville.com\/en\/wp-json\/wp\/v2\/media?parent=1473"}],"wp:term":[{"taxonomy":"category","embeddable":true,"href":"https:\/\/blog-alexis.monville.com\/en\/wp-json\/wp\/v2\/categories?post=1473"},{"taxonomy":"post_tag","embeddable":true,"href":"https:\/\/blog-alexis.monville.com\/en\/wp-json\/wp\/v2\/tags?post=1473"}],"curies":[{"name":"wp","href":"https:\/\/api.w.org\/{rel}","templated":true}]}}